{"id":6238,"date":"2022-12-02T12:04:40","date_gmt":"2022-12-02T11:04:40","guid":{"rendered":"https:\/\/kfv-mol.de\/Wordpress\/?p=6238"},"modified":"2023-01-29T15:16:09","modified_gmt":"2023-01-29T14:16:09","slug":"auszeichnung-von-cdu-landtagsfraktion","status":"publish","type":"post","link":"https:\/\/kfv-mol.de\/Wordpress\/Artikel\/auszeichnung-von-cdu-landtagsfraktion\/","title":{"rendered":"Auszeichnung von CDU-Landtagsfraktion"},"content":{"rendered":"\n<p>Am 22. November war das Pr\u00e4sidium des Landesfeuerwehrverbandes sowie Kameradinnen und Kameraden Freiwilliger Feuerwehren Brandenburgs in den Plenarsaal des Landtages eingeladen. Eingeladen hatte die CDU-Fraktion des Landtages. Der KFV MOL war mit seinem Vorsitzenden Jens G\u00f6tze und dem Altlandsberger Stadtbrandmeister Christian Markhoff vertreten.<\/p>\n\n\n\n<p>Nach den extremen Gefahrenlagen diesen Jahres, war es den Fraktionsmitgliedern ein Bed\u00fcrfnis Danke zu sagen. Denn nur durch den herausragenden Einsatz der Kameraden und Kameradinnen der Feuerwehren und des THW konnte die zur\u00fcckliegende Waldbrandsituation beherrscht, Hab und Gut vieler Brandenburger gerettet werden.<\/p>\n\n\n\n<p>F\u00fcnf Vertreterinnen und Vertreter der Feuerwehr und des Technischen Hilfswerks wurden im Rahmen des 1. Blaulichtempfangs der CDU-Fraktion mit dem Blaulichtpreis \u201eVitus\u201c ausgezeichnet. <strong>Aus MOL wurde Kameradin Angela Kopp, jahrelange Jugendfeuerwehrwartin der Freiwilligen Feuerwehr Golzow durch eine Jury daf\u00fcr ausgew\u00e4hlt.<\/strong><\/p>\n\n\n\n<figure class=\"wp-block-image size-full\"><a href=\"https:\/\/kfv-mol.de\/Wordpress\/wp-content\/uploads\/2022\/12\/7M307034.jpg\"><img decoding=\"async\" width=\"855\" height=\"570\" data-src=\"https:\/\/kfv-mol.de\/Wordpress\/wp-content\/uploads\/2022\/12\/7M307034.jpg\" alt=\"\" class=\"wp-image-6239 lazyload\" data-srcset=\"https:\/\/kfv-mol.de\/Wordpress\/wp-content\/uploads\/2022\/12\/7M307034.jpg 855w, https:\/\/kfv-mol.de\/Wordpress\/wp-content\/uploads\/2022\/12\/7M307034-300x200.jpg 300w, https:\/\/kfv-mol.de\/Wordpress\/wp-content\/uploads\/2022\/12\/7M307034-768x512.jpg 768w\" data-sizes=\"(max-width: 855px) 100vw, 855px\" src=\"data:image\/svg+xml;base64,PHN2ZyB3aWR0aD0iMSIgaGVpZ2h0PSIxIiB4bWxucz0iaHR0cDovL3d3dy53My5vcmcvMjAwMC9zdmciPjwvc3ZnPg==\" style=\"--smush-placeholder-width: 855px; --smush-placeholder-aspect-ratio: 855\/570;\" \/><\/a><\/figure>\n\n\n\n<p>Alle Preistr\u00e4ger zeichnet ein langj\u00e4hriges Engagement, insbesondere bei der Nachwuchsgewinnung und \u2013 f\u00f6rderung sowie bei Eins\u00e4tzen in der Waldbrandbek\u00e4mpfung und im Katastrophenschutz, auch \u00fcber unsere Landesgrenzen hinaus, aus. Der Blaulichtpreis \u201eVitus\u201c, dessen Name einer Heiligenlegende aus der Antike entlehnt ist, wurde in diesem Jahr erstmals vergeben.<\/p>\n\n\n\n<figure class=\"wp-block-gallery has-nested-images columns-default is-cropped wp-block-gallery-1 is-layout-flex wp-block-gallery-is-layout-flex\">\n<figure class=\"wp-block-image size-large\"><a href=\"https:\/\/kfv-mol.de\/Wordpress\/wp-content\/uploads\/2022\/12\/7M306313.jpg\"><img decoding=\"async\" width=\"855\" height=\"570\" data-id=\"6241\" data-src=\"https:\/\/kfv-mol.de\/Wordpress\/wp-content\/uploads\/2022\/12\/7M306313.jpg\" alt=\"\" class=\"wp-image-6241 lazyload\" data-srcset=\"https:\/\/kfv-mol.de\/Wordpress\/wp-content\/uploads\/2022\/12\/7M306313.jpg 855w, https:\/\/kfv-mol.de\/Wordpress\/wp-content\/uploads\/2022\/12\/7M306313-300x200.jpg 300w, https:\/\/kfv-mol.de\/Wordpress\/wp-content\/uploads\/2022\/12\/7M306313-768x512.jpg 768w\" data-sizes=\"(max-width: 855px) 100vw, 855px\" src=\"data:image\/svg+xml;base64,PHN2ZyB3aWR0aD0iMSIgaGVpZ2h0PSIxIiB4bWxucz0iaHR0cDovL3d3dy53My5vcmcvMjAwMC9zdmciPjwvc3ZnPg==\" style=\"--smush-placeholder-width: 855px; --smush-placeholder-aspect-ratio: 855\/570;\" \/><\/a><\/figure>\n\n\n\n<figure class=\"wp-block-image size-large\"><a href=\"https:\/\/kfv-mol.de\/Wordpress\/wp-content\/uploads\/2022\/12\/7M306539.jpg\"><img decoding=\"async\" width=\"855\" height=\"570\" data-id=\"6242\" data-src=\"https:\/\/kfv-mol.de\/Wordpress\/wp-content\/uploads\/2022\/12\/7M306539.jpg\" alt=\"\" class=\"wp-image-6242 lazyload\" data-srcset=\"https:\/\/kfv-mol.de\/Wordpress\/wp-content\/uploads\/2022\/12\/7M306539.jpg 855w, https:\/\/kfv-mol.de\/Wordpress\/wp-content\/uploads\/2022\/12\/7M306539-300x200.jpg 300w, https:\/\/kfv-mol.de\/Wordpress\/wp-content\/uploads\/2022\/12\/7M306539-768x512.jpg 768w\" data-sizes=\"(max-width: 855px) 100vw, 855px\" src=\"data:image\/svg+xml;base64,PHN2ZyB3aWR0aD0iMSIgaGVpZ2h0PSIxIiB4bWxucz0iaHR0cDovL3d3dy53My5vcmcvMjAwMC9zdmciPjwvc3ZnPg==\" style=\"--smush-placeholder-width: 855px; --smush-placeholder-aspect-ratio: 855\/570;\" \/><\/a><\/figure>\n<\/figure>\n","protected":false},"excerpt":{"rendered":"<p>Am 22. November war das Pr\u00e4sidium des Landesfeuerwehrverbandes sowie Kameradinnen und Kameraden Freiwilliger Feuerwehren Brandenburgs in den Plenarsaal des Landtages eingeladen. Eingeladen hatte die CDU-Fraktion des Landtages. Der KFV MOL war mit seinem Vorsitzenden Jens G\u00f6tze und dem Altlandsberger Stadtbrandmeister Christian Markhoff vertreten. Nach den extremen Gefahrenlagen diesen Jahres, war es den Fraktionsmitgliedern ein Bed\u00fcrfnis [&hellip;]<\/p>\n","protected":false},"author":3,"featured_media":6248,"comment_status":"closed","ping_status":"closed","sticky":false,"template":"","format":"standard","meta":{"footnotes":""},"categories":[23],"tags":[],"class_list":["post-6238","post","type-post","status-publish","format-standard","has-post-thumbnail","hentry","category-landesfeuerwehrverband"],"_links":{"self":[{"href":"https:\/\/kfv-mol.de\/Wordpress\/wp-json\/wp\/v2\/posts\/6238","targetHints":{"allow":["GET"]}}],"collection":[{"href":"https:\/\/kfv-mol.de\/Wordpress\/wp-json\/wp\/v2\/posts"}],"about":[{"href":"https:\/\/kfv-mol.de\/Wordpress\/wp-json\/wp\/v2\/types\/post"}],"author":[{"embeddable":true,"href":"https:\/\/kfv-mol.de\/Wordpress\/wp-json\/wp\/v2\/users\/3"}],"replies":[{"embeddable":true,"href":"https:\/\/kfv-mol.de\/Wordpress\/wp-json\/wp\/v2\/comments?post=6238"}],"version-history":[{"count":0,"href":"https:\/\/kfv-mol.de\/Wordpress\/wp-json\/wp\/v2\/posts\/6238\/revisions"}],"wp:featuredmedia":[{"embeddable":true,"href":"https:\/\/kfv-mol.de\/Wordpress\/wp-json\/wp\/v2\/media\/6248"}],"wp:attachment":[{"href":"https:\/\/kfv-mol.de\/Wordpress\/wp-json\/wp\/v2\/media?parent=6238"}],"wp:term":[{"taxonomy":"category","embeddable":true,"href":"https:\/\/kfv-mol.de\/Wordpress\/wp-json\/wp\/v2\/categories?post=6238"},{"taxonomy":"post_tag","embeddable":true,"href":"https:\/\/kfv-mol.de\/Wordpress\/wp-json\/wp\/v2\/tags?post=6238"}],"curies":[{"name":"wp","href":"https:\/\/api.w.org\/{rel}","templated":true}]}}