{"id":6214,"date":"2022-11-25T17:01:54","date_gmt":"2022-11-25T16:01:54","guid":{"rendered":"https:\/\/kfv-mol.de\/Wordpress\/?p=6214"},"modified":"2023-01-29T15:12:40","modified_gmt":"2023-01-29T14:12:40","slug":"delegiertenversammlung-des-landesfeuerwehrverbandes-brandenburg","status":"publish","type":"post","link":"https:\/\/kfv-mol.de\/Wordpress\/Artikel\/delegiertenversammlung-des-landesfeuerwehrverbandes-brandenburg\/","title":{"rendered":"Delegiertenversammlung des Landesfeuerwehrverbandes Brandenburg"},"content":{"rendered":"\n<p>Am Samstag, dem 19. November 2022 fand in Guben die 25. Delegiertenversammlung des Landesfeuerwehrverbandes Brandenburg statt. 120 Delegierte und G\u00e4ste waren der Einladung gefolgt.&nbsp;Aus MOL waren delegiert: KFV-Vorsitzender Jens G\u00f6tze, J.-P. Gansewendt, U. Pranzner, Yvon Erfurth und Kreisjugendwart Bj\u00f6rn Sprecher.<\/p>\n\n\n\n<figure class=\"wp-block-image size-full\"><a href=\"https:\/\/kfv-mol.de\/Wordpress\/wp-content\/uploads\/2022\/11\/DSC0031.jpg\"><img decoding=\"async\" width=\"601\" height=\"570\" data-src=\"https:\/\/kfv-mol.de\/Wordpress\/wp-content\/uploads\/2022\/11\/DSC0031.jpg\" alt=\"\" class=\"wp-image-6215 lazyload\" data-srcset=\"https:\/\/kfv-mol.de\/Wordpress\/wp-content\/uploads\/2022\/11\/DSC0031.jpg 601w, https:\/\/kfv-mol.de\/Wordpress\/wp-content\/uploads\/2022\/11\/DSC0031-300x285.jpg 300w\" data-sizes=\"(max-width: 601px) 100vw, 601px\" src=\"data:image\/svg+xml;base64,PHN2ZyB3aWR0aD0iMSIgaGVpZ2h0PSIxIiB4bWxucz0iaHR0cDovL3d3dy53My5vcmcvMjAwMC9zdmciPjwvc3ZnPg==\" style=\"--smush-placeholder-width: 601px; --smush-placeholder-aspect-ratio: 601\/570;\" \/><\/a><\/figure>\n\n\n\n<p>Ministerpr\u00e4sident Dr. Woidke verwies auf in den letzten Jahren bereits erreichte Erfolge, wie beispielsweise die Hinterbliebenenversorgung, f\u00fcr t\u00f6dlich verungl\u00fcckte Feuerwehrleute, die nach wie vor einzigartig in der Bundesrepublik ist. Um die k\u00fcnftigen Herausforderungen, die sicher nicht einfacher werden, meistern zu k\u00f6nnen, sollen unter anderem zuk\u00fcnftig Hubschrauber, die durch die &nbsp;Bundeswehr beschafft werden, und die deutlich mehr Wasser transportieren k\u00f6nnen als bisher, f\u00fcr das L\u00f6schen von Br\u00e4nden auf munitionsbelasteten Gebieten eingesetzt werden. <\/p>\n\n\n\n<p>Innenminister Michael St\u00fcbgen war es ein besonderes Anliegen, die Nachricht zu \u00fcberbringen, dass zwischen dem LFV und dem Innenministerium eine tragf\u00e4hige L\u00f6sung zur k\u00fcnftigen Dienstkleidung f\u00fcr Feuerwehren gefunden wurde. Dar\u00fcber hinaus sicherte der Minister Investitionen in die Weiterentwicklung krisenfester Infrastruktur und eine finanzielle Unterst\u00fctzung der Brandenburger Feuerwehrsportler aus Lottomitteln zu. Zur weiteren F\u00f6rderm\u00f6glichkeiten im Bev\u00f6lkerungsschutz wurden folgende Strategieans\u00e4tzen im Ministerium erarbeitet:<\/p>\n\n\n\n<ol class=\"wp-block-list\">\n<li>Unterst\u00fctzung im Rahmen der Feuerwehrinfrastruktur-Richtlinie bei Neu- und Umbauten von Feuerwehrh\u00e4usern wie auch der Beschaffung von Ausr\u00fcstung mit 40 Millionen Euro.<\/li>\n\n\n\n<li>Investition in die L\u00f6schwasserversorgung.<\/li>\n\n\n\n<li>F\u00f6rderung der Aufwertung von Bestandssirenen sowie die Beschaffung von Sirenensteuerger\u00e4ten.<\/li>\n\n\n\n<li>Gewinnung von Feuerwehrnachwuchs durch Beschaffung der notwendigen Ausr\u00fcstung.<\/li>\n\n\n\n<li>Aufbau eines Landesamtes f\u00fcr Bev\u00f6lkerungsschutz, durch Umbau der LSTE.<\/li>\n\n\n\n<li>Investition von 100 Millionen Euro f\u00fcr den Bev\u00f6lkerungsschutz innerhalb der n\u00e4chsten zwei Jahre.<\/li>\n<\/ol>\n\n\n\n<p>In Anbetracht der herausragenden Leistungen der Einsatzkr\u00e4fte in der zur\u00fcckliegenden Waldbrandsaison stiftet der Minister eine Waldbrand-Medaille 2022.<\/p>\n\n\n\n<p>Pr\u00e4sident Rolf F\u00fcnning bedankte sich bei den Politikern f\u00fcr die bisherige Unterst\u00fctzung. Er betonte weiter, dass die Einsatzkr\u00e4fte im zur\u00fcckliegenden Einsatzgeschehen bis an ihre Leistungsgrenzen gefordert waren und sprach ihnen seinen Dank aus. Er verwies er noch einmal auf die Probleme in den Wehren. \u201eDas Hauptproblem liegt im Personalmangel. Die Mitgliederzahlen sinken st\u00e4ndig. Verzeichneten wir in Brandenburg 1994 noch mehr als 48.000 Einsatzkr\u00e4fte sank deren Zahl bis 2021 um fast 10.000. Daher fordern wir von der Politik seit Jahren die Feuerwehren durch hauptberufliche Angestellte zu verst\u00e4rken, speziell in den St\u00fctzpunktfeuerwehren.\u201c Daf\u00fcr muss u.a. das Brandenburger Brand- und Katastrophenschutzgesetz dringend novelliert werden.<\/p>\n\n\n\n<figure class=\"wp-block-gallery has-nested-images columns-default is-cropped wp-block-gallery-1 is-layout-flex wp-block-gallery-is-layout-flex\">\n<figure class=\"wp-block-image size-large\"><a href=\"https:\/\/kfv-mol.de\/Wordpress\/wp-content\/uploads\/2022\/11\/316130188_511965807626189_395705231679669205_n-1.jpg\"><img decoding=\"async\" width=\"1024\" height=\"768\" data-id=\"6217\" data-src=\"https:\/\/kfv-mol.de\/Wordpress\/wp-content\/uploads\/2022\/11\/316130188_511965807626189_395705231679669205_n-1-1024x768.jpg\" alt=\"\" class=\"wp-image-6217 lazyload\" data-srcset=\"https:\/\/kfv-mol.de\/Wordpress\/wp-content\/uploads\/2022\/11\/316130188_511965807626189_395705231679669205_n-1-1024x768.jpg 1024w, https:\/\/kfv-mol.de\/Wordpress\/wp-content\/uploads\/2022\/11\/316130188_511965807626189_395705231679669205_n-1-300x225.jpg 300w, https:\/\/kfv-mol.de\/Wordpress\/wp-content\/uploads\/2022\/11\/316130188_511965807626189_395705231679669205_n-1-768x576.jpg 768w, https:\/\/kfv-mol.de\/Wordpress\/wp-content\/uploads\/2022\/11\/316130188_511965807626189_395705231679669205_n-1-1536x1152.jpg 1536w, https:\/\/kfv-mol.de\/Wordpress\/wp-content\/uploads\/2022\/11\/316130188_511965807626189_395705231679669205_n-1.jpg 2048w\" data-sizes=\"(max-width: 1024px) 100vw, 1024px\" src=\"data:image\/svg+xml;base64,PHN2ZyB3aWR0aD0iMSIgaGVpZ2h0PSIxIiB4bWxucz0iaHR0cDovL3d3dy53My5vcmcvMjAwMC9zdmciPjwvc3ZnPg==\" style=\"--smush-placeholder-width: 1024px; --smush-placeholder-aspect-ratio: 1024\/768;\" \/><\/a><\/figure>\n\n\n\n<figure class=\"wp-block-image size-large\"><a href=\"https:\/\/kfv-mol.de\/Wordpress\/wp-content\/uploads\/2022\/11\/316177804_511966094292827_8371861259674492786_n.jpg\"><img decoding=\"async\" width=\"1024\" height=\"768\" data-id=\"6220\" data-src=\"https:\/\/kfv-mol.de\/Wordpress\/wp-content\/uploads\/2022\/11\/316177804_511966094292827_8371861259674492786_n-1024x768.jpg\" alt=\"\" class=\"wp-image-6220 lazyload\" data-srcset=\"https:\/\/kfv-mol.de\/Wordpress\/wp-content\/uploads\/2022\/11\/316177804_511966094292827_8371861259674492786_n-1024x768.jpg 1024w, https:\/\/kfv-mol.de\/Wordpress\/wp-content\/uploads\/2022\/11\/316177804_511966094292827_8371861259674492786_n-300x225.jpg 300w, https:\/\/kfv-mol.de\/Wordpress\/wp-content\/uploads\/2022\/11\/316177804_511966094292827_8371861259674492786_n-768x576.jpg 768w, https:\/\/kfv-mol.de\/Wordpress\/wp-content\/uploads\/2022\/11\/316177804_511966094292827_8371861259674492786_n-1536x1152.jpg 1536w, https:\/\/kfv-mol.de\/Wordpress\/wp-content\/uploads\/2022\/11\/316177804_511966094292827_8371861259674492786_n.jpg 2048w\" data-sizes=\"(max-width: 1024px) 100vw, 1024px\" src=\"data:image\/svg+xml;base64,PHN2ZyB3aWR0aD0iMSIgaGVpZ2h0PSIxIiB4bWxucz0iaHR0cDovL3d3dy53My5vcmcvMjAwMC9zdmciPjwvc3ZnPg==\" style=\"--smush-placeholder-width: 1024px; --smush-placeholder-aspect-ratio: 1024\/768;\" \/><\/a><\/figure>\n\n\n\n<figure class=\"wp-block-image size-large\"><a href=\"https:\/\/kfv-mol.de\/Wordpress\/wp-content\/uploads\/2022\/11\/316314446_511965957626174_2760571674685452541_n.jpg\"><img decoding=\"async\" width=\"1024\" height=\"768\" data-id=\"6223\" data-src=\"https:\/\/kfv-mol.de\/Wordpress\/wp-content\/uploads\/2022\/11\/316314446_511965957626174_2760571674685452541_n-1024x768.jpg\" alt=\"\" class=\"wp-image-6223 lazyload\" data-srcset=\"https:\/\/kfv-mol.de\/Wordpress\/wp-content\/uploads\/2022\/11\/316314446_511965957626174_2760571674685452541_n-1024x768.jpg 1024w, https:\/\/kfv-mol.de\/Wordpress\/wp-content\/uploads\/2022\/11\/316314446_511965957626174_2760571674685452541_n-300x225.jpg 300w, https:\/\/kfv-mol.de\/Wordpress\/wp-content\/uploads\/2022\/11\/316314446_511965957626174_2760571674685452541_n-768x576.jpg 768w, https:\/\/kfv-mol.de\/Wordpress\/wp-content\/uploads\/2022\/11\/316314446_511965957626174_2760571674685452541_n-1536x1152.jpg 1536w, https:\/\/kfv-mol.de\/Wordpress\/wp-content\/uploads\/2022\/11\/316314446_511965957626174_2760571674685452541_n.jpg 2048w\" data-sizes=\"(max-width: 1024px) 100vw, 1024px\" src=\"data:image\/svg+xml;base64,PHN2ZyB3aWR0aD0iMSIgaGVpZ2h0PSIxIiB4bWxucz0iaHR0cDovL3d3dy53My5vcmcvMjAwMC9zdmciPjwvc3ZnPg==\" style=\"--smush-placeholder-width: 1024px; --smush-placeholder-aspect-ratio: 1024\/768;\" \/><\/a><\/figure>\n\n\n\n<figure class=\"wp-block-image size-large\"><a href=\"https:\/\/kfv-mol.de\/Wordpress\/wp-content\/uploads\/2022\/11\/DSC0044.jpg\"><img decoding=\"async\" width=\"1024\" height=\"464\" data-id=\"6224\" data-src=\"https:\/\/kfv-mol.de\/Wordpress\/wp-content\/uploads\/2022\/11\/DSC0044-1024x464.jpg\" alt=\"\" class=\"wp-image-6224 lazyload\" data-srcset=\"https:\/\/kfv-mol.de\/Wordpress\/wp-content\/uploads\/2022\/11\/DSC0044-1024x464.jpg 1024w, https:\/\/kfv-mol.de\/Wordpress\/wp-content\/uploads\/2022\/11\/DSC0044-300x136.jpg 300w, https:\/\/kfv-mol.de\/Wordpress\/wp-content\/uploads\/2022\/11\/DSC0044-768x348.jpg 768w, https:\/\/kfv-mol.de\/Wordpress\/wp-content\/uploads\/2022\/11\/DSC0044.jpg 1257w\" data-sizes=\"(max-width: 1024px) 100vw, 1024px\" src=\"data:image\/svg+xml;base64,PHN2ZyB3aWR0aD0iMSIgaGVpZ2h0PSIxIiB4bWxucz0iaHR0cDovL3d3dy53My5vcmcvMjAwMC9zdmciPjwvc3ZnPg==\" style=\"--smush-placeholder-width: 1024px; --smush-placeholder-aspect-ratio: 1024\/464;\" \/><\/a><\/figure>\n\n\n\n<figure class=\"wp-block-image size-large\"><a href=\"https:\/\/kfv-mol.de\/Wordpress\/wp-content\/uploads\/2022\/11\/DSC0063.jpg\"><img decoding=\"async\" width=\"962\" height=\"570\" data-id=\"6222\" data-src=\"https:\/\/kfv-mol.de\/Wordpress\/wp-content\/uploads\/2022\/11\/DSC0063.jpg\" alt=\"\" class=\"wp-image-6222 lazyload\" data-srcset=\"https:\/\/kfv-mol.de\/Wordpress\/wp-content\/uploads\/2022\/11\/DSC0063.jpg 962w, https:\/\/kfv-mol.de\/Wordpress\/wp-content\/uploads\/2022\/11\/DSC0063-300x178.jpg 300w, https:\/\/kfv-mol.de\/Wordpress\/wp-content\/uploads\/2022\/11\/DSC0063-768x455.jpg 768w\" data-sizes=\"(max-width: 962px) 100vw, 962px\" src=\"data:image\/svg+xml;base64,PHN2ZyB3aWR0aD0iMSIgaGVpZ2h0PSIxIiB4bWxucz0iaHR0cDovL3d3dy53My5vcmcvMjAwMC9zdmciPjwvc3ZnPg==\" style=\"--smush-placeholder-width: 962px; --smush-placeholder-aspect-ratio: 962\/570;\" \/><\/a><\/figure>\n\n\n\n<figure class=\"wp-block-image size-large\"><a href=\"https:\/\/kfv-mol.de\/Wordpress\/wp-content\/uploads\/2022\/11\/DSC0469.jpg\"><img decoding=\"async\" width=\"663\" height=\"570\" data-id=\"6219\" data-src=\"https:\/\/kfv-mol.de\/Wordpress\/wp-content\/uploads\/2022\/11\/DSC0469.jpg\" alt=\"\" class=\"wp-image-6219 lazyload\" data-srcset=\"https:\/\/kfv-mol.de\/Wordpress\/wp-content\/uploads\/2022\/11\/DSC0469.jpg 663w, https:\/\/kfv-mol.de\/Wordpress\/wp-content\/uploads\/2022\/11\/DSC0469-300x258.jpg 300w\" data-sizes=\"(max-width: 663px) 100vw, 663px\" src=\"data:image\/svg+xml;base64,PHN2ZyB3aWR0aD0iMSIgaGVpZ2h0PSIxIiB4bWxucz0iaHR0cDovL3d3dy53My5vcmcvMjAwMC9zdmciPjwvc3ZnPg==\" style=\"--smush-placeholder-width: 663px; --smush-placeholder-aspect-ratio: 663\/570;\" \/><\/a><\/figure>\n<\/figure>\n\n\n\n<figure class=\"wp-block-gallery has-nested-images columns-default is-cropped wp-block-gallery-2 is-layout-flex wp-block-gallery-is-layout-flex\"><\/figure>\n\n\n\n<p><\/p>\n","protected":false},"excerpt":{"rendered":"<p>Am Samstag, dem 19. November 2022 fand in Guben die 25. Delegiertenversammlung des Landesfeuerwehrverbandes Brandenburg statt. 120 Delegierte und G\u00e4ste waren der Einladung gefolgt.&nbsp;Aus MOL waren delegiert: KFV-Vorsitzender Jens G\u00f6tze, J.-P. Gansewendt, U. Pranzner, Yvon Erfurth und Kreisjugendwart Bj\u00f6rn Sprecher. Ministerpr\u00e4sident Dr. Woidke verwies auf in den letzten Jahren bereits erreichte Erfolge, wie beispielsweise die [&hellip;]<\/p>\n","protected":false},"author":3,"featured_media":6218,"comment_status":"closed","ping_status":"closed","sticky":false,"template":"","format":"standard","meta":{"footnotes":""},"categories":[23],"tags":[],"class_list":["post-6214","post","type-post","status-publish","format-standard","has-post-thumbnail","hentry","category-landesfeuerwehrverband"],"_links":{"self":[{"href":"https:\/\/kfv-mol.de\/Wordpress\/wp-json\/wp\/v2\/posts\/6214","targetHints":{"allow":["GET"]}}],"collection":[{"href":"https:\/\/kfv-mol.de\/Wordpress\/wp-json\/wp\/v2\/posts"}],"about":[{"href":"https:\/\/kfv-mol.de\/Wordpress\/wp-json\/wp\/v2\/types\/post"}],"author":[{"embeddable":true,"href":"https:\/\/kfv-mol.de\/Wordpress\/wp-json\/wp\/v2\/users\/3"}],"replies":[{"embeddable":true,"href":"https:\/\/kfv-mol.de\/Wordpress\/wp-json\/wp\/v2\/comments?post=6214"}],"version-history":[{"count":0,"href":"https:\/\/kfv-mol.de\/Wordpress\/wp-json\/wp\/v2\/posts\/6214\/revisions"}],"wp:featuredmedia":[{"embeddable":true,"href":"https:\/\/kfv-mol.de\/Wordpress\/wp-json\/wp\/v2\/media\/6218"}],"wp:attachment":[{"href":"https:\/\/kfv-mol.de\/Wordpress\/wp-json\/wp\/v2\/media?parent=6214"}],"wp:term":[{"taxonomy":"category","embeddable":true,"href":"https:\/\/kfv-mol.de\/Wordpress\/wp-json\/wp\/v2\/categories?post=6214"},{"taxonomy":"post_tag","embeddable":true,"href":"https:\/\/kfv-mol.de\/Wordpress\/wp-json\/wp\/v2\/tags?post=6214"}],"curies":[{"name":"wp","href":"https:\/\/api.w.org\/{rel}","templated":true}]}}