{"id":6179,"date":"2022-11-20T12:15:10","date_gmt":"2022-11-20T11:15:10","guid":{"rendered":"https:\/\/kfv-mol.de\/Wordpress\/?p=6179"},"modified":"2023-01-29T15:08:36","modified_gmt":"2023-01-29T14:08:36","slug":"30-jahre-thw-seelow","status":"publish","type":"post","link":"https:\/\/kfv-mol.de\/Wordpress\/Artikel\/30-jahre-thw-seelow\/","title":{"rendered":"30 Jahre THW Seelow"},"content":{"rendered":"\n<p>Am 19. November 2022 hat die THW-Ortsgruppe Seelow ihr 30-j\u00e4hriges Bestehen im Kulturhaus Seelow gefeiert. Am 06.11.1992 wurde die Ortsgruppe unter ihrem erster Ortsbeauftragten Peter Strohbach gegr\u00fcndet.<\/p>\n\n\n\n<p>Der heutige Ortsbeauftragte Thomas Schwarz und seine THW-Helfer konnten zu ihrer Festveranstaltung zahlreiche Vertreter aus Politik, anderen THW-Gliederungen, der Bundeswehr und Freiwilligen Feuerwehren begr\u00fc\u00dfen. Den Kreisfeuerwehrverband M\u00e4rkisch-Oderland vertrat der ehemalige Vorsitzende Hans-Dieter Kandzia. Besondere Ehreng\u00e4ste waren die Vertreter der polnischen Feuerwehren der Oderregion und der Ehrenpr\u00e4sident des THW Alfred Broemme.<\/p>\n\n\n\n<p>Thomas Schwarz wurde f\u00fcr weitere 5 Jahre zum Ortsbeauftragten berufen. Der ehemalige Ortsbeauftragte   Peter Strohbach wurde aus dem aktiven Dienst verabschiedet und vom Pr\u00e4sidenten des THW mit einer Ehrenmedaille ausgezeichnet.<\/p>\n\n\n\n<figure class=\"wp-block-gallery has-nested-images columns-default is-cropped wp-block-gallery-1 is-layout-flex wp-block-gallery-is-layout-flex\">\n<figure class=\"wp-block-image size-large\"><a href=\"https:\/\/kfv-mol.de\/Wordpress\/wp-content\/uploads\/2022\/11\/315748254_213521497686406_8055229089563561100_n.jpg\"><img decoding=\"async\" width=\"1024\" height=\"768\" data-id=\"6181\" data-src=\"https:\/\/kfv-mol.de\/Wordpress\/wp-content\/uploads\/2022\/11\/315748254_213521497686406_8055229089563561100_n-1024x768.jpg\" alt=\"\" class=\"wp-image-6181 lazyload\" data-srcset=\"https:\/\/kfv-mol.de\/Wordpress\/wp-content\/uploads\/2022\/11\/315748254_213521497686406_8055229089563561100_n-1024x768.jpg 1024w, https:\/\/kfv-mol.de\/Wordpress\/wp-content\/uploads\/2022\/11\/315748254_213521497686406_8055229089563561100_n-300x225.jpg 300w, https:\/\/kfv-mol.de\/Wordpress\/wp-content\/uploads\/2022\/11\/315748254_213521497686406_8055229089563561100_n-768x576.jpg 768w, https:\/\/kfv-mol.de\/Wordpress\/wp-content\/uploads\/2022\/11\/315748254_213521497686406_8055229089563561100_n-1536x1152.jpg 1536w, https:\/\/kfv-mol.de\/Wordpress\/wp-content\/uploads\/2022\/11\/315748254_213521497686406_8055229089563561100_n.jpg 2048w\" data-sizes=\"(max-width: 1024px) 100vw, 1024px\" src=\"data:image\/svg+xml;base64,PHN2ZyB3aWR0aD0iMSIgaGVpZ2h0PSIxIiB4bWxucz0iaHR0cDovL3d3dy53My5vcmcvMjAwMC9zdmciPjwvc3ZnPg==\" style=\"--smush-placeholder-width: 1024px; --smush-placeholder-aspect-ratio: 1024\/768;\" \/><\/a><\/figure>\n\n\n\n<figure class=\"wp-block-image size-large\"><a href=\"https:\/\/kfv-mol.de\/Wordpress\/wp-content\/uploads\/2022\/11\/315760263_10159111981298085_1843939716564657343_n.jpg\"><img decoding=\"async\" width=\"1024\" height=\"768\" data-id=\"6186\" data-src=\"https:\/\/kfv-mol.de\/Wordpress\/wp-content\/uploads\/2022\/11\/315760263_10159111981298085_1843939716564657343_n-1024x768.jpg\" alt=\"\" class=\"wp-image-6186 lazyload\" data-srcset=\"https:\/\/kfv-mol.de\/Wordpress\/wp-content\/uploads\/2022\/11\/315760263_10159111981298085_1843939716564657343_n-1024x768.jpg 1024w, https:\/\/kfv-mol.de\/Wordpress\/wp-content\/uploads\/2022\/11\/315760263_10159111981298085_1843939716564657343_n-300x225.jpg 300w, https:\/\/kfv-mol.de\/Wordpress\/wp-content\/uploads\/2022\/11\/315760263_10159111981298085_1843939716564657343_n-768x576.jpg 768w, https:\/\/kfv-mol.de\/Wordpress\/wp-content\/uploads\/2022\/11\/315760263_10159111981298085_1843939716564657343_n-1536x1152.jpg 1536w, https:\/\/kfv-mol.de\/Wordpress\/wp-content\/uploads\/2022\/11\/315760263_10159111981298085_1843939716564657343_n.jpg 2048w\" data-sizes=\"(max-width: 1024px) 100vw, 1024px\" src=\"data:image\/svg+xml;base64,PHN2ZyB3aWR0aD0iMSIgaGVpZ2h0PSIxIiB4bWxucz0iaHR0cDovL3d3dy53My5vcmcvMjAwMC9zdmciPjwvc3ZnPg==\" style=\"--smush-placeholder-width: 1024px; --smush-placeholder-aspect-ratio: 1024\/768;\" \/><\/a><\/figure>\n\n\n\n<figure class=\"wp-block-image size-large\"><a href=\"https:\/\/kfv-mol.de\/Wordpress\/wp-content\/uploads\/2022\/11\/316011353_10159111980228085_5394246742879885201_n.jpg\"><img decoding=\"async\" width=\"1024\" height=\"768\" data-id=\"6183\" data-src=\"https:\/\/kfv-mol.de\/Wordpress\/wp-content\/uploads\/2022\/11\/316011353_10159111980228085_5394246742879885201_n-1024x768.jpg\" alt=\"\" class=\"wp-image-6183 lazyload\" data-srcset=\"https:\/\/kfv-mol.de\/Wordpress\/wp-content\/uploads\/2022\/11\/316011353_10159111980228085_5394246742879885201_n-1024x768.jpg 1024w, https:\/\/kfv-mol.de\/Wordpress\/wp-content\/uploads\/2022\/11\/316011353_10159111980228085_5394246742879885201_n-300x225.jpg 300w, https:\/\/kfv-mol.de\/Wordpress\/wp-content\/uploads\/2022\/11\/316011353_10159111980228085_5394246742879885201_n-768x576.jpg 768w, https:\/\/kfv-mol.de\/Wordpress\/wp-content\/uploads\/2022\/11\/316011353_10159111980228085_5394246742879885201_n-1536x1152.jpg 1536w, https:\/\/kfv-mol.de\/Wordpress\/wp-content\/uploads\/2022\/11\/316011353_10159111980228085_5394246742879885201_n.jpg 2048w\" data-sizes=\"(max-width: 1024px) 100vw, 1024px\" src=\"data:image\/svg+xml;base64,PHN2ZyB3aWR0aD0iMSIgaGVpZ2h0PSIxIiB4bWxucz0iaHR0cDovL3d3dy53My5vcmcvMjAwMC9zdmciPjwvc3ZnPg==\" style=\"--smush-placeholder-width: 1024px; --smush-placeholder-aspect-ratio: 1024\/768;\" \/><\/a><\/figure>\n\n\n\n<figure class=\"wp-block-image size-large\"><a href=\"https:\/\/kfv-mol.de\/Wordpress\/wp-content\/uploads\/2022\/11\/316234767_10159111980873085_4635822891327915778_n.jpg\"><img decoding=\"async\" width=\"768\" height=\"1024\" data-id=\"6184\" data-src=\"https:\/\/kfv-mol.de\/Wordpress\/wp-content\/uploads\/2022\/11\/316234767_10159111980873085_4635822891327915778_n-768x1024.jpg\" alt=\"\" class=\"wp-image-6184 lazyload\" data-srcset=\"https:\/\/kfv-mol.de\/Wordpress\/wp-content\/uploads\/2022\/11\/316234767_10159111980873085_4635822891327915778_n-768x1024.jpg 768w, https:\/\/kfv-mol.de\/Wordpress\/wp-content\/uploads\/2022\/11\/316234767_10159111980873085_4635822891327915778_n-225x300.jpg 225w, https:\/\/kfv-mol.de\/Wordpress\/wp-content\/uploads\/2022\/11\/316234767_10159111980873085_4635822891327915778_n-1152x1536.jpg 1152w, https:\/\/kfv-mol.de\/Wordpress\/wp-content\/uploads\/2022\/11\/316234767_10159111980873085_4635822891327915778_n.jpg 1536w\" data-sizes=\"(max-width: 768px) 100vw, 768px\" src=\"data:image\/svg+xml;base64,PHN2ZyB3aWR0aD0iMSIgaGVpZ2h0PSIxIiB4bWxucz0iaHR0cDovL3d3dy53My5vcmcvMjAwMC9zdmciPjwvc3ZnPg==\" style=\"--smush-placeholder-width: 768px; --smush-placeholder-aspect-ratio: 768\/1024;\" \/><\/a><\/figure>\n\n\n\n<figure class=\"wp-block-image size-large\"><a href=\"https:\/\/kfv-mol.de\/Wordpress\/wp-content\/uploads\/2022\/11\/316250580_10159111980818085_8947598861802120545_n.jpg\"><img decoding=\"async\" width=\"1024\" height=\"768\" data-id=\"6185\" data-src=\"https:\/\/kfv-mol.de\/Wordpress\/wp-content\/uploads\/2022\/11\/316250580_10159111980818085_8947598861802120545_n-1024x768.jpg\" alt=\"\" class=\"wp-image-6185 lazyload\" data-srcset=\"https:\/\/kfv-mol.de\/Wordpress\/wp-content\/uploads\/2022\/11\/316250580_10159111980818085_8947598861802120545_n-1024x768.jpg 1024w, https:\/\/kfv-mol.de\/Wordpress\/wp-content\/uploads\/2022\/11\/316250580_10159111980818085_8947598861802120545_n-300x225.jpg 300w, https:\/\/kfv-mol.de\/Wordpress\/wp-content\/uploads\/2022\/11\/316250580_10159111980818085_8947598861802120545_n-768x576.jpg 768w, https:\/\/kfv-mol.de\/Wordpress\/wp-content\/uploads\/2022\/11\/316250580_10159111980818085_8947598861802120545_n-1536x1152.jpg 1536w, https:\/\/kfv-mol.de\/Wordpress\/wp-content\/uploads\/2022\/11\/316250580_10159111980818085_8947598861802120545_n.jpg 2048w\" data-sizes=\"(max-width: 1024px) 100vw, 1024px\" src=\"data:image\/svg+xml;base64,PHN2ZyB3aWR0aD0iMSIgaGVpZ2h0PSIxIiB4bWxucz0iaHR0cDovL3d3dy53My5vcmcvMjAwMC9zdmciPjwvc3ZnPg==\" style=\"--smush-placeholder-width: 1024px; --smush-placeholder-aspect-ratio: 1024\/768;\" \/><\/a><\/figure>\n\n\n\n<figure class=\"wp-block-image size-large\"><a href=\"https:\/\/kfv-mol.de\/Wordpress\/wp-content\/uploads\/2022\/11\/316288457_10159111980968085_7515879138638639314_n.jpg\"><img decoding=\"async\" width=\"1024\" height=\"576\" data-id=\"6182\" data-src=\"https:\/\/kfv-mol.de\/Wordpress\/wp-content\/uploads\/2022\/11\/316288457_10159111980968085_7515879138638639314_n-1024x576.jpg\" alt=\"\" class=\"wp-image-6182 lazyload\" data-srcset=\"https:\/\/kfv-mol.de\/Wordpress\/wp-content\/uploads\/2022\/11\/316288457_10159111980968085_7515879138638639314_n-1024x576.jpg 1024w, https:\/\/kfv-mol.de\/Wordpress\/wp-content\/uploads\/2022\/11\/316288457_10159111980968085_7515879138638639314_n-300x169.jpg 300w, https:\/\/kfv-mol.de\/Wordpress\/wp-content\/uploads\/2022\/11\/316288457_10159111980968085_7515879138638639314_n-768x432.jpg 768w, https:\/\/kfv-mol.de\/Wordpress\/wp-content\/uploads\/2022\/11\/316288457_10159111980968085_7515879138638639314_n-1536x864.jpg 1536w, https:\/\/kfv-mol.de\/Wordpress\/wp-content\/uploads\/2022\/11\/316288457_10159111980968085_7515879138638639314_n.jpg 2048w\" data-sizes=\"(max-width: 1024px) 100vw, 1024px\" src=\"data:image\/svg+xml;base64,PHN2ZyB3aWR0aD0iMSIgaGVpZ2h0PSIxIiB4bWxucz0iaHR0cDovL3d3dy53My5vcmcvMjAwMC9zdmciPjwvc3ZnPg==\" style=\"--smush-placeholder-width: 1024px; --smush-placeholder-aspect-ratio: 1024\/576;\" \/><\/a><\/figure>\n<\/figure>\n","protected":false},"excerpt":{"rendered":"<p>Am 19. November 2022 hat die THW-Ortsgruppe Seelow ihr 30-j\u00e4hriges Bestehen im Kulturhaus Seelow gefeiert. Am 06.11.1992 wurde die Ortsgruppe unter ihrem erster Ortsbeauftragten Peter Strohbach gegr\u00fcndet. Der heutige Ortsbeauftragte Thomas Schwarz und seine THW-Helfer konnten zu ihrer Festveranstaltung zahlreiche Vertreter aus Politik, anderen THW-Gliederungen, der Bundeswehr und Freiwilligen Feuerwehren begr\u00fc\u00dfen. Den Kreisfeuerwehrverband M\u00e4rkisch-Oderland vertrat [&hellip;]<\/p>\n","protected":false},"author":3,"featured_media":6180,"comment_status":"closed","ping_status":"closed","sticky":false,"template":"","format":"standard","meta":{"footnotes":""},"categories":[20],"tags":[],"class_list":["post-6179","post","type-post","status-publish","format-standard","has-post-thumbnail","hentry","category-jubilaeum"],"_links":{"self":[{"href":"https:\/\/kfv-mol.de\/Wordpress\/wp-json\/wp\/v2\/posts\/6179","targetHints":{"allow":["GET"]}}],"collection":[{"href":"https:\/\/kfv-mol.de\/Wordpress\/wp-json\/wp\/v2\/posts"}],"about":[{"href":"https:\/\/kfv-mol.de\/Wordpress\/wp-json\/wp\/v2\/types\/post"}],"author":[{"embeddable":true,"href":"https:\/\/kfv-mol.de\/Wordpress\/wp-json\/wp\/v2\/users\/3"}],"replies":[{"embeddable":true,"href":"https:\/\/kfv-mol.de\/Wordpress\/wp-json\/wp\/v2\/comments?post=6179"}],"version-history":[{"count":0,"href":"https:\/\/kfv-mol.de\/Wordpress\/wp-json\/wp\/v2\/posts\/6179\/revisions"}],"wp:featuredmedia":[{"embeddable":true,"href":"https:\/\/kfv-mol.de\/Wordpress\/wp-json\/wp\/v2\/media\/6180"}],"wp:attachment":[{"href":"https:\/\/kfv-mol.de\/Wordpress\/wp-json\/wp\/v2\/media?parent=6179"}],"wp:term":[{"taxonomy":"category","embeddable":true,"href":"https:\/\/kfv-mol.de\/Wordpress\/wp-json\/wp\/v2\/categories?post=6179"},{"taxonomy":"post_tag","embeddable":true,"href":"https:\/\/kfv-mol.de\/Wordpress\/wp-json\/wp\/v2\/tags?post=6179"}],"curies":[{"name":"wp","href":"https:\/\/api.w.org\/{rel}","templated":true}]}}