{"id":6169,"date":"2022-11-19T10:45:27","date_gmt":"2022-11-19T09:45:27","guid":{"rendered":"https:\/\/kfv-mol.de\/Wordpress\/?p=6169"},"modified":"2023-01-29T15:17:24","modified_gmt":"2023-01-29T14:17:24","slug":"treffen-der-alters-und-ehrenabteilungen-von-seelow-und-seelow-land","status":"publish","type":"post","link":"https:\/\/kfv-mol.de\/Wordpress\/Artikel\/treffen-der-alters-und-ehrenabteilungen-von-seelow-und-seelow-land\/","title":{"rendered":"Treffen der Alters- und Ehrenabteilungen von Seelow und Seelow-Land"},"content":{"rendered":"\n<p>Zum 27. Mal trafen sich die Alters- und Ehrenabteilungen der Feuerwehren aus Seelow- Land und der Stadt Seelow. 60 Kameraden waren auf der Veranstaltung am Freitag, den 18.11.2022 zugegen!<\/p>\n\n\n\n<figure class=\"wp-block-image size-large\"><a href=\"https:\/\/kfv-mol.de\/Wordpress\/wp-content\/uploads\/2022\/11\/315896779_1142192093081035_5629515994713265688_n-1.jpg\"><img decoding=\"async\" width=\"1024\" height=\"768\" data-src=\"https:\/\/kfv-mol.de\/Wordpress\/wp-content\/uploads\/2022\/11\/315896779_1142192093081035_5629515994713265688_n-1-1024x768.jpg\" alt=\"\" class=\"wp-image-6176 lazyload\" data-srcset=\"https:\/\/kfv-mol.de\/Wordpress\/wp-content\/uploads\/2022\/11\/315896779_1142192093081035_5629515994713265688_n-1-1024x768.jpg 1024w, https:\/\/kfv-mol.de\/Wordpress\/wp-content\/uploads\/2022\/11\/315896779_1142192093081035_5629515994713265688_n-1-300x225.jpg 300w, https:\/\/kfv-mol.de\/Wordpress\/wp-content\/uploads\/2022\/11\/315896779_1142192093081035_5629515994713265688_n-1-768x576.jpg 768w, https:\/\/kfv-mol.de\/Wordpress\/wp-content\/uploads\/2022\/11\/315896779_1142192093081035_5629515994713265688_n-1-1536x1152.jpg 1536w, https:\/\/kfv-mol.de\/Wordpress\/wp-content\/uploads\/2022\/11\/315896779_1142192093081035_5629515994713265688_n-1.jpg 2048w\" data-sizes=\"(max-width: 1024px) 100vw, 1024px\" src=\"data:image\/svg+xml;base64,PHN2ZyB3aWR0aD0iMSIgaGVpZ2h0PSIxIiB4bWxucz0iaHR0cDovL3d3dy53My5vcmcvMjAwMC9zdmciPjwvc3ZnPg==\" style=\"--smush-placeholder-width: 1024px; --smush-placeholder-aspect-ratio: 1024\/768;\" \/><\/a><\/figure>\n\n\n\n<p>Der B\u00fcrgermeister und der Amtsdirektor sowie die Wehrf\u00fchrungen sagten danke f\u00fcr ihren jahrzehntelangen unerm\u00fcdlichen Einsatz im Brand- und Katastrophenschutz und ihre immer noch anhaltende Unterst\u00fctzung.<\/p>\n\n\n\n<p>Kamerad Riegner aus Dolgelin wurde f\u00fcr 60 Jahre und Kamerad Hegner f\u00fcr sogar 70 Jahre treue Dienste in der Freiwilligen Feuerwehr ausgezeichnet.<\/p>\n\n\n\n<p>Man war sich einig, die Zusammenarbeit zwischen den Wehren soll auf eine qualitativ hochwertigere Qualit\u00e4t gehoben <a><\/a>werden!<\/p>\n\n\n\n<figure class=\"wp-block-gallery has-nested-images columns-default is-cropped wp-block-gallery-1 is-layout-flex wp-block-gallery-is-layout-flex\">\n<figure class=\"wp-block-image size-large\"><a href=\"https:\/\/kfv-mol.de\/Wordpress\/wp-content\/uploads\/2022\/11\/315540534_1142192403081004_2028102543255561612_n.jpg\"><img decoding=\"async\" width=\"768\" height=\"1024\" data-id=\"6172\" data-src=\"https:\/\/kfv-mol.de\/Wordpress\/wp-content\/uploads\/2022\/11\/315540534_1142192403081004_2028102543255561612_n-768x1024.jpg\" alt=\"\" class=\"wp-image-6172 lazyload\" data-srcset=\"https:\/\/kfv-mol.de\/Wordpress\/wp-content\/uploads\/2022\/11\/315540534_1142192403081004_2028102543255561612_n-768x1024.jpg 768w, https:\/\/kfv-mol.de\/Wordpress\/wp-content\/uploads\/2022\/11\/315540534_1142192403081004_2028102543255561612_n-225x300.jpg 225w, https:\/\/kfv-mol.de\/Wordpress\/wp-content\/uploads\/2022\/11\/315540534_1142192403081004_2028102543255561612_n-1152x1536.jpg 1152w, https:\/\/kfv-mol.de\/Wordpress\/wp-content\/uploads\/2022\/11\/315540534_1142192403081004_2028102543255561612_n.jpg 1536w\" data-sizes=\"(max-width: 768px) 100vw, 768px\" src=\"data:image\/svg+xml;base64,PHN2ZyB3aWR0aD0iMSIgaGVpZ2h0PSIxIiB4bWxucz0iaHR0cDovL3d3dy53My5vcmcvMjAwMC9zdmciPjwvc3ZnPg==\" style=\"--smush-placeholder-width: 768px; --smush-placeholder-aspect-ratio: 768\/1024;\" \/><\/a><\/figure>\n\n\n\n<figure class=\"wp-block-image size-large\"><a href=\"https:\/\/kfv-mol.de\/Wordpress\/wp-content\/uploads\/2022\/11\/315717692_1142192059747705_2374745317923876546_n.jpg\"><img decoding=\"async\" width=\"1024\" height=\"768\" data-id=\"6173\" data-src=\"https:\/\/kfv-mol.de\/Wordpress\/wp-content\/uploads\/2022\/11\/315717692_1142192059747705_2374745317923876546_n-1024x768.jpg\" alt=\"\" class=\"wp-image-6173 lazyload\" data-srcset=\"https:\/\/kfv-mol.de\/Wordpress\/wp-content\/uploads\/2022\/11\/315717692_1142192059747705_2374745317923876546_n-1024x768.jpg 1024w, https:\/\/kfv-mol.de\/Wordpress\/wp-content\/uploads\/2022\/11\/315717692_1142192059747705_2374745317923876546_n-300x225.jpg 300w, https:\/\/kfv-mol.de\/Wordpress\/wp-content\/uploads\/2022\/11\/315717692_1142192059747705_2374745317923876546_n-768x576.jpg 768w, https:\/\/kfv-mol.de\/Wordpress\/wp-content\/uploads\/2022\/11\/315717692_1142192059747705_2374745317923876546_n-1536x1152.jpg 1536w, https:\/\/kfv-mol.de\/Wordpress\/wp-content\/uploads\/2022\/11\/315717692_1142192059747705_2374745317923876546_n.jpg 2048w\" data-sizes=\"(max-width: 1024px) 100vw, 1024px\" src=\"data:image\/svg+xml;base64,PHN2ZyB3aWR0aD0iMSIgaGVpZ2h0PSIxIiB4bWxucz0iaHR0cDovL3d3dy53My5vcmcvMjAwMC9zdmciPjwvc3ZnPg==\" style=\"--smush-placeholder-width: 1024px; --smush-placeholder-aspect-ratio: 1024\/768;\" \/><\/a><\/figure>\n\n\n\n<figure class=\"wp-block-image size-large\"><a href=\"https:\/\/kfv-mol.de\/Wordpress\/wp-content\/uploads\/2022\/11\/315938386_1142192363081008_4560160636193464173_n.jpg\"><img decoding=\"async\" width=\"768\" height=\"1024\" data-id=\"6170\" data-src=\"https:\/\/kfv-mol.de\/Wordpress\/wp-content\/uploads\/2022\/11\/315938386_1142192363081008_4560160636193464173_n-768x1024.jpg\" alt=\"\" class=\"wp-image-6170 lazyload\" data-srcset=\"https:\/\/kfv-mol.de\/Wordpress\/wp-content\/uploads\/2022\/11\/315938386_1142192363081008_4560160636193464173_n-768x1024.jpg 768w, https:\/\/kfv-mol.de\/Wordpress\/wp-content\/uploads\/2022\/11\/315938386_1142192363081008_4560160636193464173_n-225x300.jpg 225w, https:\/\/kfv-mol.de\/Wordpress\/wp-content\/uploads\/2022\/11\/315938386_1142192363081008_4560160636193464173_n-1152x1536.jpg 1152w, https:\/\/kfv-mol.de\/Wordpress\/wp-content\/uploads\/2022\/11\/315938386_1142192363081008_4560160636193464173_n.jpg 1536w\" data-sizes=\"(max-width: 768px) 100vw, 768px\" src=\"data:image\/svg+xml;base64,PHN2ZyB3aWR0aD0iMSIgaGVpZ2h0PSIxIiB4bWxucz0iaHR0cDovL3d3dy53My5vcmcvMjAwMC9zdmciPjwvc3ZnPg==\" style=\"--smush-placeholder-width: 768px; --smush-placeholder-aspect-ratio: 768\/1024;\" \/><\/a><\/figure>\n\n\n\n<figure class=\"wp-block-image size-large\"><a href=\"https:\/\/kfv-mol.de\/Wordpress\/wp-content\/uploads\/2022\/11\/316052237_1142192293081015_1192804485731886879_n.jpg\"><img decoding=\"async\" width=\"1024\" height=\"546\" data-id=\"6171\" data-src=\"https:\/\/kfv-mol.de\/Wordpress\/wp-content\/uploads\/2022\/11\/316052237_1142192293081015_1192804485731886879_n-1024x546.jpg\" alt=\"\" class=\"wp-image-6171 lazyload\" data-srcset=\"https:\/\/kfv-mol.de\/Wordpress\/wp-content\/uploads\/2022\/11\/316052237_1142192293081015_1192804485731886879_n-1024x546.jpg 1024w, https:\/\/kfv-mol.de\/Wordpress\/wp-content\/uploads\/2022\/11\/316052237_1142192293081015_1192804485731886879_n-300x160.jpg 300w, https:\/\/kfv-mol.de\/Wordpress\/wp-content\/uploads\/2022\/11\/316052237_1142192293081015_1192804485731886879_n-768x409.jpg 768w, https:\/\/kfv-mol.de\/Wordpress\/wp-content\/uploads\/2022\/11\/316052237_1142192293081015_1192804485731886879_n-1536x818.jpg 1536w, https:\/\/kfv-mol.de\/Wordpress\/wp-content\/uploads\/2022\/11\/316052237_1142192293081015_1192804485731886879_n.jpg 2048w\" data-sizes=\"(max-width: 1024px) 100vw, 1024px\" src=\"data:image\/svg+xml;base64,PHN2ZyB3aWR0aD0iMSIgaGVpZ2h0PSIxIiB4bWxucz0iaHR0cDovL3d3dy53My5vcmcvMjAwMC9zdmciPjwvc3ZnPg==\" style=\"--smush-placeholder-width: 1024px; --smush-placeholder-aspect-ratio: 1024\/546;\" \/><\/a><\/figure>\n\n\n\n<figure class=\"wp-block-image size-large\"><a href=\"https:\/\/kfv-mol.de\/Wordpress\/wp-content\/uploads\/2022\/11\/316147267_1142192336414344_2380048439754851931_n.jpg\"><img decoding=\"async\" width=\"768\" height=\"1024\" data-id=\"6174\" data-src=\"https:\/\/kfv-mol.de\/Wordpress\/wp-content\/uploads\/2022\/11\/316147267_1142192336414344_2380048439754851931_n-768x1024.jpg\" alt=\"\" class=\"wp-image-6174 lazyload\" data-srcset=\"https:\/\/kfv-mol.de\/Wordpress\/wp-content\/uploads\/2022\/11\/316147267_1142192336414344_2380048439754851931_n-768x1024.jpg 768w, https:\/\/kfv-mol.de\/Wordpress\/wp-content\/uploads\/2022\/11\/316147267_1142192336414344_2380048439754851931_n-225x300.jpg 225w, https:\/\/kfv-mol.de\/Wordpress\/wp-content\/uploads\/2022\/11\/316147267_1142192336414344_2380048439754851931_n-1152x1536.jpg 1152w, https:\/\/kfv-mol.de\/Wordpress\/wp-content\/uploads\/2022\/11\/316147267_1142192336414344_2380048439754851931_n.jpg 1536w\" data-sizes=\"(max-width: 768px) 100vw, 768px\" src=\"data:image\/svg+xml;base64,PHN2ZyB3aWR0aD0iMSIgaGVpZ2h0PSIxIiB4bWxucz0iaHR0cDovL3d3dy53My5vcmcvMjAwMC9zdmciPjwvc3ZnPg==\" style=\"--smush-placeholder-width: 768px; --smush-placeholder-aspect-ratio: 768\/1024;\" \/><\/a><\/figure>\n<\/figure>\n","protected":false},"excerpt":{"rendered":"<p>Zum 27. Mal trafen sich die Alters- und Ehrenabteilungen der Feuerwehren aus Seelow- Land und der Stadt Seelow. 60 Kameraden waren auf der Veranstaltung am Freitag, den 18.11.2022 zugegen! Der B\u00fcrgermeister und der Amtsdirektor sowie die Wehrf\u00fchrungen sagten danke f\u00fcr ihren jahrzehntelangen unerm\u00fcdlichen Einsatz im Brand- und Katastrophenschutz und ihre immer noch anhaltende Unterst\u00fctzung. Kamerad [&hellip;]<\/p>\n","protected":false},"author":3,"featured_media":6177,"comment_status":"closed","ping_status":"closed","sticky":false,"template":"","format":"standard","meta":{"footnotes":""},"categories":[24,4],"tags":[],"class_list":["post-6169","post","type-post","status-publish","format-standard","has-post-thumbnail","hentry","category-alters-und-ehrenabteilungen","category-kreisfeuerwehrverband"],"_links":{"self":[{"href":"https:\/\/kfv-mol.de\/Wordpress\/wp-json\/wp\/v2\/posts\/6169","targetHints":{"allow":["GET"]}}],"collection":[{"href":"https:\/\/kfv-mol.de\/Wordpress\/wp-json\/wp\/v2\/posts"}],"about":[{"href":"https:\/\/kfv-mol.de\/Wordpress\/wp-json\/wp\/v2\/types\/post"}],"author":[{"embeddable":true,"href":"https:\/\/kfv-mol.de\/Wordpress\/wp-json\/wp\/v2\/users\/3"}],"replies":[{"embeddable":true,"href":"https:\/\/kfv-mol.de\/Wordpress\/wp-json\/wp\/v2\/comments?post=6169"}],"version-history":[{"count":0,"href":"https:\/\/kfv-mol.de\/Wordpress\/wp-json\/wp\/v2\/posts\/6169\/revisions"}],"wp:featuredmedia":[{"embeddable":true,"href":"https:\/\/kfv-mol.de\/Wordpress\/wp-json\/wp\/v2\/media\/6177"}],"wp:attachment":[{"href":"https:\/\/kfv-mol.de\/Wordpress\/wp-json\/wp\/v2\/media?parent=6169"}],"wp:term":[{"taxonomy":"category","embeddable":true,"href":"https:\/\/kfv-mol.de\/Wordpress\/wp-json\/wp\/v2\/categories?post=6169"},{"taxonomy":"post_tag","embeddable":true,"href":"https:\/\/kfv-mol.de\/Wordpress\/wp-json\/wp\/v2\/tags?post=6169"}],"curies":[{"name":"wp","href":"https:\/\/api.w.org\/{rel}","templated":true}]}}