{"id":6166,"date":"2022-11-14T11:13:10","date_gmt":"2022-11-14T10:13:10","guid":{"rendered":"https:\/\/kfv-mol.de\/Wordpress\/?p=6166"},"modified":"2023-01-29T15:18:03","modified_gmt":"2023-01-29T14:18:03","slug":"tagung-des-fachausschusses-bildung-und-verbandswesen-des-lfv-in-mol","status":"publish","type":"post","link":"https:\/\/kfv-mol.de\/Wordpress\/Artikel\/tagung-des-fachausschusses-bildung-und-verbandswesen-des-lfv-in-mol\/","title":{"rendered":"Tagung des Fachausschusses &#8222;Bildung und Verbandswesen&#8220; des LFV in MOL"},"content":{"rendered":"\n<p>Am Samstag, den 12. November 2022 tagte der FA \u201eBildung und Verbandswesen\u201c des Landesfeuerwehrverbandes Brandenburg e.V. im Ger\u00e4tehaus der FF Petershagen im Landkreis M\u00e4rkisch-Oderland. Der FA befasst sich in seiner Arbeit haupts\u00e4chlich mit der Erarbeitung von&nbsp;Vergabeordnungen f\u00fcr Leistungsnachweise, der Erarbeitung von Leitf\u00e4den f\u00fcr Ausbilder, mit Verbandsstrukturen, Ehrungen und Auszeichnungen, Standards zu Veranstaltungen und Zeremonien bzw. allgemeinen Richtlinien des Verbandes. Er tagt mindestens zweimal pro Jahr. Mitglieder des FA sind  <\/p>\n\n\n\n<ul class=\"wp-block-list\">\n<li>FA-Leiter Jan von Berger ( Potsdam)<\/li>\n\n\n\n<li>Randy Fechner (LSTE)<\/li>\n\n\n\n<li>Frank Mehlow (Spree-Nei\u00dfe)<\/li>\n\n\n\n<li>J\u00fcrgen Steffen (Uckermark)<\/li>\n\n\n\n<li>Lars Wirwich (Prignitz)<\/li>\n\n\n\n<li>Raik Brauner (M\u00e4rkisch Oderland)<\/li>\n<\/ul>\n\n\n\n<p>Thema der jetzigen Tagung war die \u00dcberarbeitung der Vergabeordnung zur Leistungsspange \u201eTechnische Hilfeleistung\u201c des Landesfeuerwehrverbandes Brandenburg e.V..<\/p>\n\n\n\n<p>Im Rahmen der Tagung wurde durch den Fachausschussleiter und Vizepr\u00e4sidenten des LFV, Jan von Bergen, der Kamerad Randy Fechner von der LSTE f\u00fcr seine au\u00dferordentlichen Leistungen bei der Mitarbeit im Fachausschuss mit dem Brandenburger-Feuerwehr-Ehrenkreuz in Silber geehrt. <\/p>\n\n\n\n<figure class=\"wp-block-image size-full\"><a href=\"https:\/\/kfv-mol.de\/Wordpress\/wp-content\/uploads\/2022\/11\/315322602_507022858120484_8543901322123867687_n.jpg\"><img decoding=\"async\" width=\"600\" height=\"600\" data-src=\"https:\/\/kfv-mol.de\/Wordpress\/wp-content\/uploads\/2022\/11\/315322602_507022858120484_8543901322123867687_n.jpg\" alt=\"\" class=\"wp-image-6167 lazyload\" data-srcset=\"https:\/\/kfv-mol.de\/Wordpress\/wp-content\/uploads\/2022\/11\/315322602_507022858120484_8543901322123867687_n.jpg 600w, https:\/\/kfv-mol.de\/Wordpress\/wp-content\/uploads\/2022\/11\/315322602_507022858120484_8543901322123867687_n-300x300.jpg 300w, https:\/\/kfv-mol.de\/Wordpress\/wp-content\/uploads\/2022\/11\/315322602_507022858120484_8543901322123867687_n-150x150.jpg 150w\" data-sizes=\"(max-width: 600px) 100vw, 600px\" src=\"data:image\/svg+xml;base64,PHN2ZyB3aWR0aD0iMSIgaGVpZ2h0PSIxIiB4bWxucz0iaHR0cDovL3d3dy53My5vcmcvMjAwMC9zdmciPjwvc3ZnPg==\" style=\"--smush-placeholder-width: 600px; --smush-placeholder-aspect-ratio: 600\/600;\" \/><\/a><\/figure>\n","protected":false},"excerpt":{"rendered":"<p>Am Samstag, den 12. November 2022 tagte der FA \u201eBildung und Verbandswesen\u201c des Landesfeuerwehrverbandes Brandenburg e.V. im Ger\u00e4tehaus der FF Petershagen im Landkreis M\u00e4rkisch-Oderland. Der FA befasst sich in seiner Arbeit haupts\u00e4chlich mit der Erarbeitung von&nbsp;Vergabeordnungen f\u00fcr Leistungsnachweise, der Erarbeitung von Leitf\u00e4den f\u00fcr Ausbilder, mit Verbandsstrukturen, Ehrungen und Auszeichnungen, Standards zu Veranstaltungen und Zeremonien bzw. [&hellip;]<\/p>\n","protected":false},"author":3,"featured_media":5457,"comment_status":"closed","ping_status":"closed","sticky":false,"template":"","format":"standard","meta":{"footnotes":""},"categories":[23,1],"tags":[],"class_list":["post-6166","post","type-post","status-publish","format-standard","has-post-thumbnail","hentry","category-landesfeuerwehrverband","category-sonstige"],"_links":{"self":[{"href":"https:\/\/kfv-mol.de\/Wordpress\/wp-json\/wp\/v2\/posts\/6166","targetHints":{"allow":["GET"]}}],"collection":[{"href":"https:\/\/kfv-mol.de\/Wordpress\/wp-json\/wp\/v2\/posts"}],"about":[{"href":"https:\/\/kfv-mol.de\/Wordpress\/wp-json\/wp\/v2\/types\/post"}],"author":[{"embeddable":true,"href":"https:\/\/kfv-mol.de\/Wordpress\/wp-json\/wp\/v2\/users\/3"}],"replies":[{"embeddable":true,"href":"https:\/\/kfv-mol.de\/Wordpress\/wp-json\/wp\/v2\/comments?post=6166"}],"version-history":[{"count":0,"href":"https:\/\/kfv-mol.de\/Wordpress\/wp-json\/wp\/v2\/posts\/6166\/revisions"}],"wp:featuredmedia":[{"embeddable":true,"href":"https:\/\/kfv-mol.de\/Wordpress\/wp-json\/wp\/v2\/media\/5457"}],"wp:attachment":[{"href":"https:\/\/kfv-mol.de\/Wordpress\/wp-json\/wp\/v2\/media?parent=6166"}],"wp:term":[{"taxonomy":"category","embeddable":true,"href":"https:\/\/kfv-mol.de\/Wordpress\/wp-json\/wp\/v2\/categories?post=6166"},{"taxonomy":"post_tag","embeddable":true,"href":"https:\/\/kfv-mol.de\/Wordpress\/wp-json\/wp\/v2\/tags?post=6166"}],"curies":[{"name":"wp","href":"https:\/\/api.w.org\/{rel}","templated":true}]}}