{"id":6149,"date":"2022-11-07T11:23:40","date_gmt":"2022-11-07T10:23:40","guid":{"rendered":"https:\/\/kfv-mol.de\/Wordpress\/?p=6149"},"modified":"2022-11-07T11:26:39","modified_gmt":"2022-11-07T10:26:39","slug":"feierliche-uebernahme-in-die-alters-und-ehrenabteilung-der-ff-hoppegarten","status":"publish","type":"post","link":"https:\/\/kfv-mol.de\/Wordpress\/Artikel\/feierliche-uebernahme-in-die-alters-und-ehrenabteilung-der-ff-hoppegarten\/","title":{"rendered":"Feierliche \u00dcbernahme in die Alters- und Ehrenabteilung der FF Hoppegarten"},"content":{"rendered":"\n<p>Am Freitag, den 04. November 2022 konnte die FF Hoppegarten im feierlichen Rahmen den Wechsel unseres Kameraden <strong>Ersten HBM Bernd Keller<\/strong> von der Einsatzabteilung in die Alters- und Ehrenabteilung der Ortsfeuerwehr Dahlwitz-Hoppegarten begehen.  Kam. Keller erreicht im November sein 67. Lebensjahr. Seitens des KFV MOL waren die Kameraden Uwe Pranzner und Eckhard Naujoks anwesend.<\/p>\n\n\n\n<p>Kam. Bernd Keller wurde 1955 geboren. Er wuchs in Fredersdorf-Nord in einer Feuerwehrfamilie auf: sein Gro\u00dfvater war bereits Mitglied in Fredersdorf-Nord, genauso wie sein Vater (der sp\u00e4ter auch Berufsfeuerwehrmann wurde). 1976 trat er selbst in die FF Fredersdorf-Nord ein. <\/p>\n\n\n\n<figure class=\"wp-block-image size-full\"><a href=\"https:\/\/kfv-mol.de\/Wordpress\/wp-content\/uploads\/2022\/11\/DSC_7498-1.jpg\"><img decoding=\"async\" width=\"858\" height=\"483\" data-src=\"https:\/\/kfv-mol.de\/Wordpress\/wp-content\/uploads\/2022\/11\/DSC_7498-1.jpg\" alt=\"\" class=\"wp-image-6152 lazyload\" data-srcset=\"https:\/\/kfv-mol.de\/Wordpress\/wp-content\/uploads\/2022\/11\/DSC_7498-1.jpg 858w, https:\/\/kfv-mol.de\/Wordpress\/wp-content\/uploads\/2022\/11\/DSC_7498-1-300x169.jpg 300w, https:\/\/kfv-mol.de\/Wordpress\/wp-content\/uploads\/2022\/11\/DSC_7498-1-768x432.jpg 768w\" data-sizes=\"(max-width: 858px) 100vw, 858px\" src=\"data:image\/svg+xml;base64,PHN2ZyB3aWR0aD0iMSIgaGVpZ2h0PSIxIiB4bWxucz0iaHR0cDovL3d3dy53My5vcmcvMjAwMC9zdmciPjwvc3ZnPg==\" style=\"--smush-placeholder-width: 858px; --smush-placeholder-aspect-ratio: 858\/483;\" \/><\/a><\/figure>\n\n\n\n<p>1983 erfolgte berufsbedingt der Wechsel in die FF Dahlwitz-Hoppegarten. Hier qualifizierte er sich bis zum Zugf\u00fchrer weiter und \u00fcbernahm nach der politischen Wende mehrere Amtszeiten die Funktionen als Ortswehrf\u00fchrer bzw. stv. Ortswehrf\u00fchrer. In seine Amtszeiten fallen unter anderem die Errichtung des Feuerwehrneubaus im Jahre 1997, sowie die Zuf\u00fchrung neuer Fahrzeugtechnik in den Jahren 1997 (LF 16\/12), 2000 (VGW), 2002 (TLF 16\/25) und 2012 (GW-L2). Kam. Keller nahm auch an den Katastrophenwaldbr\u00e4nden im Jahr 1992 sowie am Oderhochwasser 1997 teil.<\/p>\n\n\n\n<p>Kam. Keller hatte die Kameraden der Ortsfeuerwehr Dahlwitz-Hoppegarten am Freitag, 04.11.22 zu einem gem\u00fctlichen Abend miteinander eingeladen. Von dem organisierten Rahmenprogramm wusste er allerdings nichts. Zun\u00e4chst wurde er stilecht eingekleidet mit einer PSA der 1980er Jahre. Dann fuhren die Kameraden der FF Rehfelde mit ihrem TLF 15 &#8211; G5 vor. W\u00e4hrend Bernd als Zugf\u00fchrer mit dem TLF 15 eine gro\u00dfe Runde durch die Gemeinde Hoppegarten drehte, bereiteten die Kameraden alles weitere vor. <\/p>\n\n\n\n<p>Bei Ankunft am Ger\u00e4tehaus erwartete Bernd ein Fackelspalier aller Anwesenden und &#8222;sein letztes Feuer&#8220;. Hierzu erhielt er vom stv. GWF den entsprechenden Einsatzbefehl zur Bek\u00e4mpfung des kleinen Brandherdes. Die Aufgabe wurde mit Bravour unter Einsatz des Wenderohres des TLF 15 gemeistert. Im Anschluss empfing Kam. Keller die Gl\u00fcckw\u00fcnsche f\u00fcr den Feuerwehr-Ruhestand nebst zugeh\u00f6riger Pr\u00e4sente. Wir hoffen, dass uns Bernd auch in der A+E-Abteilung noch lange erhalten bleiben wird.<\/p>\n\n\n\n<p>Ein besonderer Dank gilt den Kameraden der FF Rehfelde und Fredersdorf-Nord, welche die Zeremonie mit begleitet haben.<\/p>\n\n\n\n<p>von Ronny Gr\u00fctzke, Ortswehrf\u00fchrer Dahlwitz-Hoppegarten<\/p>\n\n\n\n<figure class=\"wp-block-gallery has-nested-images columns-default is-cropped wp-block-gallery-1 is-layout-flex wp-block-gallery-is-layout-flex\">\n<figure class=\"wp-block-image size-large\"><a href=\"https:\/\/kfv-mol.de\/Wordpress\/wp-content\/uploads\/2022\/11\/DSC_7424.jpg\"><img decoding=\"async\" width=\"1024\" height=\"683\" data-id=\"6156\" data-src=\"https:\/\/kfv-mol.de\/Wordpress\/wp-content\/uploads\/2022\/11\/DSC_7424-1024x683.jpg\" alt=\"\" class=\"wp-image-6156 lazyload\" data-srcset=\"https:\/\/kfv-mol.de\/Wordpress\/wp-content\/uploads\/2022\/11\/DSC_7424-1024x683.jpg 1024w, https:\/\/kfv-mol.de\/Wordpress\/wp-content\/uploads\/2022\/11\/DSC_7424-300x200.jpg 300w, https:\/\/kfv-mol.de\/Wordpress\/wp-content\/uploads\/2022\/11\/DSC_7424-768x512.jpg 768w, https:\/\/kfv-mol.de\/Wordpress\/wp-content\/uploads\/2022\/11\/DSC_7424-1536x1024.jpg 1536w, https:\/\/kfv-mol.de\/Wordpress\/wp-content\/uploads\/2022\/11\/DSC_7424.jpg 2048w\" data-sizes=\"(max-width: 1024px) 100vw, 1024px\" src=\"data:image\/svg+xml;base64,PHN2ZyB3aWR0aD0iMSIgaGVpZ2h0PSIxIiB4bWxucz0iaHR0cDovL3d3dy53My5vcmcvMjAwMC9zdmciPjwvc3ZnPg==\" style=\"--smush-placeholder-width: 1024px; --smush-placeholder-aspect-ratio: 1024\/683;\" \/><\/a><figcaption>Eintreffen Kam. Keller am &#8222;Einsatzort&#8220; mit TLF 15<\/figcaption><\/figure>\n\n\n\n<figure class=\"wp-block-image size-large\"><a href=\"https:\/\/kfv-mol.de\/Wordpress\/wp-content\/uploads\/2022\/11\/DSC_7434.jpg\"><img decoding=\"async\" width=\"1024\" height=\"683\" data-id=\"6157\" data-src=\"https:\/\/kfv-mol.de\/Wordpress\/wp-content\/uploads\/2022\/11\/DSC_7434-1024x683.jpg\" alt=\"\" class=\"wp-image-6157 lazyload\" data-srcset=\"https:\/\/kfv-mol.de\/Wordpress\/wp-content\/uploads\/2022\/11\/DSC_7434-1024x683.jpg 1024w, https:\/\/kfv-mol.de\/Wordpress\/wp-content\/uploads\/2022\/11\/DSC_7434-300x200.jpg 300w, https:\/\/kfv-mol.de\/Wordpress\/wp-content\/uploads\/2022\/11\/DSC_7434-768x512.jpg 768w, https:\/\/kfv-mol.de\/Wordpress\/wp-content\/uploads\/2022\/11\/DSC_7434-1536x1024.jpg 1536w, https:\/\/kfv-mol.de\/Wordpress\/wp-content\/uploads\/2022\/11\/DSC_7434.jpg 2048w\" data-sizes=\"(max-width: 1024px) 100vw, 1024px\" src=\"data:image\/svg+xml;base64,PHN2ZyB3aWR0aD0iMSIgaGVpZ2h0PSIxIiB4bWxucz0iaHR0cDovL3d3dy53My5vcmcvMjAwMC9zdmciPjwvc3ZnPg==\" style=\"--smush-placeholder-width: 1024px; --smush-placeholder-aspect-ratio: 1024\/683;\" \/><\/a><figcaption>Erhalt &#8222;Einsatzbefehl&#8220; von stv. GWF Detlev Kriebitzsch (links) und GWF Marius Venslauskas (Mitte<\/figcaption><\/figure>\n\n\n\n<figure class=\"wp-block-image size-large\"><a href=\"https:\/\/kfv-mol.de\/Wordpress\/wp-content\/uploads\/2022\/11\/DSC_7452.jpg\"><img decoding=\"async\" width=\"683\" height=\"1024\" data-id=\"6155\" data-src=\"https:\/\/kfv-mol.de\/Wordpress\/wp-content\/uploads\/2022\/11\/DSC_7452-683x1024.jpg\" alt=\"\" class=\"wp-image-6155 lazyload\" data-srcset=\"https:\/\/kfv-mol.de\/Wordpress\/wp-content\/uploads\/2022\/11\/DSC_7452-683x1024.jpg 683w, https:\/\/kfv-mol.de\/Wordpress\/wp-content\/uploads\/2022\/11\/DSC_7452-200x300.jpg 200w, https:\/\/kfv-mol.de\/Wordpress\/wp-content\/uploads\/2022\/11\/DSC_7452-768x1152.jpg 768w, https:\/\/kfv-mol.de\/Wordpress\/wp-content\/uploads\/2022\/11\/DSC_7452-1024x1536.jpg 1024w, https:\/\/kfv-mol.de\/Wordpress\/wp-content\/uploads\/2022\/11\/DSC_7452.jpg 1365w\" data-sizes=\"(max-width: 683px) 100vw, 683px\" src=\"data:image\/svg+xml;base64,PHN2ZyB3aWR0aD0iMSIgaGVpZ2h0PSIxIiB4bWxucz0iaHR0cDovL3d3dy53My5vcmcvMjAwMC9zdmciPjwvc3ZnPg==\" style=\"--smush-placeholder-width: 683px; --smush-placeholder-aspect-ratio: 683\/1024;\" \/><\/a><figcaption>Brandbek\u00e4mpfung mit Wenderohr TLF 15<\/figcaption><\/figure>\n\n\n\n<figure class=\"wp-block-image size-large\"><a href=\"https:\/\/kfv-mol.de\/Wordpress\/wp-content\/uploads\/2022\/11\/DSC_7458.jpg\"><img decoding=\"async\" width=\"1024\" height=\"683\" data-id=\"6154\" data-src=\"https:\/\/kfv-mol.de\/Wordpress\/wp-content\/uploads\/2022\/11\/DSC_7458-1024x683.jpg\" alt=\"\" class=\"wp-image-6154 lazyload\" data-srcset=\"https:\/\/kfv-mol.de\/Wordpress\/wp-content\/uploads\/2022\/11\/DSC_7458-1024x683.jpg 1024w, https:\/\/kfv-mol.de\/Wordpress\/wp-content\/uploads\/2022\/11\/DSC_7458-300x200.jpg 300w, https:\/\/kfv-mol.de\/Wordpress\/wp-content\/uploads\/2022\/11\/DSC_7458-768x512.jpg 768w, https:\/\/kfv-mol.de\/Wordpress\/wp-content\/uploads\/2022\/11\/DSC_7458-1536x1024.jpg 1536w, https:\/\/kfv-mol.de\/Wordpress\/wp-content\/uploads\/2022\/11\/DSC_7458.jpg 2048w\" data-sizes=\"(max-width: 1024px) 100vw, 1024px\" src=\"data:image\/svg+xml;base64,PHN2ZyB3aWR0aD0iMSIgaGVpZ2h0PSIxIiB4bWxucz0iaHR0cDovL3d3dy53My5vcmcvMjAwMC9zdmciPjwvc3ZnPg==\" style=\"--smush-placeholder-width: 1024px; --smush-placeholder-aspect-ratio: 1024\/683;\" \/><\/a><figcaption>Fackelzug der Kameraden<\/figcaption><\/figure>\n\n\n\n<figure class=\"wp-block-image size-large\"><a href=\"https:\/\/kfv-mol.de\/Wordpress\/wp-content\/uploads\/2022\/11\/DSC_7498-2.jpg\"><img decoding=\"async\" width=\"683\" height=\"1024\" data-id=\"6158\" data-src=\"https:\/\/kfv-mol.de\/Wordpress\/wp-content\/uploads\/2022\/11\/DSC_7498-2-683x1024.jpg\" alt=\"\" class=\"wp-image-6158 lazyload\" data-srcset=\"https:\/\/kfv-mol.de\/Wordpress\/wp-content\/uploads\/2022\/11\/DSC_7498-2-683x1024.jpg 683w, https:\/\/kfv-mol.de\/Wordpress\/wp-content\/uploads\/2022\/11\/DSC_7498-2-200x300.jpg 200w, https:\/\/kfv-mol.de\/Wordpress\/wp-content\/uploads\/2022\/11\/DSC_7498-2-768x1152.jpg 768w, https:\/\/kfv-mol.de\/Wordpress\/wp-content\/uploads\/2022\/11\/DSC_7498-2-1024x1536.jpg 1024w, https:\/\/kfv-mol.de\/Wordpress\/wp-content\/uploads\/2022\/11\/DSC_7498-2.jpg 1365w\" data-sizes=\"(max-width: 683px) 100vw, 683px\" src=\"data:image\/svg+xml;base64,PHN2ZyB3aWR0aD0iMSIgaGVpZ2h0PSIxIiB4bWxucz0iaHR0cDovL3d3dy53My5vcmcvMjAwMC9zdmciPjwvc3ZnPg==\" style=\"--smush-placeholder-width: 683px; --smush-placeholder-aspect-ratio: 683\/1024;\" \/><\/a><figcaption>Erhalt Urkunde Alters- und Ehrenabteilung<\/figcaption><\/figure>\n\n\n\n<figure class=\"wp-block-image size-large\"><a href=\"https:\/\/kfv-mol.de\/Wordpress\/wp-content\/uploads\/2022\/11\/DSC_7547.jpg\"><img decoding=\"async\" width=\"1024\" height=\"683\" data-id=\"6160\" data-src=\"https:\/\/kfv-mol.de\/Wordpress\/wp-content\/uploads\/2022\/11\/DSC_7547-1024x683.jpg\" alt=\"\" class=\"wp-image-6160 lazyload\" data-srcset=\"https:\/\/kfv-mol.de\/Wordpress\/wp-content\/uploads\/2022\/11\/DSC_7547-1024x683.jpg 1024w, https:\/\/kfv-mol.de\/Wordpress\/wp-content\/uploads\/2022\/11\/DSC_7547-300x200.jpg 300w, https:\/\/kfv-mol.de\/Wordpress\/wp-content\/uploads\/2022\/11\/DSC_7547-768x512.jpg 768w, https:\/\/kfv-mol.de\/Wordpress\/wp-content\/uploads\/2022\/11\/DSC_7547-1536x1024.jpg 1536w, https:\/\/kfv-mol.de\/Wordpress\/wp-content\/uploads\/2022\/11\/DSC_7547.jpg 2048w\" data-sizes=\"(max-width: 1024px) 100vw, 1024px\" src=\"data:image\/svg+xml;base64,PHN2ZyB3aWR0aD0iMSIgaGVpZ2h0PSIxIiB4bWxucz0iaHR0cDovL3d3dy53My5vcmcvMjAwMC9zdmciPjwvc3ZnPg==\" style=\"--smush-placeholder-width: 1024px; --smush-placeholder-aspect-ratio: 1024\/683;\" \/><\/a><figcaption>Dankesworte von Kam. Keller an die Kameraden<\/figcaption><\/figure>\n\n\n\n<figure class=\"wp-block-image size-large\"><a href=\"https:\/\/kfv-mol.de\/Wordpress\/wp-content\/uploads\/2022\/11\/DSC_7564.jpg\"><img decoding=\"async\" width=\"1024\" height=\"683\" data-id=\"6159\" data-src=\"https:\/\/kfv-mol.de\/Wordpress\/wp-content\/uploads\/2022\/11\/DSC_7564-1024x683.jpg\" alt=\"\" class=\"wp-image-6159 lazyload\" data-srcset=\"https:\/\/kfv-mol.de\/Wordpress\/wp-content\/uploads\/2022\/11\/DSC_7564-1024x683.jpg 1024w, https:\/\/kfv-mol.de\/Wordpress\/wp-content\/uploads\/2022\/11\/DSC_7564-300x200.jpg 300w, https:\/\/kfv-mol.de\/Wordpress\/wp-content\/uploads\/2022\/11\/DSC_7564-768x512.jpg 768w, https:\/\/kfv-mol.de\/Wordpress\/wp-content\/uploads\/2022\/11\/DSC_7564-1536x1024.jpg 1536w, https:\/\/kfv-mol.de\/Wordpress\/wp-content\/uploads\/2022\/11\/DSC_7564.jpg 2048w\" data-sizes=\"(max-width: 1024px) 100vw, 1024px\" src=\"data:image\/svg+xml;base64,PHN2ZyB3aWR0aD0iMSIgaGVpZ2h0PSIxIiB4bWxucz0iaHR0cDovL3d3dy53My5vcmcvMjAwMC9zdmciPjwvc3ZnPg==\" style=\"--smush-placeholder-width: 1024px; --smush-placeholder-aspect-ratio: 1024\/683;\" \/><\/a><figcaption>Kam. Keller mit den Kameraden aus Fredersdorf-Nord<br>&nbsp;<\/figcaption><\/figure>\n<\/figure>\n","protected":false},"excerpt":{"rendered":"<p>Am Freitag, den 04. November 2022 konnte die FF Hoppegarten im feierlichen Rahmen den Wechsel unseres Kameraden Ersten HBM Bernd Keller von der Einsatzabteilung in die Alters- und Ehrenabteilung der Ortsfeuerwehr Dahlwitz-Hoppegarten begehen. Kam. Keller erreicht im November sein 67. Lebensjahr. Seitens des KFV MOL waren die Kameraden Uwe Pranzner und Eckhard Naujoks anwesend. Kam. [&hellip;]<\/p>\n","protected":false},"author":3,"featured_media":6118,"comment_status":"closed","ping_status":"closed","sticky":false,"template":"","format":"standard","meta":{"footnotes":""},"categories":[1],"tags":[],"class_list":["post-6149","post","type-post","status-publish","format-standard","has-post-thumbnail","hentry","category-sonstige"],"_links":{"self":[{"href":"https:\/\/kfv-mol.de\/Wordpress\/wp-json\/wp\/v2\/posts\/6149","targetHints":{"allow":["GET"]}}],"collection":[{"href":"https:\/\/kfv-mol.de\/Wordpress\/wp-json\/wp\/v2\/posts"}],"about":[{"href":"https:\/\/kfv-mol.de\/Wordpress\/wp-json\/wp\/v2\/types\/post"}],"author":[{"embeddable":true,"href":"https:\/\/kfv-mol.de\/Wordpress\/wp-json\/wp\/v2\/users\/3"}],"replies":[{"embeddable":true,"href":"https:\/\/kfv-mol.de\/Wordpress\/wp-json\/wp\/v2\/comments?post=6149"}],"version-history":[{"count":0,"href":"https:\/\/kfv-mol.de\/Wordpress\/wp-json\/wp\/v2\/posts\/6149\/revisions"}],"wp:featuredmedia":[{"embeddable":true,"href":"https:\/\/kfv-mol.de\/Wordpress\/wp-json\/wp\/v2\/media\/6118"}],"wp:attachment":[{"href":"https:\/\/kfv-mol.de\/Wordpress\/wp-json\/wp\/v2\/media?parent=6149"}],"wp:term":[{"taxonomy":"category","embeddable":true,"href":"https:\/\/kfv-mol.de\/Wordpress\/wp-json\/wp\/v2\/categories?post=6149"},{"taxonomy":"post_tag","embeddable":true,"href":"https:\/\/kfv-mol.de\/Wordpress\/wp-json\/wp\/v2\/tags?post=6149"}],"curies":[{"name":"wp","href":"https:\/\/api.w.org\/{rel}","templated":true}]}}