{"id":6117,"date":"2022-10-27T07:56:10","date_gmt":"2022-10-27T06:56:10","guid":{"rendered":"https:\/\/kfv-mol.de\/Wordpress\/?p=6117"},"modified":"2022-10-27T08:20:02","modified_gmt":"2022-10-27T07:20:02","slug":"herbsttreffen-des-fa-traditionspflege","status":"publish","type":"post","link":"https:\/\/kfv-mol.de\/Wordpress\/Artikel\/herbsttreffen-des-fa-traditionspflege\/","title":{"rendered":"Herbsttreffen des FA Traditionspflege"},"content":{"rendered":"\n<p>Am Mittwoch, dem 26.10.2022 trafen sich die Mitglieder des Fachausschusses des KFV MOL zu ihrer Herbsttagung im Ger\u00e4tehaus der FF Seelow.<\/p>\n\n\n\n<p>Die FA- Mitglieder wurden vom stellv. Stadtwehrf\u00fchrer Sebastian Scholz begr\u00fc\u00dft und die FF Seelow mit ihrer Einsatztechnik und dem k\u00fcrzlich sanierten Ger\u00e4tehaus vorgestellt.<\/p>\n\n\n\n<figure class=\"wp-block-image size-large is-resized\"><a href=\"https:\/\/kfv-mol.de\/Wordpress\/wp-content\/uploads\/2022\/10\/20221026_154252-scaled.jpg\"><img decoding=\"async\" data-src=\"https:\/\/kfv-mol.de\/Wordpress\/wp-content\/uploads\/2022\/10\/20221026_154252-1024x768.jpg\" alt=\"\" class=\"wp-image-6123 lazyload\" width=\"768\" height=\"576\" data-srcset=\"https:\/\/kfv-mol.de\/Wordpress\/wp-content\/uploads\/2022\/10\/20221026_154252-1024x768.jpg 1024w, https:\/\/kfv-mol.de\/Wordpress\/wp-content\/uploads\/2022\/10\/20221026_154252-300x225.jpg 300w, https:\/\/kfv-mol.de\/Wordpress\/wp-content\/uploads\/2022\/10\/20221026_154252-768x576.jpg 768w, https:\/\/kfv-mol.de\/Wordpress\/wp-content\/uploads\/2022\/10\/20221026_154252-1536x1152.jpg 1536w, https:\/\/kfv-mol.de\/Wordpress\/wp-content\/uploads\/2022\/10\/20221026_154252-2048x1536.jpg 2048w\" data-sizes=\"(max-width: 768px) 100vw, 768px\" src=\"data:image\/svg+xml;base64,PHN2ZyB3aWR0aD0iMSIgaGVpZ2h0PSIxIiB4bWxucz0iaHR0cDovL3d3dy53My5vcmcvMjAwMC9zdmciPjwvc3ZnPg==\" style=\"--smush-placeholder-width: 768px; --smush-placeholder-aspect-ratio: 768\/576;\" \/><\/a><\/figure>\n\n\n\n<p>Der Fachausschuss unter Leitung des Kameraden Rene Kruschke besch\u00e4ftigte sich mit der Auswertung von Tagungen und Treffen auf Landesebene und den Stand eigener Vorhaben.<\/p>\n\n\n\n<p>So soll eine Aufstellung aller Wehrleiter zum Ende der DDR 1990 im Landkreis nach dem Vorbild des Altkreises Strausberg auch f\u00fcr Seelow und Freienwalde erstellt werden. Kamerad Hartmut Sommer von der FF Seelow wird hierzu auch das Archiv der Kreisverwaltung einbeziehen.<\/p>\n\n\n\n<p>Nach dem Muster des Landesfeuerwehrverbandes wird z.Z. an einer Zusammenstellung \u00fcber Pers\u00f6nlichkeiten der Feuerwehren mit ihren Biografien auf dem Gebiet des heutigen Landkreises MOL von den Anf\u00e4ngen 1855 bis heute gearbeitet.<\/p>\n\n\n\n<p>F\u00fcr das Fr\u00fchjahr 2023 ist u.a. ein Besuch des Feuerwehrmuseums in Kunow ( bei Schwedt) geplant.<\/p>\n\n\n\n<p>Als Gast war der ehemalige Vorsitzende des KFV Hans-Dieter Kandzia geladen.<\/p>\n\n\n\n<figure class=\"wp-block-gallery has-nested-images columns-default is-cropped wp-block-gallery-1 is-layout-flex wp-block-gallery-is-layout-flex\">\n<figure class=\"wp-block-image size-large\"><a href=\"https:\/\/kfv-mol.de\/Wordpress\/wp-content\/uploads\/2022\/10\/DSC_0068-scaled.jpg\"><img decoding=\"async\" width=\"768\" height=\"1024\" data-id=\"6120\" data-src=\"https:\/\/kfv-mol.de\/Wordpress\/wp-content\/uploads\/2022\/10\/DSC_0068-768x1024.jpg\" alt=\"\" class=\"wp-image-6120 lazyload\" data-srcset=\"https:\/\/kfv-mol.de\/Wordpress\/wp-content\/uploads\/2022\/10\/DSC_0068-768x1024.jpg 768w, https:\/\/kfv-mol.de\/Wordpress\/wp-content\/uploads\/2022\/10\/DSC_0068-225x300.jpg 225w, https:\/\/kfv-mol.de\/Wordpress\/wp-content\/uploads\/2022\/10\/DSC_0068-1152x1536.jpg 1152w, https:\/\/kfv-mol.de\/Wordpress\/wp-content\/uploads\/2022\/10\/DSC_0068-1536x2048.jpg 1536w, https:\/\/kfv-mol.de\/Wordpress\/wp-content\/uploads\/2022\/10\/DSC_0068-scaled.jpg 1920w\" data-sizes=\"(max-width: 768px) 100vw, 768px\" src=\"data:image\/svg+xml;base64,PHN2ZyB3aWR0aD0iMSIgaGVpZ2h0PSIxIiB4bWxucz0iaHR0cDovL3d3dy53My5vcmcvMjAwMC9zdmciPjwvc3ZnPg==\" style=\"--smush-placeholder-width: 768px; --smush-placeholder-aspect-ratio: 768\/1024;\" \/><\/a><\/figure>\n\n\n\n<figure class=\"wp-block-image size-large\"><a href=\"https:\/\/kfv-mol.de\/Wordpress\/wp-content\/uploads\/2022\/10\/DSC_0070-scaled.jpg\"><img decoding=\"async\" width=\"768\" height=\"1024\" data-id=\"6119\" data-src=\"https:\/\/kfv-mol.de\/Wordpress\/wp-content\/uploads\/2022\/10\/DSC_0070-768x1024.jpg\" alt=\"\" class=\"wp-image-6119 lazyload\" data-srcset=\"https:\/\/kfv-mol.de\/Wordpress\/wp-content\/uploads\/2022\/10\/DSC_0070-768x1024.jpg 768w, https:\/\/kfv-mol.de\/Wordpress\/wp-content\/uploads\/2022\/10\/DSC_0070-225x300.jpg 225w, https:\/\/kfv-mol.de\/Wordpress\/wp-content\/uploads\/2022\/10\/DSC_0070-1152x1536.jpg 1152w, https:\/\/kfv-mol.de\/Wordpress\/wp-content\/uploads\/2022\/10\/DSC_0070-1536x2048.jpg 1536w, https:\/\/kfv-mol.de\/Wordpress\/wp-content\/uploads\/2022\/10\/DSC_0070-scaled.jpg 1920w\" data-sizes=\"(max-width: 768px) 100vw, 768px\" src=\"data:image\/svg+xml;base64,PHN2ZyB3aWR0aD0iMSIgaGVpZ2h0PSIxIiB4bWxucz0iaHR0cDovL3d3dy53My5vcmcvMjAwMC9zdmciPjwvc3ZnPg==\" style=\"--smush-placeholder-width: 768px; --smush-placeholder-aspect-ratio: 768\/1024;\" \/><\/a><\/figure>\n<\/figure>\n","protected":false},"excerpt":{"rendered":"<p>Am Mittwoch, dem 26.10.2022 trafen sich die Mitglieder des Fachausschusses des KFV MOL zu ihrer Herbsttagung im Ger\u00e4tehaus der FF Seelow. Die FA- Mitglieder wurden vom stellv. Stadtwehrf\u00fchrer Sebastian Scholz begr\u00fc\u00dft und die FF Seelow mit ihrer Einsatztechnik und dem k\u00fcrzlich sanierten Ger\u00e4tehaus vorgestellt. Der Fachausschuss unter Leitung des Kameraden Rene Kruschke besch\u00e4ftigte sich mit [&hellip;]<\/p>\n","protected":false},"author":3,"featured_media":6121,"comment_status":"closed","ping_status":"closed","sticky":false,"template":"","format":"standard","meta":{"footnotes":""},"categories":[1],"tags":[],"class_list":["post-6117","post","type-post","status-publish","format-standard","has-post-thumbnail","hentry","category-sonstige"],"_links":{"self":[{"href":"https:\/\/kfv-mol.de\/Wordpress\/wp-json\/wp\/v2\/posts\/6117","targetHints":{"allow":["GET"]}}],"collection":[{"href":"https:\/\/kfv-mol.de\/Wordpress\/wp-json\/wp\/v2\/posts"}],"about":[{"href":"https:\/\/kfv-mol.de\/Wordpress\/wp-json\/wp\/v2\/types\/post"}],"author":[{"embeddable":true,"href":"https:\/\/kfv-mol.de\/Wordpress\/wp-json\/wp\/v2\/users\/3"}],"replies":[{"embeddable":true,"href":"https:\/\/kfv-mol.de\/Wordpress\/wp-json\/wp\/v2\/comments?post=6117"}],"version-history":[{"count":0,"href":"https:\/\/kfv-mol.de\/Wordpress\/wp-json\/wp\/v2\/posts\/6117\/revisions"}],"wp:featuredmedia":[{"embeddable":true,"href":"https:\/\/kfv-mol.de\/Wordpress\/wp-json\/wp\/v2\/media\/6121"}],"wp:attachment":[{"href":"https:\/\/kfv-mol.de\/Wordpress\/wp-json\/wp\/v2\/media?parent=6117"}],"wp:term":[{"taxonomy":"category","embeddable":true,"href":"https:\/\/kfv-mol.de\/Wordpress\/wp-json\/wp\/v2\/categories?post=6117"},{"taxonomy":"post_tag","embeddable":true,"href":"https:\/\/kfv-mol.de\/Wordpress\/wp-json\/wp\/v2\/tags?post=6117"}],"curies":[{"name":"wp","href":"https:\/\/api.w.org\/{rel}","templated":true}]}}