{"id":6108,"date":"2022-10-23T10:39:42","date_gmt":"2022-10-23T09:39:42","guid":{"rendered":"https:\/\/kfv-mol.de\/Wordpress\/?p=6108"},"modified":"2022-10-23T10:39:43","modified_gmt":"2022-10-23T09:39:43","slug":"grossuebung-flugzeugunfall-in-neuhardenberg","status":"publish","type":"post","link":"https:\/\/kfv-mol.de\/Wordpress\/Artikel\/grossuebung-flugzeugunfall-in-neuhardenberg\/","title":{"rendered":"Gro\u00df\u00fcbung &#8222;Flugzeugunfall&#8220; in Neuhardenberg"},"content":{"rendered":"\n<p>Artikel der MOZ Seelow, Katja Gehring<\/p>\n\n\n\n<p>Gemeinsam mit den Freiwilligen Feuerwehren der Region f\u00fchrte der Landkreis M\u00e4rkisch-Oderland am Sonnabend (22. Oktober) eine gro\u00dfangelegte Katastrophenschutz\u00fcbung durch. Das prim\u00e4re Ziel der Aktion war die Erprobung der Zusammenarbeit der im Katastrophenschutz mitwirkenden Beh\u00f6rden, Einheiten und Organisationen sowie die \u00dcberpr\u00fcfung der Einsatzbereitschaft der beteiligten Einsatzkr\u00e4fte im Bereich der zust\u00e4ndigen Aufgabentr\u00e4ger.<\/p>\n\n\n\n<p>Feuerwehrleute, Rettungskr\u00e4fte und sogar Flugleiter J\u00fcrgen Auge waren nicht eingeweiht. Die \u00dcbung auf dem Airport Neuhardenberg sollte unter m\u00f6glichst realistischen Bedingungen ablaufen. Flugplatz-Chef Uwe H\u00e4dicke stellt sein Areal gern daf\u00fcr zur Verf\u00fcgung. \u201eSo k\u00f6nnen wir auch unsere eigenen Leute testen.\u201c Die letzte Gro\u00df\u00fcbung, so H\u00e4dicke, habe es vor 13 Jahren gegeben.<\/p>\n\n\n\n<p>Und das war das Szenario: Am Morgen des 22. Oktober beginnt ein Passagierflugzeug des Typs Airbus A320 den Landeanflug auf den Flugplatz\u00a0<a rel=\"noreferrer noopener\" href=\"https:\/\/www.moz.de\/thema\/neuhardenberg\" target=\"_blank\">Neuhardenberg<\/a>. Bei der Landung rei\u00dft ein Fahrwerk ab, das Flugzeug kommt von der Landebahn ab und neben dieser zum Stillstand. Durch den Aufprall hat sich die Tragfl\u00e4che vom Flugzeugrumpf getrennt. Ein Triebwerk und das Innere des Flugzeuges brennen. Ein Gro\u00dfteil der Passagiere konnte den Fahrgastraum des Flugzeuges verlassen. Einige Flugg\u00e4ste befinden sich noch im Innenraum. Um 9.42 Uhr informiert Flugleiter J\u00fcrgen Auge die Leitstelle mit dem Hinweis auf die \u00dcbung. Die Einsatzkr\u00e4fte hingegen werden mit dem Stichwort \u201eH: Flugzeugunfall-Gro\u00df\u201c alarmiert.<\/p>\n\n\n\n<p>Es dauert keine zwei Minuten, da heulen die Sirenen im Ort. Asche fliegt durch die Luft, \u00fcber dem gro\u00dfen Hangar steigt Rauch auf. Lichterloh brennt die Flugzeug-Attrappe. Die erste Feuerwehr \u2013 aus Altfriedland \u2013 trifft um 9.54 Uhr ein. Sofort werden die Einsatzkr\u00e4fte konfrontiert mit den Flammen und mit Hilfeschreien. \u00dcberall auf dem Gel\u00e4nde sitzen oder liegen Verletzte. Manche von ihnen irren \u00fcber den Flugplatz, suchen ihre Angeh\u00f6rigen. Traumatisierte Menschen mit Blut verschmierten und zum Teil verbrannten Gesichtern oder sogar abgerissenen Gliedma\u00dfen \u2013 t\u00e4uschend echt wirkt das Bild, das sich den Helfern bietet. Die Verletzten werden von Leuten der Johanniter Unfallhilfe gespielt, ihre geschminkten Wunden sind von echten kaum zu unterscheiden.<\/p>\n\n\n\n<p>Die Feuerwehrleute teilen sich auf. Alle scheinen ihre Aufgabe zu kennen. Die einen l\u00f6schen die Flammen, die anderen widmen sich den Verletzten. Dabei geht es vor allem darum, beruhigend zur Seite zu stehen. Da ist der Pilot, der alle auffordert, wieder einzusteigen, um weiterzufliegen. Und die junge Frau, die in seine Richtung br\u00fcllt: \u201eGeh weg, du hast alles kaputt gemacht. Mein Mann ist verbrannt.\u201c Die Statisten spielen ihr Schicksal so gut, dass so manch Verantwortlicher zwiegespalten ist. Was macht diese \u00dcbung mit den Einsatzkr\u00e4ften? Wie verkraften die Feuerwehrleute, dass sie Tote aus dem Wrack bergen m\u00fcssen? Und finden die Statisten sp\u00e4ter aus ihrem Spiel auch wieder heraus? Immerhin harren sie stundenlang aus in der Rolle und an dem ihnen zugewiesenen Platz. \u201eEs ist tats\u00e4chlich sehr realistisch\u201c, best\u00e4tigt Dennis Ferch, Leiter der Notfallseelsorge MOL. Er ist an diesem Vormittag aus zwei Gr\u00fcnden bei der \u00dcbung dabei. Um seine Leute zu beobachten, aber auch um bei Bedarf den Helfern und Schauspielern beizustehen. Sollte dies notwendig werden, w\u00fcrde er f\u00fcr die Betroffenen ein ruhiges Pl\u00e4tzchen suchen, wie er sagt. \u201eSie vom Geschehen runternehmen, damit das Visuelle verschwindet\u201c, erkl\u00e4rt Ferch.<\/p>\n\n\n\n<p>An der \u00dcbung sind 254 alarmierten Einsatzkr\u00e4fte von den Feuerwehren Altfriedland, Neuhardenberg, Gusow-Platkow, Seelow, Dolgelin und M\u00fcncheberg, vom Rettungsdienst und vom Katastrophenschutz beteiligt. Hinter einem Zaun, der in ausreichendem Abstand zum Brandherd aufgestellt wurde, halten sich Beobachter auf, die die \u00dcbung in den n\u00e4chsten Tagen auswerten sollen. Ebenfalls im abgesperrten Bereich verfolgen MOL-Landrat Gernot Schmidt, Seelows B\u00fcrgermeister J\u00f6rg Schr\u00f6der, der Amtsdirektor von Seelow-Land, Steffen L\u00fcbbe sowie Dr. Markus Gr\u00fcnewald, Staatssekret\u00e4r im brandenburgischen Innenministerium, den fingierten Einsatz. Zum Schluss der \u00dcbung wird noch der Transport der Verletzten in die Rettungswachen, die als Krankenh\u00e4user fungieren, simuliert. Nach etwa dreieinhalb Stunden ist alles vorbei. Die Verantwortlichen zeigen sich zufrieden mit dem Ablauf an diesem Sonnabendvormittag. \u201eAuf den ersten Blick hat alles gut geklappt\u201c, findet der Landrat.<\/p>\n\n\n\n<figure class=\"wp-block-gallery has-nested-images columns-default is-cropped wp-block-gallery-1 is-layout-flex wp-block-gallery-is-layout-flex\">\n<figure class=\"wp-block-image size-large\"><a href=\"https:\/\/kfv-mol.de\/Wordpress\/wp-content\/uploads\/2022\/10\/311495036_437441661887219_2871696407047632196_n.jpg\"><img decoding=\"async\" width=\"1024\" height=\"576\" data-id=\"6113\" data-src=\"https:\/\/kfv-mol.de\/Wordpress\/wp-content\/uploads\/2022\/10\/311495036_437441661887219_2871696407047632196_n-1024x576.jpg\" alt=\"\" class=\"wp-image-6113 lazyload\" data-srcset=\"https:\/\/kfv-mol.de\/Wordpress\/wp-content\/uploads\/2022\/10\/311495036_437441661887219_2871696407047632196_n-1024x576.jpg 1024w, https:\/\/kfv-mol.de\/Wordpress\/wp-content\/uploads\/2022\/10\/311495036_437441661887219_2871696407047632196_n-300x169.jpg 300w, https:\/\/kfv-mol.de\/Wordpress\/wp-content\/uploads\/2022\/10\/311495036_437441661887219_2871696407047632196_n-768x432.jpg 768w, https:\/\/kfv-mol.de\/Wordpress\/wp-content\/uploads\/2022\/10\/311495036_437441661887219_2871696407047632196_n-1536x864.jpg 1536w, https:\/\/kfv-mol.de\/Wordpress\/wp-content\/uploads\/2022\/10\/311495036_437441661887219_2871696407047632196_n.jpg 2048w\" data-sizes=\"(max-width: 1024px) 100vw, 1024px\" src=\"data:image\/svg+xml;base64,PHN2ZyB3aWR0aD0iMSIgaGVpZ2h0PSIxIiB4bWxucz0iaHR0cDovL3d3dy53My5vcmcvMjAwMC9zdmciPjwvc3ZnPg==\" style=\"--smush-placeholder-width: 1024px; --smush-placeholder-aspect-ratio: 1024\/576;\" \/><\/a><\/figure>\n\n\n\n<figure class=\"wp-block-image size-large\"><a href=\"https:\/\/kfv-mol.de\/Wordpress\/wp-content\/uploads\/2022\/10\/312159008_437441671887218_3565774122278337566_n.jpg\"><img decoding=\"async\" width=\"1024\" height=\"576\" data-id=\"6112\" data-src=\"https:\/\/kfv-mol.de\/Wordpress\/wp-content\/uploads\/2022\/10\/312159008_437441671887218_3565774122278337566_n-1024x576.jpg\" alt=\"\" class=\"wp-image-6112 lazyload\" data-srcset=\"https:\/\/kfv-mol.de\/Wordpress\/wp-content\/uploads\/2022\/10\/312159008_437441671887218_3565774122278337566_n-1024x576.jpg 1024w, https:\/\/kfv-mol.de\/Wordpress\/wp-content\/uploads\/2022\/10\/312159008_437441671887218_3565774122278337566_n-300x169.jpg 300w, https:\/\/kfv-mol.de\/Wordpress\/wp-content\/uploads\/2022\/10\/312159008_437441671887218_3565774122278337566_n-768x432.jpg 768w, https:\/\/kfv-mol.de\/Wordpress\/wp-content\/uploads\/2022\/10\/312159008_437441671887218_3565774122278337566_n-1536x864.jpg 1536w, https:\/\/kfv-mol.de\/Wordpress\/wp-content\/uploads\/2022\/10\/312159008_437441671887218_3565774122278337566_n.jpg 2048w\" data-sizes=\"(max-width: 1024px) 100vw, 1024px\" src=\"data:image\/svg+xml;base64,PHN2ZyB3aWR0aD0iMSIgaGVpZ2h0PSIxIiB4bWxucz0iaHR0cDovL3d3dy53My5vcmcvMjAwMC9zdmciPjwvc3ZnPg==\" style=\"--smush-placeholder-width: 1024px; --smush-placeholder-aspect-ratio: 1024\/576;\" \/><\/a><\/figure>\n\n\n\n<figure class=\"wp-block-image size-large\"><a href=\"https:\/\/kfv-mol.de\/Wordpress\/wp-content\/uploads\/2022\/10\/312375415_115896457970771_9214691166260289241_n.jpg\"><img decoding=\"async\" width=\"1024\" height=\"768\" data-id=\"6110\" data-src=\"https:\/\/kfv-mol.de\/Wordpress\/wp-content\/uploads\/2022\/10\/312375415_115896457970771_9214691166260289241_n-1024x768.jpg\" alt=\"\" class=\"wp-image-6110 lazyload\" data-srcset=\"https:\/\/kfv-mol.de\/Wordpress\/wp-content\/uploads\/2022\/10\/312375415_115896457970771_9214691166260289241_n-1024x768.jpg 1024w, https:\/\/kfv-mol.de\/Wordpress\/wp-content\/uploads\/2022\/10\/312375415_115896457970771_9214691166260289241_n-300x225.jpg 300w, https:\/\/kfv-mol.de\/Wordpress\/wp-content\/uploads\/2022\/10\/312375415_115896457970771_9214691166260289241_n-768x576.jpg 768w, https:\/\/kfv-mol.de\/Wordpress\/wp-content\/uploads\/2022\/10\/312375415_115896457970771_9214691166260289241_n-1536x1152.jpg 1536w, https:\/\/kfv-mol.de\/Wordpress\/wp-content\/uploads\/2022\/10\/312375415_115896457970771_9214691166260289241_n.jpg 2048w\" data-sizes=\"(max-width: 1024px) 100vw, 1024px\" src=\"data:image\/svg+xml;base64,PHN2ZyB3aWR0aD0iMSIgaGVpZ2h0PSIxIiB4bWxucz0iaHR0cDovL3d3dy53My5vcmcvMjAwMC9zdmciPjwvc3ZnPg==\" style=\"--smush-placeholder-width: 1024px; --smush-placeholder-aspect-ratio: 1024\/768;\" \/><\/a><\/figure>\n\n\n\n<figure class=\"wp-block-image size-large\"><a href=\"https:\/\/kfv-mol.de\/Wordpress\/wp-content\/uploads\/2022\/10\/306778991_115896464637437_3603098250568611477_n.jpg\"><img decoding=\"async\" width=\"1024\" height=\"768\" data-id=\"6109\" data-src=\"https:\/\/kfv-mol.de\/Wordpress\/wp-content\/uploads\/2022\/10\/306778991_115896464637437_3603098250568611477_n-1024x768.jpg\" alt=\"\" class=\"wp-image-6109 lazyload\" data-srcset=\"https:\/\/kfv-mol.de\/Wordpress\/wp-content\/uploads\/2022\/10\/306778991_115896464637437_3603098250568611477_n-1024x768.jpg 1024w, https:\/\/kfv-mol.de\/Wordpress\/wp-content\/uploads\/2022\/10\/306778991_115896464637437_3603098250568611477_n-300x225.jpg 300w, https:\/\/kfv-mol.de\/Wordpress\/wp-content\/uploads\/2022\/10\/306778991_115896464637437_3603098250568611477_n-768x576.jpg 768w, https:\/\/kfv-mol.de\/Wordpress\/wp-content\/uploads\/2022\/10\/306778991_115896464637437_3603098250568611477_n-1536x1152.jpg 1536w, https:\/\/kfv-mol.de\/Wordpress\/wp-content\/uploads\/2022\/10\/306778991_115896464637437_3603098250568611477_n.jpg 2048w\" data-sizes=\"(max-width: 1024px) 100vw, 1024px\" src=\"data:image\/svg+xml;base64,PHN2ZyB3aWR0aD0iMSIgaGVpZ2h0PSIxIiB4bWxucz0iaHR0cDovL3d3dy53My5vcmcvMjAwMC9zdmciPjwvc3ZnPg==\" style=\"--smush-placeholder-width: 1024px; --smush-placeholder-aspect-ratio: 1024\/768;\" \/><\/a><\/figure>\n\n\n\n<figure class=\"wp-block-image size-large\"><a href=\"https:\/\/kfv-mol.de\/Wordpress\/wp-content\/uploads\/2022\/10\/308156264_115896484637435_7065713799289698504_n.jpg\"><img decoding=\"async\" width=\"1024\" height=\"768\" data-id=\"6115\" data-src=\"https:\/\/kfv-mol.de\/Wordpress\/wp-content\/uploads\/2022\/10\/308156264_115896484637435_7065713799289698504_n-1024x768.jpg\" alt=\"\" class=\"wp-image-6115 lazyload\" data-srcset=\"https:\/\/kfv-mol.de\/Wordpress\/wp-content\/uploads\/2022\/10\/308156264_115896484637435_7065713799289698504_n-1024x768.jpg 1024w, https:\/\/kfv-mol.de\/Wordpress\/wp-content\/uploads\/2022\/10\/308156264_115896484637435_7065713799289698504_n-300x225.jpg 300w, https:\/\/kfv-mol.de\/Wordpress\/wp-content\/uploads\/2022\/10\/308156264_115896484637435_7065713799289698504_n-768x576.jpg 768w, https:\/\/kfv-mol.de\/Wordpress\/wp-content\/uploads\/2022\/10\/308156264_115896484637435_7065713799289698504_n-1536x1152.jpg 1536w, https:\/\/kfv-mol.de\/Wordpress\/wp-content\/uploads\/2022\/10\/308156264_115896484637435_7065713799289698504_n.jpg 2048w\" data-sizes=\"(max-width: 1024px) 100vw, 1024px\" src=\"data:image\/svg+xml;base64,PHN2ZyB3aWR0aD0iMSIgaGVpZ2h0PSIxIiB4bWxucz0iaHR0cDovL3d3dy53My5vcmcvMjAwMC9zdmciPjwvc3ZnPg==\" style=\"--smush-placeholder-width: 1024px; --smush-placeholder-aspect-ratio: 1024\/768;\" \/><\/a><\/figure>\n\n\n\n<figure class=\"wp-block-image size-large\"><a href=\"https:\/\/kfv-mol.de\/Wordpress\/wp-content\/uploads\/2022\/10\/311566396_437441658553886_3520688255363389235_n.jpg\"><img decoding=\"async\" width=\"1024\" height=\"576\" data-id=\"6114\" data-src=\"https:\/\/kfv-mol.de\/Wordpress\/wp-content\/uploads\/2022\/10\/311566396_437441658553886_3520688255363389235_n-1024x576.jpg\" alt=\"\" class=\"wp-image-6114 lazyload\" data-srcset=\"https:\/\/kfv-mol.de\/Wordpress\/wp-content\/uploads\/2022\/10\/311566396_437441658553886_3520688255363389235_n-1024x576.jpg 1024w, https:\/\/kfv-mol.de\/Wordpress\/wp-content\/uploads\/2022\/10\/311566396_437441658553886_3520688255363389235_n-300x169.jpg 300w, https:\/\/kfv-mol.de\/Wordpress\/wp-content\/uploads\/2022\/10\/311566396_437441658553886_3520688255363389235_n-768x432.jpg 768w, https:\/\/kfv-mol.de\/Wordpress\/wp-content\/uploads\/2022\/10\/311566396_437441658553886_3520688255363389235_n-1536x864.jpg 1536w, https:\/\/kfv-mol.de\/Wordpress\/wp-content\/uploads\/2022\/10\/311566396_437441658553886_3520688255363389235_n.jpg 2048w\" data-sizes=\"(max-width: 1024px) 100vw, 1024px\" src=\"data:image\/svg+xml;base64,PHN2ZyB3aWR0aD0iMSIgaGVpZ2h0PSIxIiB4bWxucz0iaHR0cDovL3d3dy53My5vcmcvMjAwMC9zdmciPjwvc3ZnPg==\" style=\"--smush-placeholder-width: 1024px; --smush-placeholder-aspect-ratio: 1024\/576;\" \/><\/a><\/figure>\n\n\n\n<figure class=\"wp-block-image size-large\"><a href=\"https:\/\/kfv-mol.de\/Wordpress\/wp-content\/uploads\/2022\/10\/312608170_115896471304103_7843259729214974821_n.jpg\"><img decoding=\"async\" width=\"1024\" height=\"768\" data-id=\"6111\" data-src=\"https:\/\/kfv-mol.de\/Wordpress\/wp-content\/uploads\/2022\/10\/312608170_115896471304103_7843259729214974821_n-1024x768.jpg\" alt=\"\" class=\"wp-image-6111 lazyload\" data-srcset=\"https:\/\/kfv-mol.de\/Wordpress\/wp-content\/uploads\/2022\/10\/312608170_115896471304103_7843259729214974821_n-1024x768.jpg 1024w, https:\/\/kfv-mol.de\/Wordpress\/wp-content\/uploads\/2022\/10\/312608170_115896471304103_7843259729214974821_n-300x225.jpg 300w, https:\/\/kfv-mol.de\/Wordpress\/wp-content\/uploads\/2022\/10\/312608170_115896471304103_7843259729214974821_n-768x576.jpg 768w, https:\/\/kfv-mol.de\/Wordpress\/wp-content\/uploads\/2022\/10\/312608170_115896471304103_7843259729214974821_n-1536x1152.jpg 1536w, https:\/\/kfv-mol.de\/Wordpress\/wp-content\/uploads\/2022\/10\/312608170_115896471304103_7843259729214974821_n.jpg 2048w\" data-sizes=\"(max-width: 1024px) 100vw, 1024px\" src=\"data:image\/svg+xml;base64,PHN2ZyB3aWR0aD0iMSIgaGVpZ2h0PSIxIiB4bWxucz0iaHR0cDovL3d3dy53My5vcmcvMjAwMC9zdmciPjwvc3ZnPg==\" style=\"--smush-placeholder-width: 1024px; --smush-placeholder-aspect-ratio: 1024\/768;\" \/><\/a><\/figure>\n<\/figure>\n","protected":false},"excerpt":{"rendered":"<p>Artikel der MOZ Seelow, Katja Gehring Gemeinsam mit den Freiwilligen Feuerwehren der Region f\u00fchrte der Landkreis M\u00e4rkisch-Oderland am Sonnabend (22. Oktober) eine gro\u00dfangelegte Katastrophenschutz\u00fcbung durch. Das prim\u00e4re Ziel der Aktion war die Erprobung der Zusammenarbeit der im Katastrophenschutz mitwirkenden Beh\u00f6rden, Einheiten und Organisationen sowie die \u00dcberpr\u00fcfung der Einsatzbereitschaft der beteiligten Einsatzkr\u00e4fte im Bereich der zust\u00e4ndigen [&hellip;]<\/p>\n","protected":false},"author":3,"featured_media":4052,"comment_status":"closed","ping_status":"closed","sticky":false,"template":"","format":"standard","meta":{"footnotes":""},"categories":[1],"tags":[],"class_list":["post-6108","post","type-post","status-publish","format-standard","has-post-thumbnail","hentry","category-sonstige"],"_links":{"self":[{"href":"https:\/\/kfv-mol.de\/Wordpress\/wp-json\/wp\/v2\/posts\/6108","targetHints":{"allow":["GET"]}}],"collection":[{"href":"https:\/\/kfv-mol.de\/Wordpress\/wp-json\/wp\/v2\/posts"}],"about":[{"href":"https:\/\/kfv-mol.de\/Wordpress\/wp-json\/wp\/v2\/types\/post"}],"author":[{"embeddable":true,"href":"https:\/\/kfv-mol.de\/Wordpress\/wp-json\/wp\/v2\/users\/3"}],"replies":[{"embeddable":true,"href":"https:\/\/kfv-mol.de\/Wordpress\/wp-json\/wp\/v2\/comments?post=6108"}],"version-history":[{"count":0,"href":"https:\/\/kfv-mol.de\/Wordpress\/wp-json\/wp\/v2\/posts\/6108\/revisions"}],"wp:featuredmedia":[{"embeddable":true,"href":"https:\/\/kfv-mol.de\/Wordpress\/wp-json\/wp\/v2\/media\/4052"}],"wp:attachment":[{"href":"https:\/\/kfv-mol.de\/Wordpress\/wp-json\/wp\/v2\/media?parent=6108"}],"wp:term":[{"taxonomy":"category","embeddable":true,"href":"https:\/\/kfv-mol.de\/Wordpress\/wp-json\/wp\/v2\/categories?post=6108"},{"taxonomy":"post_tag","embeddable":true,"href":"https:\/\/kfv-mol.de\/Wordpress\/wp-json\/wp\/v2\/tags?post=6108"}],"curies":[{"name":"wp","href":"https:\/\/api.w.org\/{rel}","templated":true}]}}