{"id":6085,"date":"2022-10-05T11:57:38","date_gmt":"2022-10-05T10:57:38","guid":{"rendered":"https:\/\/kfv-mol.de\/Wordpress\/?p=6085"},"modified":"2022-10-05T16:33:37","modified_gmt":"2022-10-05T15:33:37","slug":"ehrenzeichen-im-brandschutz-des-landes-brandenburg-verliehen-2","status":"publish","type":"post","link":"https:\/\/kfv-mol.de\/Wordpress\/Artikel\/ehrenzeichen-im-brandschutz-des-landes-brandenburg-verliehen-2\/","title":{"rendered":"Ehrenzeichen im Brandschutz des Landes Brandenburg verliehen"},"content":{"rendered":"\n<p>Ministerpr\u00e4sident&nbsp;Dietmar Woidke&nbsp;und Innenminister&nbsp;Michael St\u00fcbgen&nbsp;haben am 30. September 2022 gemeinsam bei einem Festakt des Innenministeriums in Klaistow (Landkreis Potsdam-Mittelmark) Ehrenzeichen im Brand- und Katastrophenschutz verliehen.&nbsp;<\/p>\n\n\n\n<p>Aus M\u00e4rkisch-Oderland wurden die Kameraden<\/p>\n\n\n\n<ul class=\"wp-block-list\"><li>Edmund Schulz, FF Seelow<\/li><li>Manuel Przybylski, FF R\u00fcdersdorf<\/li><\/ul>\n\n\n\n<p>mit dem Ehrenzeichen im Brandschutz in Silber am Bande ausgezeichnet. Herzlichen Gl\u00fcckwunsch.<\/p>\n\n\n\n<figure class=\"wp-block-image size-full\"><a href=\"https:\/\/kfv-mol.de\/Wordpress\/wp-content\/uploads\/2022\/10\/Gruppe2a_spi.jpg\"><img decoding=\"async\" width=\"855\" height=\"570\" data-src=\"https:\/\/kfv-mol.de\/Wordpress\/wp-content\/uploads\/2022\/10\/Gruppe2a_spi.jpg\" alt=\"\" class=\"wp-image-6087 lazyload\" data-srcset=\"https:\/\/kfv-mol.de\/Wordpress\/wp-content\/uploads\/2022\/10\/Gruppe2a_spi.jpg 855w, https:\/\/kfv-mol.de\/Wordpress\/wp-content\/uploads\/2022\/10\/Gruppe2a_spi-300x200.jpg 300w, https:\/\/kfv-mol.de\/Wordpress\/wp-content\/uploads\/2022\/10\/Gruppe2a_spi-768x512.jpg 768w\" data-sizes=\"(max-width: 855px) 100vw, 855px\" src=\"data:image\/svg+xml;base64,PHN2ZyB3aWR0aD0iMSIgaGVpZ2h0PSIxIiB4bWxucz0iaHR0cDovL3d3dy53My5vcmcvMjAwMC9zdmciPjwvc3ZnPg==\" style=\"--smush-placeholder-width: 855px; --smush-placeholder-aspect-ratio: 855\/570;\" \/><\/a><\/figure>\n","protected":false},"excerpt":{"rendered":"<p>Ministerpr\u00e4sident&nbsp;Dietmar Woidke&nbsp;und Innenminister&nbsp;Michael St\u00fcbgen&nbsp;haben am 30. September 2022 gemeinsam bei einem Festakt des Innenministeriums in Klaistow (Landkreis Potsdam-Mittelmark) Ehrenzeichen im Brand- und Katastrophenschutz verliehen.&nbsp; Aus M\u00e4rkisch-Oderland wurden die Kameraden Edmund Schulz, FF Seelow Manuel Przybylski, FF R\u00fcdersdorf mit dem Ehrenzeichen im Brandschutz in Silber am Bande ausgezeichnet. Herzlichen Gl\u00fcckwunsch.<\/p>\n","protected":false},"author":3,"featured_media":4641,"comment_status":"closed","ping_status":"closed","sticky":false,"template":"","format":"standard","meta":{"footnotes":""},"categories":[1],"tags":[],"class_list":["post-6085","post","type-post","status-publish","format-standard","has-post-thumbnail","hentry","category-sonstige"],"_links":{"self":[{"href":"https:\/\/kfv-mol.de\/Wordpress\/wp-json\/wp\/v2\/posts\/6085","targetHints":{"allow":["GET"]}}],"collection":[{"href":"https:\/\/kfv-mol.de\/Wordpress\/wp-json\/wp\/v2\/posts"}],"about":[{"href":"https:\/\/kfv-mol.de\/Wordpress\/wp-json\/wp\/v2\/types\/post"}],"author":[{"embeddable":true,"href":"https:\/\/kfv-mol.de\/Wordpress\/wp-json\/wp\/v2\/users\/3"}],"replies":[{"embeddable":true,"href":"https:\/\/kfv-mol.de\/Wordpress\/wp-json\/wp\/v2\/comments?post=6085"}],"version-history":[{"count":0,"href":"https:\/\/kfv-mol.de\/Wordpress\/wp-json\/wp\/v2\/posts\/6085\/revisions"}],"wp:featuredmedia":[{"embeddable":true,"href":"https:\/\/kfv-mol.de\/Wordpress\/wp-json\/wp\/v2\/media\/4641"}],"wp:attachment":[{"href":"https:\/\/kfv-mol.de\/Wordpress\/wp-json\/wp\/v2\/media?parent=6085"}],"wp:term":[{"taxonomy":"category","embeddable":true,"href":"https:\/\/kfv-mol.de\/Wordpress\/wp-json\/wp\/v2\/categories?post=6085"},{"taxonomy":"post_tag","embeddable":true,"href":"https:\/\/kfv-mol.de\/Wordpress\/wp-json\/wp\/v2\/tags?post=6085"}],"curies":[{"name":"wp","href":"https:\/\/api.w.org\/{rel}","templated":true}]}}