{"id":6040,"date":"2022-10-01T16:47:37","date_gmt":"2022-10-01T15:47:37","guid":{"rendered":"https:\/\/kfv-mol.de\/Wordpress\/?p=6040"},"modified":"2022-10-01T16:50:54","modified_gmt":"2022-10-01T15:50:54","slug":"treffen-der-alters-und-ehrenabteilungen-von-seelow-und-ruedersdorf","status":"publish","type":"post","link":"https:\/\/kfv-mol.de\/Wordpress\/Artikel\/treffen-der-alters-und-ehrenabteilungen-von-seelow-und-ruedersdorf\/","title":{"rendered":"Treffen der Alters- und Ehrenabteilungen von Seelow, R\u00fcdersdorf und F\u00fcrstenwalde"},"content":{"rendered":"\n<p>Schon seit Jahren treffen sich die ehemaligen Einsatzkr\u00e4fte aus F\u00fcrstenwalde\/Spree, R\u00fcdersdorf bei Berlin und Seelow. <\/p>\n\n\n\n<p>In diesem Jahr luden die Seelower am 27. September zur Besichtigung der Gedenkst\u00e4tte Seelower H\u00f6hen ein. Neu dabei waren die Kameradinnen und Kameraden der Wehren Hennickendorf und Herzfelde, welche zur Gemeinde R\u00fcdersdorf geh\u00f6ren. Im Rahmen einer F\u00fchrung berichtetet Tobias Voigt vom Verein \u201eZeitreise Seelower H\u00f6hen e.V.\u201c &nbsp;\u00fcber die gr\u00f6\u00dfte Schlacht des Zweiten Weltkrieges auf deutschem Boden im Fr\u00fchjahr 1945 und davon, wie danach die wechselnden Erinnerungskulturen diesem Ort sein ganz besonderes Gesicht gaben.&nbsp;Im Anschluss wurde das Museum im \u201eBefehlsbunker\u201c besichtigt.<\/p>\n\n\n\n<figure class=\"wp-block-gallery has-nested-images columns-default is-cropped wp-block-gallery-1 is-layout-flex wp-block-gallery-is-layout-flex\">\n<figure class=\"wp-block-image size-large\"><a href=\"https:\/\/kfv-mol.de\/Wordpress\/wp-content\/uploads\/2022\/10\/7B6FBF8C-3FC0-4EFF-B668-F05BFD7E8CF3.jpeg\"><img decoding=\"async\" width=\"1024\" height=\"768\" data-id=\"6041\" data-src=\"https:\/\/kfv-mol.de\/Wordpress\/wp-content\/uploads\/2022\/10\/7B6FBF8C-3FC0-4EFF-B668-F05BFD7E8CF3-1024x768.jpeg\" alt=\"\" class=\"wp-image-6041 lazyload\" data-srcset=\"https:\/\/kfv-mol.de\/Wordpress\/wp-content\/uploads\/2022\/10\/7B6FBF8C-3FC0-4EFF-B668-F05BFD7E8CF3-1024x768.jpeg 1024w, https:\/\/kfv-mol.de\/Wordpress\/wp-content\/uploads\/2022\/10\/7B6FBF8C-3FC0-4EFF-B668-F05BFD7E8CF3-300x225.jpeg 300w, https:\/\/kfv-mol.de\/Wordpress\/wp-content\/uploads\/2022\/10\/7B6FBF8C-3FC0-4EFF-B668-F05BFD7E8CF3-768x576.jpeg 768w, https:\/\/kfv-mol.de\/Wordpress\/wp-content\/uploads\/2022\/10\/7B6FBF8C-3FC0-4EFF-B668-F05BFD7E8CF3-1536x1152.jpeg 1536w, https:\/\/kfv-mol.de\/Wordpress\/wp-content\/uploads\/2022\/10\/7B6FBF8C-3FC0-4EFF-B668-F05BFD7E8CF3.jpeg 1920w\" data-sizes=\"(max-width: 1024px) 100vw, 1024px\" src=\"data:image\/svg+xml;base64,PHN2ZyB3aWR0aD0iMSIgaGVpZ2h0PSIxIiB4bWxucz0iaHR0cDovL3d3dy53My5vcmcvMjAwMC9zdmciPjwvc3ZnPg==\" style=\"--smush-placeholder-width: 1024px; --smush-placeholder-aspect-ratio: 1024\/768;\" \/><\/a><\/figure>\n<\/figure>\n\n\n\n<p>Nach dem sehr interessanten Geschichtsmarathon gab es einen Erfahrungsaustausch im Ger\u00e4tehaus der Seelower Wehr. Hartmut Sommer der Seelower Alters- und Ehrenabteilung und Hauptorganisator dieses Treffens&nbsp;er\u00f6ffnete den &#8222;gem\u00fctlichen Part&#8220; und&nbsp;stellte pr\u00e4gnant die jeweiligen F\u00fchrungskr\u00e4fte der Seelower Wehr vor, bevor er&nbsp;schlie\u00dflich das Wort an den Chef der Seelower Wehr \u00fcbergab.&nbsp;Stadtwehrf\u00fchrer Candy Schmiedeke begr\u00fc\u00dfte die G\u00e4ste ebenfalls, unter ihnen auch Seelows ehemaliger&nbsp;B\u00fcrgermeister&nbsp;Udo Schulz, welcher Ehrenmitglied des Feuerwehrvereins ist. Kam. Schmiedeke informierte \u00fcber die get\u00e4tigten und anstehenden Investitionen und erkl\u00e4rte die Fahrzeugtechnik. Er machte deutlich, wie wichtig der Austausch untereinander ist und zeigte sich&nbsp;dankbar, dass sich die Mitglieder auch nach dem gesetzlich vorgeschriebenen Ausscheiden aus dem aktiven Einsatzdienst auch weiterhin im Feuerwehrwesen engagieren und ihre Erfahrungen weitergeben. <\/p>\n\n\n\n<p>Mitglieder des \u201eStadtverband der Freiwilligen Feuerwehr Seelow e.V.\u201c versorgten die Teilnehmer mit Kaffee, Kuchen, Gegrilltem und k\u00fchlen Getr\u00e4nken. Der Vereinsvorsitzender Niklas Henschke machte in seiner kurzen Rede deutlich, dass es nicht nur Aufgabe des Vereins sei, das Feuerwehrwesen zu f\u00f6rdern und die Alters- und Ehrenabteilung zu unterst\u00fctzen, sondern dass es f\u00fcr alle Ehrensache w\u00e4re, die Treffen mit zu organisieren, durchzuf\u00fchren und als Verein zu finanzieren.<\/p>\n\n\n\n<p>An dieser Stelle nochmals vielen Dank an die flei\u00dfigen, engagierten Vereinsmitglieder, die das Event unterst\u00fctzten und die gastronomische Versorgung, sowie Vor- und Nachbereitung sicherstellten.<\/p>\n\n\n\n<p>&nbsp;&nbsp;<\/p>\n\n\n\n<figure class=\"wp-block-gallery has-nested-images columns-default is-cropped wp-block-gallery-2 is-layout-flex wp-block-gallery-is-layout-flex\">\n<figure class=\"wp-block-image size-large\"><a href=\"https:\/\/kfv-mol.de\/Wordpress\/wp-content\/uploads\/2022\/10\/0BF08A42-E70C-435A-8976-1F579A42F3E9.jpeg\"><img decoding=\"async\" width=\"1024\" height=\"768\" data-id=\"6046\" data-src=\"https:\/\/kfv-mol.de\/Wordpress\/wp-content\/uploads\/2022\/10\/0BF08A42-E70C-435A-8976-1F579A42F3E9-1024x768.jpeg\" alt=\"\" class=\"wp-image-6046 lazyload\" data-srcset=\"https:\/\/kfv-mol.de\/Wordpress\/wp-content\/uploads\/2022\/10\/0BF08A42-E70C-435A-8976-1F579A42F3E9-1024x768.jpeg 1024w, https:\/\/kfv-mol.de\/Wordpress\/wp-content\/uploads\/2022\/10\/0BF08A42-E70C-435A-8976-1F579A42F3E9-300x225.jpeg 300w, https:\/\/kfv-mol.de\/Wordpress\/wp-content\/uploads\/2022\/10\/0BF08A42-E70C-435A-8976-1F579A42F3E9-768x576.jpeg 768w, https:\/\/kfv-mol.de\/Wordpress\/wp-content\/uploads\/2022\/10\/0BF08A42-E70C-435A-8976-1F579A42F3E9-1536x1152.jpeg 1536w, https:\/\/kfv-mol.de\/Wordpress\/wp-content\/uploads\/2022\/10\/0BF08A42-E70C-435A-8976-1F579A42F3E9.jpeg 1920w\" data-sizes=\"(max-width: 1024px) 100vw, 1024px\" src=\"data:image\/svg+xml;base64,PHN2ZyB3aWR0aD0iMSIgaGVpZ2h0PSIxIiB4bWxucz0iaHR0cDovL3d3dy53My5vcmcvMjAwMC9zdmciPjwvc3ZnPg==\" style=\"--smush-placeholder-width: 1024px; --smush-placeholder-aspect-ratio: 1024\/768;\" \/><\/a><\/figure>\n\n\n\n<figure class=\"wp-block-image size-large\"><a href=\"https:\/\/kfv-mol.de\/Wordpress\/wp-content\/uploads\/2022\/10\/C95F17DC-77CE-44F8-A988-89AF5C4067AC.jpeg\"><img decoding=\"async\" width=\"1024\" height=\"768\" data-id=\"6045\" data-src=\"https:\/\/kfv-mol.de\/Wordpress\/wp-content\/uploads\/2022\/10\/C95F17DC-77CE-44F8-A988-89AF5C4067AC-1024x768.jpeg\" alt=\"\" class=\"wp-image-6045 lazyload\" data-srcset=\"https:\/\/kfv-mol.de\/Wordpress\/wp-content\/uploads\/2022\/10\/C95F17DC-77CE-44F8-A988-89AF5C4067AC-1024x768.jpeg 1024w, https:\/\/kfv-mol.de\/Wordpress\/wp-content\/uploads\/2022\/10\/C95F17DC-77CE-44F8-A988-89AF5C4067AC-300x225.jpeg 300w, https:\/\/kfv-mol.de\/Wordpress\/wp-content\/uploads\/2022\/10\/C95F17DC-77CE-44F8-A988-89AF5C4067AC-768x576.jpeg 768w, https:\/\/kfv-mol.de\/Wordpress\/wp-content\/uploads\/2022\/10\/C95F17DC-77CE-44F8-A988-89AF5C4067AC-1536x1152.jpeg 1536w, https:\/\/kfv-mol.de\/Wordpress\/wp-content\/uploads\/2022\/10\/C95F17DC-77CE-44F8-A988-89AF5C4067AC.jpeg 1920w\" data-sizes=\"(max-width: 1024px) 100vw, 1024px\" src=\"data:image\/svg+xml;base64,PHN2ZyB3aWR0aD0iMSIgaGVpZ2h0PSIxIiB4bWxucz0iaHR0cDovL3d3dy53My5vcmcvMjAwMC9zdmciPjwvc3ZnPg==\" style=\"--smush-placeholder-width: 1024px; --smush-placeholder-aspect-ratio: 1024\/768;\" \/><\/a><\/figure>\n\n\n\n<figure class=\"wp-block-image size-large\"><a href=\"https:\/\/kfv-mol.de\/Wordpress\/wp-content\/uploads\/2022\/10\/A131E516-FECF-43B3-852E-D42A64EB5202.jpeg\"><img decoding=\"async\" width=\"1024\" height=\"768\" data-id=\"6047\" data-src=\"https:\/\/kfv-mol.de\/Wordpress\/wp-content\/uploads\/2022\/10\/A131E516-FECF-43B3-852E-D42A64EB5202-1024x768.jpeg\" alt=\"\" class=\"wp-image-6047 lazyload\" data-srcset=\"https:\/\/kfv-mol.de\/Wordpress\/wp-content\/uploads\/2022\/10\/A131E516-FECF-43B3-852E-D42A64EB5202-1024x768.jpeg 1024w, https:\/\/kfv-mol.de\/Wordpress\/wp-content\/uploads\/2022\/10\/A131E516-FECF-43B3-852E-D42A64EB5202-300x225.jpeg 300w, https:\/\/kfv-mol.de\/Wordpress\/wp-content\/uploads\/2022\/10\/A131E516-FECF-43B3-852E-D42A64EB5202-768x576.jpeg 768w, https:\/\/kfv-mol.de\/Wordpress\/wp-content\/uploads\/2022\/10\/A131E516-FECF-43B3-852E-D42A64EB5202-1536x1152.jpeg 1536w, https:\/\/kfv-mol.de\/Wordpress\/wp-content\/uploads\/2022\/10\/A131E516-FECF-43B3-852E-D42A64EB5202.jpeg 1920w\" data-sizes=\"(max-width: 1024px) 100vw, 1024px\" src=\"data:image\/svg+xml;base64,PHN2ZyB3aWR0aD0iMSIgaGVpZ2h0PSIxIiB4bWxucz0iaHR0cDovL3d3dy53My5vcmcvMjAwMC9zdmciPjwvc3ZnPg==\" style=\"--smush-placeholder-width: 1024px; --smush-placeholder-aspect-ratio: 1024\/768;\" \/><\/a><\/figure>\n<\/figure>\n","protected":false},"excerpt":{"rendered":"<p>Schon seit Jahren treffen sich die ehemaligen Einsatzkr\u00e4fte aus F\u00fcrstenwalde\/Spree, R\u00fcdersdorf bei Berlin und Seelow. In diesem Jahr luden die Seelower am 27. September zur Besichtigung der Gedenkst\u00e4tte Seelower H\u00f6hen ein. Neu dabei waren die Kameradinnen und Kameraden der Wehren Hennickendorf und Herzfelde, welche zur Gemeinde R\u00fcdersdorf geh\u00f6ren. Im Rahmen einer F\u00fchrung berichtetet Tobias Voigt [&hellip;]<\/p>\n","protected":false},"author":3,"featured_media":6050,"comment_status":"closed","ping_status":"closed","sticky":false,"template":"","format":"standard","meta":{"footnotes":""},"categories":[1],"tags":[],"class_list":["post-6040","post","type-post","status-publish","format-standard","has-post-thumbnail","hentry","category-sonstige"],"_links":{"self":[{"href":"https:\/\/kfv-mol.de\/Wordpress\/wp-json\/wp\/v2\/posts\/6040","targetHints":{"allow":["GET"]}}],"collection":[{"href":"https:\/\/kfv-mol.de\/Wordpress\/wp-json\/wp\/v2\/posts"}],"about":[{"href":"https:\/\/kfv-mol.de\/Wordpress\/wp-json\/wp\/v2\/types\/post"}],"author":[{"embeddable":true,"href":"https:\/\/kfv-mol.de\/Wordpress\/wp-json\/wp\/v2\/users\/3"}],"replies":[{"embeddable":true,"href":"https:\/\/kfv-mol.de\/Wordpress\/wp-json\/wp\/v2\/comments?post=6040"}],"version-history":[{"count":0,"href":"https:\/\/kfv-mol.de\/Wordpress\/wp-json\/wp\/v2\/posts\/6040\/revisions"}],"wp:featuredmedia":[{"embeddable":true,"href":"https:\/\/kfv-mol.de\/Wordpress\/wp-json\/wp\/v2\/media\/6050"}],"wp:attachment":[{"href":"https:\/\/kfv-mol.de\/Wordpress\/wp-json\/wp\/v2\/media?parent=6040"}],"wp:term":[{"taxonomy":"category","embeddable":true,"href":"https:\/\/kfv-mol.de\/Wordpress\/wp-json\/wp\/v2\/categories?post=6040"},{"taxonomy":"post_tag","embeddable":true,"href":"https:\/\/kfv-mol.de\/Wordpress\/wp-json\/wp\/v2\/tags?post=6040"}],"curies":[{"name":"wp","href":"https:\/\/api.w.org\/{rel}","templated":true}]}}