{"id":6035,"date":"2022-09-28T16:08:22","date_gmt":"2022-09-28T15:08:22","guid":{"rendered":"https:\/\/kfv-mol.de\/Wordpress\/?p=6035"},"modified":"2022-09-28T16:08:24","modified_gmt":"2022-09-28T15:08:24","slug":"wir-erweisen-die-letzte-ehre-15","status":"publish","type":"post","link":"https:\/\/kfv-mol.de\/Wordpress\/Artikel\/wir-erweisen-die-letzte-ehre-15\/","title":{"rendered":"Wir erweisen die letzte Ehre!"},"content":{"rendered":"\n<p>Unser Ehrenmitglied Kamerad Lothar Gottschalk ist verstorben. Wir bedanken uns f\u00fcr seine engagierte und langj\u00e4hrige Mitwirkung im Brand- und Katastrophenschutz in M\u00e4rkisch-Oderland und in den Kreisfeuerwehrverb\u00e4nden Strausberg und M\u00e4rkisch-Oderland.<\/p>\n\n\n\n<p>Den Angeh\u00f6rigen gilt unser herzliches Mitgef\u00fchl.<\/p>\n\n\n\n<figure class=\"wp-block-image size-large\"><a href=\"https:\/\/kfv-mol.de\/Wordpress\/wp-content\/uploads\/2022\/09\/Bild1.jpg\"><img decoding=\"async\" width=\"1024\" height=\"637\" data-src=\"https:\/\/kfv-mol.de\/Wordpress\/wp-content\/uploads\/2022\/09\/Bild1-1024x637.jpg\" alt=\"\" class=\"wp-image-6036 lazyload\" data-srcset=\"https:\/\/kfv-mol.de\/Wordpress\/wp-content\/uploads\/2022\/09\/Bild1-1024x637.jpg 1024w, https:\/\/kfv-mol.de\/Wordpress\/wp-content\/uploads\/2022\/09\/Bild1-300x187.jpg 300w, https:\/\/kfv-mol.de\/Wordpress\/wp-content\/uploads\/2022\/09\/Bild1-768x478.jpg 768w, https:\/\/kfv-mol.de\/Wordpress\/wp-content\/uploads\/2022\/09\/Bild1-1536x955.jpg 1536w, https:\/\/kfv-mol.de\/Wordpress\/wp-content\/uploads\/2022\/09\/Bild1.jpg 1552w\" data-sizes=\"(max-width: 1024px) 100vw, 1024px\" src=\"data:image\/svg+xml;base64,PHN2ZyB3aWR0aD0iMSIgaGVpZ2h0PSIxIiB4bWxucz0iaHR0cDovL3d3dy53My5vcmcvMjAwMC9zdmciPjwvc3ZnPg==\" style=\"--smush-placeholder-width: 1024px; --smush-placeholder-aspect-ratio: 1024\/637;\" \/><\/a><\/figure>\n","protected":false},"excerpt":{"rendered":"<p>Unser Ehrenmitglied Kamerad Lothar Gottschalk ist verstorben. Wir bedanken uns f\u00fcr seine engagierte und langj\u00e4hrige Mitwirkung im Brand- und Katastrophenschutz in M\u00e4rkisch-Oderland und in den Kreisfeuerwehrverb\u00e4nden Strausberg und M\u00e4rkisch-Oderland. Den Angeh\u00f6rigen gilt unser herzliches Mitgef\u00fchl.<\/p>\n","protected":false},"author":3,"featured_media":6039,"comment_status":"closed","ping_status":"closed","sticky":false,"template":"","format":"standard","meta":{"footnotes":""},"categories":[1],"tags":[],"class_list":["post-6035","post","type-post","status-publish","format-standard","has-post-thumbnail","hentry","category-sonstige"],"_links":{"self":[{"href":"https:\/\/kfv-mol.de\/Wordpress\/wp-json\/wp\/v2\/posts\/6035","targetHints":{"allow":["GET"]}}],"collection":[{"href":"https:\/\/kfv-mol.de\/Wordpress\/wp-json\/wp\/v2\/posts"}],"about":[{"href":"https:\/\/kfv-mol.de\/Wordpress\/wp-json\/wp\/v2\/types\/post"}],"author":[{"embeddable":true,"href":"https:\/\/kfv-mol.de\/Wordpress\/wp-json\/wp\/v2\/users\/3"}],"replies":[{"embeddable":true,"href":"https:\/\/kfv-mol.de\/Wordpress\/wp-json\/wp\/v2\/comments?post=6035"}],"version-history":[{"count":0,"href":"https:\/\/kfv-mol.de\/Wordpress\/wp-json\/wp\/v2\/posts\/6035\/revisions"}],"wp:featuredmedia":[{"embeddable":true,"href":"https:\/\/kfv-mol.de\/Wordpress\/wp-json\/wp\/v2\/media\/6039"}],"wp:attachment":[{"href":"https:\/\/kfv-mol.de\/Wordpress\/wp-json\/wp\/v2\/media?parent=6035"}],"wp:term":[{"taxonomy":"category","embeddable":true,"href":"https:\/\/kfv-mol.de\/Wordpress\/wp-json\/wp\/v2\/categories?post=6035"},{"taxonomy":"post_tag","embeddable":true,"href":"https:\/\/kfv-mol.de\/Wordpress\/wp-json\/wp\/v2\/tags?post=6035"}],"curies":[{"name":"wp","href":"https:\/\/api.w.org\/{rel}","templated":true}]}}