{"id":567,"date":"2012-05-06T09:57:29","date_gmt":"2012-05-06T08:57:29","guid":{"rendered":"http:\/\/www.kfv-mol.de\/Wordpress\/?p=567"},"modified":"2012-05-06T09:57:29","modified_gmt":"2012-05-06T08:57:29","slug":"ubergabe-von-brandschutz-malheften-an-drk-kita","status":"publish","type":"post","link":"https:\/\/kfv-mol.de\/Wordpress\/Artikel\/ubergabe-von-brandschutz-malheften-an-drk-kita\/","title":{"rendered":"\u00dcbergabe von Brandschutz-Malheften an DRK &#8211; Kita"},"content":{"rendered":"<p>Der Kreisfeuerwehrverband M\u00e4rkisch-Oderland hat in Zusammenarbeit mit dem K&amp;L-Verlag Detmold wieder ein Malheft f\u00fcr die Brandschutzerziehung von Kleinkindern herstellen lassen k\u00f6nnen. Dank der finanziellen Unterst\u00fctzung von vielen Gewerbetreibenden, \u00c4rzten und anderen Freiberuflern des gesamten Landkreises konnte eine Auflage von 2000 St\u00fcck erreicht werden.<\/p>\n<p>Am Freitag, dem 04.Mai 2012 \u00fcbereichten der KFV-Vorsitzende Hans-Dieter Kandzia, der stellv. Ortswehrf\u00fchrer Mario Eidekorn und der Ortsjugendfeuerwehrwart Bernd Brauner als symbolische Auftaktveranstaltung 40 Exemplare an die sehr interessierten Kinder des DRK-Kindergartens &#8222;Pusteblume&#8220; in Petershagen b. Berlin. Jetzt werden diese Hefte im gesamten Landkreis durch die Jugendfeuerwehren in Kinderg\u00e4rten und Grundschulen f\u00fcr die Brandschutzerziehung eingesetzt.<\/p>\n<p>Mit diesem Malheft, in der auch eine vorlesbare Geschichte \u00fcber den richtigen Umgang mit Feuer erz\u00e4hlt wird, sollen die Vorschulkinder spielerisch zum brandschutzgerechten Verhalten und den Umgang mit Gefahrensituationen erzogen werden.\n\t\t<style type=\"text\/css\">\n\t\t\t#gallery-1 {\n\t\t\t\tmargin: auto;\n\t\t\t}\n\t\t\t#gallery-1 .gallery-item {\n\t\t\t\tfloat: left;\n\t\t\t\tmargin-top: 10px;\n\t\t\t\ttext-align: center;\n\t\t\t\twidth: 33%;\n\t\t\t}\n\t\t\t#gallery-1 img {\n\t\t\t\tborder: 2px solid #cfcfcf;\n\t\t\t}\n\t\t\t#gallery-1 .gallery-caption {\n\t\t\t\tmargin-left: 0;\n\t\t\t}\n\t\t\t\/* see gallery_shortcode() in wp-includes\/media.php *\/\n\t\t<\/style>\n\t\t<div id='gallery-1' class='gallery galleryid-567 gallery-columns-3 gallery-size-thumbnail'><dl class='gallery-item'>\n\t\t\t<dt class='gallery-icon landscape'>\n\t\t\t\t<a href='https:\/\/kfv-mol.de\/Wordpress\/wp-content\/uploads\/2012\/05\/\u00dcbergabe-BS-Malhefte.jpg'><img decoding=\"async\" width=\"150\" height=\"150\" data-src=\"https:\/\/kfv-mol.de\/Wordpress\/wp-content\/uploads\/2012\/05\/\u00dcbergabe-BS-Malhefte-150x150.jpg\" class=\"attachment-thumbnail size-thumbnail lazyload\" alt=\"\" data-srcset=\"https:\/\/kfv-mol.de\/Wordpress\/wp-content\/uploads\/2012\/05\/\u00dcbergabe-BS-Malhefte-150x150.jpg 150w, https:\/\/kfv-mol.de\/Wordpress\/wp-content\/uploads\/2012\/05\/\u00dcbergabe-BS-Malhefte-96x96.jpg 96w, https:\/\/kfv-mol.de\/Wordpress\/wp-content\/uploads\/2012\/05\/\u00dcbergabe-BS-Malhefte-24x24.jpg 24w, https:\/\/kfv-mol.de\/Wordpress\/wp-content\/uploads\/2012\/05\/\u00dcbergabe-BS-Malhefte-36x36.jpg 36w, https:\/\/kfv-mol.de\/Wordpress\/wp-content\/uploads\/2012\/05\/\u00dcbergabe-BS-Malhefte-48x48.jpg 48w, https:\/\/kfv-mol.de\/Wordpress\/wp-content\/uploads\/2012\/05\/\u00dcbergabe-BS-Malhefte-64x64.jpg 64w\" data-sizes=\"(max-width: 150px) 100vw, 150px\" src=\"data:image\/svg+xml;base64,PHN2ZyB3aWR0aD0iMSIgaGVpZ2h0PSIxIiB4bWxucz0iaHR0cDovL3d3dy53My5vcmcvMjAwMC9zdmciPjwvc3ZnPg==\" style=\"--smush-placeholder-width: 150px; --smush-placeholder-aspect-ratio: 150\/150;\" \/><\/a>\n\t\t\t<\/dt><\/dl><dl class='gallery-item'>\n\t\t\t<dt class='gallery-icon landscape'>\n\t\t\t\t<a href='https:\/\/kfv-mol.de\/Wordpress\/wp-content\/uploads\/2012\/05\/\u00dcbergabe-BS-Malhefte-an-Kitakinder.jpg'><img decoding=\"async\" width=\"150\" height=\"150\" data-src=\"https:\/\/kfv-mol.de\/Wordpress\/wp-content\/uploads\/2012\/05\/\u00dcbergabe-BS-Malhefte-an-Kitakinder-150x150.jpg\" class=\"attachment-thumbnail size-thumbnail lazyload\" alt=\"\" data-srcset=\"https:\/\/kfv-mol.de\/Wordpress\/wp-content\/uploads\/2012\/05\/\u00dcbergabe-BS-Malhefte-an-Kitakinder-150x150.jpg 150w, https:\/\/kfv-mol.de\/Wordpress\/wp-content\/uploads\/2012\/05\/\u00dcbergabe-BS-Malhefte-an-Kitakinder-96x96.jpg 96w, https:\/\/kfv-mol.de\/Wordpress\/wp-content\/uploads\/2012\/05\/\u00dcbergabe-BS-Malhefte-an-Kitakinder-24x24.jpg 24w, https:\/\/kfv-mol.de\/Wordpress\/wp-content\/uploads\/2012\/05\/\u00dcbergabe-BS-Malhefte-an-Kitakinder-36x36.jpg 36w, https:\/\/kfv-mol.de\/Wordpress\/wp-content\/uploads\/2012\/05\/\u00dcbergabe-BS-Malhefte-an-Kitakinder-48x48.jpg 48w, https:\/\/kfv-mol.de\/Wordpress\/wp-content\/uploads\/2012\/05\/\u00dcbergabe-BS-Malhefte-an-Kitakinder-64x64.jpg 64w\" data-sizes=\"(max-width: 150px) 100vw, 150px\" src=\"data:image\/svg+xml;base64,PHN2ZyB3aWR0aD0iMSIgaGVpZ2h0PSIxIiB4bWxucz0iaHR0cDovL3d3dy53My5vcmcvMjAwMC9zdmciPjwvc3ZnPg==\" style=\"--smush-placeholder-width: 150px; --smush-placeholder-aspect-ratio: 150\/150;\" \/><\/a>\n\t\t\t<\/dt><\/dl><dl class='gallery-item'>\n\t\t\t<dt class='gallery-icon landscape'>\n\t\t\t\t<a href='https:\/\/kfv-mol.de\/Wordpress\/wp-content\/uploads\/2012\/05\/BS-Malhefte.jpg'><img decoding=\"async\" width=\"150\" height=\"150\" data-src=\"https:\/\/kfv-mol.de\/Wordpress\/wp-content\/uploads\/2012\/05\/BS-Malhefte-150x150.jpg\" class=\"attachment-thumbnail size-thumbnail lazyload\" alt=\"\" data-srcset=\"https:\/\/kfv-mol.de\/Wordpress\/wp-content\/uploads\/2012\/05\/BS-Malhefte-150x150.jpg 150w, https:\/\/kfv-mol.de\/Wordpress\/wp-content\/uploads\/2012\/05\/BS-Malhefte-96x96.jpg 96w, https:\/\/kfv-mol.de\/Wordpress\/wp-content\/uploads\/2012\/05\/BS-Malhefte-24x24.jpg 24w, https:\/\/kfv-mol.de\/Wordpress\/wp-content\/uploads\/2012\/05\/BS-Malhefte-36x36.jpg 36w, https:\/\/kfv-mol.de\/Wordpress\/wp-content\/uploads\/2012\/05\/BS-Malhefte-48x48.jpg 48w, https:\/\/kfv-mol.de\/Wordpress\/wp-content\/uploads\/2012\/05\/BS-Malhefte-64x64.jpg 64w\" data-sizes=\"(max-width: 150px) 100vw, 150px\" src=\"data:image\/svg+xml;base64,PHN2ZyB3aWR0aD0iMSIgaGVpZ2h0PSIxIiB4bWxucz0iaHR0cDovL3d3dy53My5vcmcvMjAwMC9zdmciPjwvc3ZnPg==\" style=\"--smush-placeholder-width: 150px; --smush-placeholder-aspect-ratio: 150\/150;\" \/><\/a>\n\t\t\t<\/dt><\/dl><br style=\"clear: both\" \/>\n\t\t<\/div>\n<\/p>\n","protected":false},"excerpt":{"rendered":"<p>Der Kreisfeuerwehrverband M\u00e4rkisch-Oderland hat in Zusammenarbeit mit dem K&amp;L-Verlag Detmold wieder ein Malheft f\u00fcr die Brandschutzerziehung von Kleinkindern herstellen lassen k\u00f6nnen. Dank der finanziellen Unterst\u00fctzung von vielen Gewerbetreibenden, \u00c4rzten und anderen Freiberuflern des gesamten Landkreises konnte eine Auflage von 2000 St\u00fcck erreicht werden. Am Freitag, dem 04.Mai 2012 \u00fcbereichten der KFV-Vorsitzende Hans-Dieter Kandzia, der stellv. [&hellip;]<\/p>\n","protected":false},"author":3,"featured_media":0,"comment_status":"closed","ping_status":"closed","sticky":false,"template":"","format":"standard","meta":{"footnotes":""},"categories":[1],"tags":[],"class_list":["post-567","post","type-post","status-publish","format-standard","hentry","category-sonstige"],"_links":{"self":[{"href":"https:\/\/kfv-mol.de\/Wordpress\/wp-json\/wp\/v2\/posts\/567","targetHints":{"allow":["GET"]}}],"collection":[{"href":"https:\/\/kfv-mol.de\/Wordpress\/wp-json\/wp\/v2\/posts"}],"about":[{"href":"https:\/\/kfv-mol.de\/Wordpress\/wp-json\/wp\/v2\/types\/post"}],"author":[{"embeddable":true,"href":"https:\/\/kfv-mol.de\/Wordpress\/wp-json\/wp\/v2\/users\/3"}],"replies":[{"embeddable":true,"href":"https:\/\/kfv-mol.de\/Wordpress\/wp-json\/wp\/v2\/comments?post=567"}],"version-history":[{"count":0,"href":"https:\/\/kfv-mol.de\/Wordpress\/wp-json\/wp\/v2\/posts\/567\/revisions"}],"wp:attachment":[{"href":"https:\/\/kfv-mol.de\/Wordpress\/wp-json\/wp\/v2\/media?parent=567"}],"wp:term":[{"taxonomy":"category","embeddable":true,"href":"https:\/\/kfv-mol.de\/Wordpress\/wp-json\/wp\/v2\/categories?post=567"},{"taxonomy":"post_tag","embeddable":true,"href":"https:\/\/kfv-mol.de\/Wordpress\/wp-json\/wp\/v2\/tags?post=567"}],"curies":[{"name":"wp","href":"https:\/\/api.w.org\/{rel}","templated":true}]}}