{"id":5598,"date":"2022-08-15T07:44:44","date_gmt":"2022-08-15T06:44:44","guid":{"rendered":"https:\/\/kfv-mol.de\/Wordpress\/?p=5598"},"modified":"2022-08-15T07:44:46","modified_gmt":"2022-08-15T06:44:46","slug":"hauptamtliche-mitarbeiter-gesucht","status":"publish","type":"post","link":"https:\/\/kfv-mol.de\/Wordpress\/Artikel\/hauptamtliche-mitarbeiter-gesucht\/","title":{"rendered":"Hauptamtliche Mitarbeiter gesucht!"},"content":{"rendered":"\n<p>Der Landkreis M\u00e4rkisch-Oderland, Fachdienst Zivil-, Brand- und Katastrophenschutz sucht neue Mitarbeiter f\u00fcr den Dienstort Seelow und das FTZ Strausberg.<\/p>\n\n\n\n<p>N\u00e4heres in den Ausschreibungsunterlagen unter folgenden Links: <\/p>\n\n\n\n<p>Sachbearbeiter*in Hilfsorganisationen \/ Zivilschutz in Seelow <a rel=\"noreferrer noopener\" href=\"https:\/\/www.maerkisch-oderland.de\/datei\/anzeigen\/id\/49663,1249\/ausschreibung_sb_hios.pdf?fbclid=IwAR2QWYt9Miopzdh1X1gRiZONJT2uS0zCYZdVsPmo-h-kkoB6FiKPXeuj6Dg\" target=\"_blank\">https:\/\/www.maerkisch-oderland.de\/&#8230;\/ausschreibung_sb&#8230;<\/a><\/p>\n\n\n\n<p>Sachbearbeiter*in Katastrophenschutzlager\/Ger\u00e4tewart in Strausberg <a rel=\"noreferrer noopener\" href=\"https:\/\/www.maerkisch-oderland.de\/datei\/anzeigen\/id\/49584,1249\/stellenausschreibung_katastrophenschutzlager_geraetewart.pdf?fbclid=IwAR0IE0znlvxHnCJ1f3HFZE6ysF2U2-2bT3rt7ostfzMzHOhEQ4o6ygskIsY\" target=\"_blank\">https:\/\/www.maerkisch-oderland.de\/&#8230;\/stellenausschreibun&#8230;<\/a><\/p>\n\n\n\n<p>Bewerbungsschluss ist der 04.09.2022<\/p>\n\n\n","protected":false},"excerpt":{"rendered":"<p>Der Landkreis M\u00e4rkisch-Oderland, Fachdienst Zivil-, Brand- und Katastrophenschutz sucht neue Mitarbeiter f\u00fcr den Dienstort Seelow und das FTZ Strausberg. N\u00e4heres in den Ausschreibungsunterlagen unter folgenden Links: Sachbearbeiter*in Hilfsorganisationen \/ Zivilschutz in Seelow https:\/\/www.maerkisch-oderland.de\/&#8230;\/ausschreibung_sb&#8230; Sachbearbeiter*in Katastrophenschutzlager\/Ger\u00e4tewart in Strausberg https:\/\/www.maerkisch-oderland.de\/&#8230;\/stellenausschreibun&#8230; Bewerbungsschluss ist der 04.09.2022<\/p>\n","protected":false},"author":3,"featured_media":5475,"comment_status":"closed","ping_status":"closed","sticky":false,"template":"","format":"standard","meta":{"footnotes":""},"categories":[1],"tags":[],"class_list":["post-5598","post","type-post","status-publish","format-standard","has-post-thumbnail","hentry","category-sonstige"],"_links":{"self":[{"href":"https:\/\/kfv-mol.de\/Wordpress\/wp-json\/wp\/v2\/posts\/5598","targetHints":{"allow":["GET"]}}],"collection":[{"href":"https:\/\/kfv-mol.de\/Wordpress\/wp-json\/wp\/v2\/posts"}],"about":[{"href":"https:\/\/kfv-mol.de\/Wordpress\/wp-json\/wp\/v2\/types\/post"}],"author":[{"embeddable":true,"href":"https:\/\/kfv-mol.de\/Wordpress\/wp-json\/wp\/v2\/users\/3"}],"replies":[{"embeddable":true,"href":"https:\/\/kfv-mol.de\/Wordpress\/wp-json\/wp\/v2\/comments?post=5598"}],"version-history":[{"count":0,"href":"https:\/\/kfv-mol.de\/Wordpress\/wp-json\/wp\/v2\/posts\/5598\/revisions"}],"wp:featuredmedia":[{"embeddable":true,"href":"https:\/\/kfv-mol.de\/Wordpress\/wp-json\/wp\/v2\/media\/5475"}],"wp:attachment":[{"href":"https:\/\/kfv-mol.de\/Wordpress\/wp-json\/wp\/v2\/media?parent=5598"}],"wp:term":[{"taxonomy":"category","embeddable":true,"href":"https:\/\/kfv-mol.de\/Wordpress\/wp-json\/wp\/v2\/categories?post=5598"},{"taxonomy":"post_tag","embeddable":true,"href":"https:\/\/kfv-mol.de\/Wordpress\/wp-json\/wp\/v2\/tags?post=5598"}],"curies":[{"name":"wp","href":"https:\/\/api.w.org\/{rel}","templated":true}]}}