{"id":554,"date":"2012-04-22T10:26:08","date_gmt":"2012-04-22T09:26:08","guid":{"rendered":"http:\/\/www.kfv-mol.de\/Wordpress\/?p=554"},"modified":"2012-04-22T13:09:07","modified_gmt":"2012-04-22T12:09:07","slug":"feuerwehrsport-in-vorbereitung-der-deutschen-meisterschaften","status":"publish","type":"post","link":"https:\/\/kfv-mol.de\/Wordpress\/Artikel\/feuerwehrsport-in-vorbereitung-der-deutschen-meisterschaften\/","title":{"rendered":"Feuerwehrsport in Vorbereitung der Deutschen Meisterschaften"},"content":{"rendered":"<p><strong>Saisonstart in das Wettkampfjahr 2012 mit dem H\u00f6hepunkt der Deutschen Meisterschaft\u00a0 vom 25 \u2013 29.07.2012 in Cottbus der Auswahlmannschaft des KFV M\u00e4rkisch-Oderland<\/strong><\/p>\n<p>Nach dem wochenlangen Wintertraining in Kienbaum, Buckow und in Frankfurt (Oder) war es am 31.03.2012 endlich wieder soweit. Zum 15. Mal wurde die Saison der Feuerwehrsportler mit den Hallenpokal der Oberb\u00fcrgermeisterin der Stadt Halle (Saale) er\u00f6ffnet. In Halle gab es eine erste Standortbestimmung\u00a0 im Jahr der Deutschen Meisterschaft.<\/p>\n<p>Wie ernst alle den Saisonh\u00f6hepunkt in Cottbus nehmen, konnte jeder ganz deutlich an der Gr\u00f6\u00dfe des Starterfeldes sehen 78 M\u00e4nner und 60 Frauen k\u00e4mpften um den Wanderpokal derOberb\u00fcrgermeisterin auf der 100 m Hindernisbahn und der 4 x 100 m Staffel.<\/p>\n<p>Aus unserem Landkreis\u00a0 war eine Frauen und eine M\u00e4nnermannschaft mit an dem Start. Beide Teams konnten leider Verletzungsbedingt nicht in voller St\u00e4rke antreten.<\/p>\n<p>Die Ergebnisse zeigten aber deutlich wo es in Richtung Cottbus hingeht, bei den Frauen Siegte Stefanie Marek aus MV in einer Zeit von 18,98 sek. und bei den M\u00e4nnern Sebastian Neubauer aus SA mit einer Zeit von 17,14 sek. beide Siegerzeiten sind Top Ergebnisse.<\/p>\n<p>Unsere Frauen und M\u00e4nner schlugen sich in diesem gro\u00dfen Starterfeld ganz gut, auch wenn es noch nicht bis ganz nach vorne gereicht hat. Beste Starterin aus unserem Landkreis war Grit Thurow auf dem 6. Platz in einer Zeit von 20,24 sek. dicht gefolgt von Vanessa Stanitzek auf den 7. Platz mit 20,76 sek.<\/p>\n<p>Bei den M\u00e4nnern war Maik Berger auf dem 7. Platz in einer hervorragenden Zeit von 17,91 sek. der schnellste unseres Teams. Weitere Ergebnisse unserer Mannschaften waren:<\/p>\n<p>Toni, Bittner \u00a0\u00a0\u00a0\u00a0\u00a0\u00a0\u00a0\u00a0\u00a0\u00a0\u00a0\u00a0 18,31 sek. Pers\u00f6nliche Bestleistung \u00a0\u00a0\u00a0\u00a0 Platz 14<\/p>\n<p>Lucas, Kerga\u00a0\u00a0\u00a0\u00a0\u00a0\u00a0\u00a0\u00a0\u00a0\u00a0\u00a0\u00a0\u00a0\u00a0 19,16 sek. Pers\u00f6nliche Bestleistung \u00a0\u00a0\u00a0\u00a0 Platz 21<\/p>\n<p>Patrick, Piater\u00a0\u00a0\u00a0\u00a0\u00a0\u00a0\u00a0\u00a0\u00a0\u00a0 19,83 sek.\u00a0\u00a0\u00a0\u00a0\u00a0\u00a0\u00a0\u00a0\u00a0\u00a0\u00a0\u00a0\u00a0\u00a0\u00a0\u00a0\u00a0\u00a0\u00a0\u00a0\u00a0\u00a0\u00a0\u00a0\u00a0\u00a0\u00a0\u00a0\u00a0\u00a0\u00a0\u00a0\u00a0\u00a0\u00a0\u00a0\u00a0\u00a0\u00a0\u00a0 \u00a0\u00a0\u00a0\u00a0\u00a0\u00a0\u00a0\u00a0\u00a0\u00a0 Platz 33<\/p>\n<p>&nbsp;<\/p>\n<p>Mareen, Kallies\u00a0\u00a0\u00a0\u00a0\u00a0\u00a0 21,56 sek.\u00a0\u00a0\u00a0\u00a0\u00a0\u00a0\u00a0\u00a0\u00a0\u00a0\u00a0\u00a0\u00a0\u00a0\u00a0\u00a0\u00a0\u00a0\u00a0\u00a0\u00a0\u00a0\u00a0\u00a0\u00a0\u00a0\u00a0\u00a0\u00a0\u00a0\u00a0\u00a0\u00a0\u00a0\u00a0\u00a0\u00a0\u00a0\u00a0\u00a0 \u00a0\u00a0\u00a0\u00a0\u00a0\u00a0\u00a0\u00a0\u00a0\u00a0 Platz 21<\/p>\n<p>Ahnert, Diana\u00a0\u00a0\u00a0\u00a0\u00a0\u00a0\u00a0\u00a0\u00a0 23,50 sek.\u00a0\u00a0\u00a0\u00a0\u00a0\u00a0\u00a0\u00a0\u00a0\u00a0\u00a0\u00a0\u00a0\u00a0\u00a0\u00a0\u00a0\u00a0\u00a0\u00a0\u00a0\u00a0\u00a0\u00a0\u00a0\u00a0\u00a0\u00a0\u00a0\u00a0\u00a0\u00a0\u00a0\u00a0\u00a0\u00a0\u00a0\u00a0\u00a0\u00a0 \u00a0\u00a0\u00a0\u00a0\u00a0\u00a0\u00a0\u00a0\u00a0\u00a0\u00a0 Platz 40<\/p>\n<p>Marie, Seeger\u00a0\u00a0\u00a0\u00a0\u00a0\u00a0\u00a0\u00a0\u00a0 24,60 sek.\u00a0\u00a0\u00a0\u00a0\u00a0\u00a0\u00a0\u00a0\u00a0\u00a0\u00a0\u00a0\u00a0\u00a0\u00a0\u00a0\u00a0\u00a0\u00a0\u00a0\u00a0\u00a0\u00a0\u00a0\u00a0\u00a0\u00a0\u00a0\u00a0\u00a0\u00a0\u00a0\u00a0\u00a0\u00a0\u00a0\u00a0\u00a0\u00a0\u00a0 \u00a0\u00a0\u00a0\u00a0\u00a0\u00a0\u00a0\u00a0\u00a0\u00a0 Platz 46<\/p>\n<p>Ahnert, Chindy\u00a0\u00a0\u00a0\u00a0\u00a0\u00a0\u00a0 30,36 sek.\u00a0\u00a0\u00a0\u00a0\u00a0\u00a0\u00a0\u00a0\u00a0\u00a0\u00a0\u00a0\u00a0\u00a0\u00a0\u00a0\u00a0\u00a0\u00a0\u00a0\u00a0\u00a0\u00a0\u00a0\u00a0\u00a0\u00a0\u00a0\u00a0\u00a0\u00a0\u00a0\u00a0\u00a0\u00a0\u00a0\u00a0\u00a0\u00a0\u00a0 \u00a0\u00a0\u00a0\u00a0\u00a0\u00a0\u00a0\u00a0\u00a0\u00a0 Platz 59<\/p>\n<p>In der Staffel schrammte unser Frauenteam ganz knapp an einen Podestplatz vorbei und kamen\u00a0 in einer Zeit von 1:10,64 sek. auf den 4 Platz.<\/p>\n<p>Die M\u00e4nner leisteten sich leider einen Wechselfehler und wurden daraufhin disqualifiziert.<\/p>\n<p>Weitere Saisonh\u00f6hepunkte neben der Deutschen Meisterschaft sind die Termine f\u00fcr die Deutschlandcup Serie. In diesem Jahr werden\u00a0 vier Wettk\u00e4mpfe ausgetragen.<\/p>\n<p>Termine sind:\u00a0\u00a0\u00a0\u00a0\u00a0\u00a0\u00a0 16.06.2012 Wittenberg (Sachsen Anhalt)<\/p>\n<p>30.06.2012 Zeulenroda (Th\u00fcringen)<\/p>\n<p>01.09.2012 T\u00fcttleben (Th\u00fcringen)<\/p>\n<p>15.09.2012\u00a0 Charlottenthal (Mecklenburg Vorpommern)<\/p>\n\n\t\t<style type=\"text\/css\">\n\t\t\t#gallery-1 {\n\t\t\t\tmargin: auto;\n\t\t\t}\n\t\t\t#gallery-1 .gallery-item {\n\t\t\t\tfloat: left;\n\t\t\t\tmargin-top: 10px;\n\t\t\t\ttext-align: center;\n\t\t\t\twidth: 33%;\n\t\t\t}\n\t\t\t#gallery-1 img {\n\t\t\t\tborder: 2px solid #cfcfcf;\n\t\t\t}\n\t\t\t#gallery-1 .gallery-caption {\n\t\t\t\tmargin-left: 0;\n\t\t\t}\n\t\t\t\/* see gallery_shortcode() in wp-includes\/media.php *\/\n\t\t<\/style>\n\t\t<div id='gallery-1' class='gallery galleryid-554 gallery-columns-3 gallery-size-thumbnail'><dl class='gallery-item'>\n\t\t\t<dt class='gallery-icon landscape'>\n\t\t\t\t<a href='https:\/\/kfv-mol.de\/Wordpress\/wp-content\/uploads\/2012\/04\/IMG_2608.jpg'><img decoding=\"async\" width=\"150\" height=\"150\" data-src=\"https:\/\/kfv-mol.de\/Wordpress\/wp-content\/uploads\/2012\/04\/IMG_2608-150x150.jpg\" class=\"attachment-thumbnail size-thumbnail lazyload\" alt=\"\" data-srcset=\"https:\/\/kfv-mol.de\/Wordpress\/wp-content\/uploads\/2012\/04\/IMG_2608-150x150.jpg 150w, https:\/\/kfv-mol.de\/Wordpress\/wp-content\/uploads\/2012\/04\/IMG_2608-96x96.jpg 96w, https:\/\/kfv-mol.de\/Wordpress\/wp-content\/uploads\/2012\/04\/IMG_2608-24x24.jpg 24w, https:\/\/kfv-mol.de\/Wordpress\/wp-content\/uploads\/2012\/04\/IMG_2608-36x36.jpg 36w, https:\/\/kfv-mol.de\/Wordpress\/wp-content\/uploads\/2012\/04\/IMG_2608-48x48.jpg 48w, https:\/\/kfv-mol.de\/Wordpress\/wp-content\/uploads\/2012\/04\/IMG_2608-64x64.jpg 64w\" data-sizes=\"(max-width: 150px) 100vw, 150px\" src=\"data:image\/svg+xml;base64,PHN2ZyB3aWR0aD0iMSIgaGVpZ2h0PSIxIiB4bWxucz0iaHR0cDovL3d3dy53My5vcmcvMjAwMC9zdmciPjwvc3ZnPg==\" style=\"--smush-placeholder-width: 150px; --smush-placeholder-aspect-ratio: 150\/150;\" \/><\/a>\n\t\t\t<\/dt><\/dl><dl class='gallery-item'>\n\t\t\t<dt class='gallery-icon landscape'>\n\t\t\t\t<a href='https:\/\/kfv-mol.de\/Wordpress\/wp-content\/uploads\/2012\/04\/IMG_2613.jpg'><img decoding=\"async\" width=\"150\" height=\"150\" data-src=\"https:\/\/kfv-mol.de\/Wordpress\/wp-content\/uploads\/2012\/04\/IMG_2613-150x150.jpg\" class=\"attachment-thumbnail size-thumbnail lazyload\" alt=\"\" data-srcset=\"https:\/\/kfv-mol.de\/Wordpress\/wp-content\/uploads\/2012\/04\/IMG_2613-150x150.jpg 150w, https:\/\/kfv-mol.de\/Wordpress\/wp-content\/uploads\/2012\/04\/IMG_2613-96x96.jpg 96w, https:\/\/kfv-mol.de\/Wordpress\/wp-content\/uploads\/2012\/04\/IMG_2613-24x24.jpg 24w, https:\/\/kfv-mol.de\/Wordpress\/wp-content\/uploads\/2012\/04\/IMG_2613-36x36.jpg 36w, https:\/\/kfv-mol.de\/Wordpress\/wp-content\/uploads\/2012\/04\/IMG_2613-48x48.jpg 48w, https:\/\/kfv-mol.de\/Wordpress\/wp-content\/uploads\/2012\/04\/IMG_2613-64x64.jpg 64w\" data-sizes=\"(max-width: 150px) 100vw, 150px\" src=\"data:image\/svg+xml;base64,PHN2ZyB3aWR0aD0iMSIgaGVpZ2h0PSIxIiB4bWxucz0iaHR0cDovL3d3dy53My5vcmcvMjAwMC9zdmciPjwvc3ZnPg==\" style=\"--smush-placeholder-width: 150px; --smush-placeholder-aspect-ratio: 150\/150;\" \/><\/a>\n\t\t\t<\/dt><\/dl><dl class='gallery-item'>\n\t\t\t<dt class='gallery-icon landscape'>\n\t\t\t\t<a href='https:\/\/kfv-mol.de\/Wordpress\/wp-content\/uploads\/2012\/04\/IMG_2619.jpg'><img decoding=\"async\" width=\"150\" height=\"150\" data-src=\"https:\/\/kfv-mol.de\/Wordpress\/wp-content\/uploads\/2012\/04\/IMG_2619-150x150.jpg\" class=\"attachment-thumbnail size-thumbnail lazyload\" alt=\"\" data-srcset=\"https:\/\/kfv-mol.de\/Wordpress\/wp-content\/uploads\/2012\/04\/IMG_2619-150x150.jpg 150w, https:\/\/kfv-mol.de\/Wordpress\/wp-content\/uploads\/2012\/04\/IMG_2619-96x96.jpg 96w, https:\/\/kfv-mol.de\/Wordpress\/wp-content\/uploads\/2012\/04\/IMG_2619-24x24.jpg 24w, https:\/\/kfv-mol.de\/Wordpress\/wp-content\/uploads\/2012\/04\/IMG_2619-36x36.jpg 36w, https:\/\/kfv-mol.de\/Wordpress\/wp-content\/uploads\/2012\/04\/IMG_2619-48x48.jpg 48w, https:\/\/kfv-mol.de\/Wordpress\/wp-content\/uploads\/2012\/04\/IMG_2619-64x64.jpg 64w\" data-sizes=\"(max-width: 150px) 100vw, 150px\" src=\"data:image\/svg+xml;base64,PHN2ZyB3aWR0aD0iMSIgaGVpZ2h0PSIxIiB4bWxucz0iaHR0cDovL3d3dy53My5vcmcvMjAwMC9zdmciPjwvc3ZnPg==\" style=\"--smush-placeholder-width: 150px; --smush-placeholder-aspect-ratio: 150\/150;\" \/><\/a>\n\t\t\t<\/dt><\/dl><br style=\"clear: both\" \/>\n\t\t<\/div>\n\n<p>Regional gibt es Wettk\u00e4mpfe in Seelow (L\u00f6schangriff Nachtpokal)<\/p>\n<p>am 02.06.2012 in Buckow (Hakenleitersteigen) und am 03.06.2012 in Bad Freienwalde (Kreismeisterschaften MOL 100 m, 4x 100 m Staffel, L\u00f6schangriff und Gruppenstafette Frauen) am 04.08.2012 in Ihlow (Ackerpokal L\u00f6schangriff)<\/p>\n<p>Weiter Informationen, Wettkampfberichte und Ergebnisse findet Ihr im Internet unter <a href=\"http:\/\/www.landesfeuerwehrverband\/\">www.Landesfeuerwehrverband<\/a> Brandenburg.de,\u00a0 dort unter der Rubrik Wettbewerbe.<\/p>\n","protected":false},"excerpt":{"rendered":"<p>Saisonstart in das Wettkampfjahr 2012 mit dem H\u00f6hepunkt der Deutschen Meisterschaft\u00a0 vom 25 \u2013 29.07.2012 in Cottbus der Auswahlmannschaft des KFV M\u00e4rkisch-Oderland Nach dem wochenlangen Wintertraining in Kienbaum, Buckow und in Frankfurt (Oder) war es am 31.03.2012 endlich wieder soweit. Zum 15. Mal wurde die Saison der Feuerwehrsportler mit den Hallenpokal der Oberb\u00fcrgermeisterin der Stadt [&hellip;]<\/p>\n","protected":false},"author":3,"featured_media":0,"comment_status":"closed","ping_status":"closed","sticky":false,"template":"","format":"standard","meta":{"footnotes":""},"categories":[1],"tags":[],"class_list":["post-554","post","type-post","status-publish","format-standard","hentry","category-sonstige"],"_links":{"self":[{"href":"https:\/\/kfv-mol.de\/Wordpress\/wp-json\/wp\/v2\/posts\/554","targetHints":{"allow":["GET"]}}],"collection":[{"href":"https:\/\/kfv-mol.de\/Wordpress\/wp-json\/wp\/v2\/posts"}],"about":[{"href":"https:\/\/kfv-mol.de\/Wordpress\/wp-json\/wp\/v2\/types\/post"}],"author":[{"embeddable":true,"href":"https:\/\/kfv-mol.de\/Wordpress\/wp-json\/wp\/v2\/users\/3"}],"replies":[{"embeddable":true,"href":"https:\/\/kfv-mol.de\/Wordpress\/wp-json\/wp\/v2\/comments?post=554"}],"version-history":[{"count":0,"href":"https:\/\/kfv-mol.de\/Wordpress\/wp-json\/wp\/v2\/posts\/554\/revisions"}],"wp:attachment":[{"href":"https:\/\/kfv-mol.de\/Wordpress\/wp-json\/wp\/v2\/media?parent=554"}],"wp:term":[{"taxonomy":"category","embeddable":true,"href":"https:\/\/kfv-mol.de\/Wordpress\/wp-json\/wp\/v2\/categories?post=554"},{"taxonomy":"post_tag","embeddable":true,"href":"https:\/\/kfv-mol.de\/Wordpress\/wp-json\/wp\/v2\/tags?post=554"}],"curies":[{"name":"wp","href":"https:\/\/api.w.org\/{rel}","templated":true}]}}