{"id":534,"date":"2012-04-15T12:54:10","date_gmt":"2012-04-15T11:54:10","guid":{"rendered":"http:\/\/www.kfv-mol.de\/Wordpress\/?p=534"},"modified":"2012-04-15T12:54:10","modified_gmt":"2012-04-15T11:54:10","slug":"hauptausschuss-des-kreisfeuerwehrverbandes-mol-tagte-am-14-04-12-in-bad-freienwalde","status":"publish","type":"post","link":"https:\/\/kfv-mol.de\/Wordpress\/Artikel\/hauptausschuss-des-kreisfeuerwehrverbandes-mol-tagte-am-14-04-12-in-bad-freienwalde\/","title":{"rendered":"Hauptausschuss des Kreisfeuerwehrverbandes MOL tagte am 14.04.12 in Bad Freienwalde"},"content":{"rendered":"<p>Der Hauptausschuss des Kreisfeuerwehrverbandes MOL tritt in der Regel einmal im Jahr zusammen, um den Bericht des Vorstandes entgegenzunehmen, die Haushaltsrechnung des Vorjahres und den Haushaltsplan des laufenden Jahres zu best\u00e4tigen und andere wichtige Beschl\u00fcsse zwischen den Delegiertenversammlungen zu fassen. Er besteht aus dem Vorstand, den Fachausschu\u00dfleitern und benannten Vertretern der Freiwilligen Feuerwehren aller \u00c4mter, amtsfreien St\u00e4dte und Gemeinden.<\/p>\n<p>Die diesj\u00e4hrige Hauptausschusstagung fand am Sonnabend, dem 14.04.12 im Ger\u00e4tehaus der FF Bad Freienwalde statt.<\/p>\n<p>&nbsp;<\/p>\n<p>Als G\u00e4ste konnten wir den Landrat Gernot Schmidt, den B\u00fcrgermeister der Stadt Bad Freienwalde Ralf Lehmann und den Pr\u00e4sidenten des LFV Manfred Gerdes herzlich begr\u00fc\u00dfen.<img decoding=\"async\" class=\"aligncenter size-medium wp-image-535 lazyload\" data-src=\"https:\/\/kfv-mol.de\/Wordpress\/wp-content\/uploads\/2012\/04\/P1020240-300x225.jpg\" alt=\"Das Tagungspr\u00e4sidium\" width=\"300\" height=\"225\" data-srcset=\"https:\/\/kfv-mol.de\/Wordpress\/wp-content\/uploads\/2012\/04\/P1020240-300x225.jpg 300w, https:\/\/kfv-mol.de\/Wordpress\/wp-content\/uploads\/2012\/04\/P1020240.jpg 800w\" data-sizes=\"(max-width: 300px) 100vw, 300px\" src=\"data:image\/svg+xml;base64,PHN2ZyB3aWR0aD0iMSIgaGVpZ2h0PSIxIiB4bWxucz0iaHR0cDovL3d3dy53My5vcmcvMjAwMC9zdmciPjwvc3ZnPg==\" style=\"--smush-placeholder-width: 300px; --smush-placeholder-aspect-ratio: 300\/225;\" \/><\/p>\n<p>Den Bericht des Vorstandes trug der Vorsitzende Hans-Dieter Kandzia vor. Darin w\u00fcrdigte er die Leistungen der ehrenamtlichen Feuerwehrleute und berichtete ausf\u00fchrlich \u00fcber die Verbandsaktivit\u00e4ten.<\/p>\n<p>&nbsp;<\/p>\n<p>Die G\u00e4ste bedankten sich in ihren Gru\u00dfworten bei allen Feuerwehren des Kreises f\u00fcr ihre st\u00e4ndige Einsatzbereitschaft.<\/p>\n<p>Der Landrat hob insbesondere die Leistungen bei den Hochwassereins\u00e4tzen hervor. Der gastgebende B\u00fcrgermeister bewarb sich um einen k\u00fcnftigen Kreisfeuerwehrtag. Pr\u00e4sident Gerbes lobte insbesondere die Steigerung der Anzahl der Einsatzkr\u00e4fte und Jugendfeuerwehrleute<\/p>\n<p>&nbsp;<\/p>\n<p>Die Haushaltsrechnung 2011 und der Haushaltsplan 2012 wurden mehrheitlich best\u00e4tigt. Der Hauptaussschuss folgte ebenso nach kl\u00e4renden Diskussionen den anderen Beschl\u00fcssvorlagen des Vorstandes.<\/p>\n<p>Kamerad Uwe Kaul ( FF Sophiental ) wurde zum Nachfolger des Kameraden Eberhard Galle als Fachausschussleiter &#8222;Wettbewerbe&#8220; berufen. Mit der Vorbereitung der Kreismeisterschaften und der Teilnahme an den Deutschen Meisterschaften in Cottbus hat er gro\u00dfe Aufgaben zu meistern.<\/p>\n<p><a href=\"https:\/\/kfv-mol.de\/Wordpress\/wp-content\/uploads\/2012\/04\/P10202453.jpg\"><img decoding=\"async\" class=\"aligncenter size-medium wp-image-546 lazyload\" data-src=\"https:\/\/kfv-mol.de\/Wordpress\/wp-content\/uploads\/2012\/04\/P10202453-300x225.jpg\" alt=\"\" width=\"300\" height=\"225\" data-srcset=\"https:\/\/kfv-mol.de\/Wordpress\/wp-content\/uploads\/2012\/04\/P10202453-300x225.jpg 300w, https:\/\/kfv-mol.de\/Wordpress\/wp-content\/uploads\/2012\/04\/P10202453.jpg 800w\" data-sizes=\"(max-width: 300px) 100vw, 300px\" src=\"data:image\/svg+xml;base64,PHN2ZyB3aWR0aD0iMSIgaGVpZ2h0PSIxIiB4bWxucz0iaHR0cDovL3d3dy53My5vcmcvMjAwMC9zdmciPjwvc3ZnPg==\" style=\"--smush-placeholder-width: 300px; --smush-placeholder-aspect-ratio: 300\/225;\" \/><\/a><\/p>\n<p>Zum Abschluss der Tagung zeichnete der Vorsitzende die Mitglieder des FA &#8222;Alters- und Ehrenabteilung&#8220; Peter Wichmann ( FF Libbenichen) und J\u00fcrgen Feist (FF Neuenhagen) mit der Ehrennadel des KFV in Gold sowie Winfried Rosenfeld ( FF Frankenfelde ) mit dem Ehrenzeichen des KFV aus.<\/p>\n<p><img decoding=\"async\" class=\"aligncenter  wp-image-541 lazyload\" data-src=\"https:\/\/kfv-mol.de\/Wordpress\/wp-content\/uploads\/2012\/04\/P10202481-300x225.jpg\" alt=\"Peter Wichmann und J\u00fcrgen Feist\" width=\"290\" height=\"225\" src=\"data:image\/svg+xml;base64,PHN2ZyB3aWR0aD0iMSIgaGVpZ2h0PSIxIiB4bWxucz0iaHR0cDovL3d3dy53My5vcmcvMjAwMC9zdmciPjwvc3ZnPg==\" style=\"--smush-placeholder-width: 290px; --smush-placeholder-aspect-ratio: 290\/225;\" \/><\/p>\n","protected":false},"excerpt":{"rendered":"<p>Der Hauptausschuss des Kreisfeuerwehrverbandes MOL tritt in der Regel einmal im Jahr zusammen, um den Bericht des Vorstandes entgegenzunehmen, die Haushaltsrechnung des Vorjahres und den Haushaltsplan des laufenden Jahres zu best\u00e4tigen und andere wichtige Beschl\u00fcsse zwischen den Delegiertenversammlungen zu fassen. Er besteht aus dem Vorstand, den Fachausschu\u00dfleitern und benannten Vertretern der Freiwilligen Feuerwehren aller \u00c4mter, [&hellip;]<\/p>\n","protected":false},"author":3,"featured_media":0,"comment_status":"closed","ping_status":"closed","sticky":false,"template":"","format":"standard","meta":{"footnotes":""},"categories":[1],"tags":[],"class_list":["post-534","post","type-post","status-publish","format-standard","hentry","category-sonstige"],"_links":{"self":[{"href":"https:\/\/kfv-mol.de\/Wordpress\/wp-json\/wp\/v2\/posts\/534","targetHints":{"allow":["GET"]}}],"collection":[{"href":"https:\/\/kfv-mol.de\/Wordpress\/wp-json\/wp\/v2\/posts"}],"about":[{"href":"https:\/\/kfv-mol.de\/Wordpress\/wp-json\/wp\/v2\/types\/post"}],"author":[{"embeddable":true,"href":"https:\/\/kfv-mol.de\/Wordpress\/wp-json\/wp\/v2\/users\/3"}],"replies":[{"embeddable":true,"href":"https:\/\/kfv-mol.de\/Wordpress\/wp-json\/wp\/v2\/comments?post=534"}],"version-history":[{"count":0,"href":"https:\/\/kfv-mol.de\/Wordpress\/wp-json\/wp\/v2\/posts\/534\/revisions"}],"wp:attachment":[{"href":"https:\/\/kfv-mol.de\/Wordpress\/wp-json\/wp\/v2\/media?parent=534"}],"wp:term":[{"taxonomy":"category","embeddable":true,"href":"https:\/\/kfv-mol.de\/Wordpress\/wp-json\/wp\/v2\/categories?post=534"},{"taxonomy":"post_tag","embeddable":true,"href":"https:\/\/kfv-mol.de\/Wordpress\/wp-json\/wp\/v2\/tags?post=534"}],"curies":[{"name":"wp","href":"https:\/\/api.w.org\/{rel}","templated":true}]}}