{"id":514,"date":"2012-03-26T19:56:53","date_gmt":"2012-03-26T18:56:53","guid":{"rendered":"http:\/\/www.kfv-mol.de\/Wordpress\/?p=514"},"modified":"2012-03-26T19:56:53","modified_gmt":"2012-03-26T18:56:53","slug":"einsatzbefehleinheit-auftrag-mittel-ziel-weg-21-neue-truppfuhrer-im-landkreis-markisch-oderland","status":"publish","type":"post","link":"https:\/\/kfv-mol.de\/Wordpress\/Artikel\/einsatzbefehleinheit-auftrag-mittel-ziel-weg-21-neue-truppfuhrer-im-landkreis-markisch-oderland\/","title":{"rendered":"Einsatzbefehl:Einheit, Auftrag, Mittel, Ziel, Weg &#8211; 21 neue Truppf\u00fchrer im Landkreis M\u00e4rkisch-Oderland"},"content":{"rendered":"<p>F\u00fcr 21 Feuerwehrm\u00e4nner des Landkreises M\u00e4rkisch Oderland, stand letzten Samstag am Dolgeliner Ger\u00e4tehaus die Abschlusspr\u00fcfung zum ersten F\u00fchrungslehrgang in ihrer Feuerwehrkarriere auf dem Programm. Das erkl\u00e4rte Ziel in dieser Ausbildung hie\u00df: \u201eBef\u00e4higung zum F\u00fchren eines Trupps nach Auftrag innerhalb einer Gruppe oder Staffel!\u201c F\u00fcr diese 21 Kameraden hei\u00dft es ab jetzt, Verantwortung \u00fcbernehmen f\u00fcr die kleinste taktische Einheit in der Feuerwehr. Um dieser Verantwortung gerecht zu werden, erlernten die Kameraden in einem 35 Stundenlehrgang\u00a0 alles, was Sie zum F\u00fchren eines Trupps ben\u00f6tigen.Festgeschrieben ist dieses Pensum sowie auch der konkrete Lehrinhalt in der Feuerwehrdienstvorschrift 2.<\/p>\n<p>Die theoretischen Hauptf\u00e4cher waren, Rechtsgrundlagen, Brennen und L\u00f6schen, Fahrzeugkunde, Verhalten bei Gefahren, ABC-Gefahrstoffe und Brandsicherheitswachdienst. Aber auch die praktische Ausbildung kam nicht zu kurz und so erhielten die Kameraden Unterweisungen in der Technischen Hilfeleistung und im L\u00f6scheinsatz, durch erfahrene Kreisausbilder.Bei der praktischen Ausbildung macht es sich seit Jahren bew\u00e4hrt, dass wir erfahrene Gruppen und Zugf\u00fchrer der\u00a0 umliegenden Freiwilligen Feuerwehren hinzu ziehen, um so die Praxis immer so nah wie m\u00f6glich an die Auszubildenden heranzubringen. So waren bei der praktischen Ausbildung mitunter bis zu sechs Ausbilder gleichzeitig t\u00e4tig, um allen Teilnehmern ein fundiertes Grundwissen mit auf den Weg geben zu k\u00f6nnen.<\/p>\n<p>Am Ende der Ausbildung mussten sich die Pr\u00fcflinge Gruppenweise einer aus zwei Themen bestehenden praktischen Pr\u00fcfung und einem 40 Fragen umfassenden schriftlichen Leistungstest stellen. Die Pr\u00fcfung wurde unter Leitung und Aufsicht des Verantwortlichen f\u00fcr Ausbildung im Landkreises M\u00e4rkisch-Oderland, Andreas Jung, durch den Leiter f\u00fcr Ausbildung im Amt Seelow-Land, Enrico Brauner, sowie dem Amtswehrf\u00fchrer von Seelow-Land, Uwe Sch\u00fcler abgenommen. Lehrgangsbester wurde der Kamerad Henrik Altermann von der FF Seelow, mit einem Durchschnitt von 2,3. Die Zusammenarbeit der \u00c4mter auf dem Gebiet der Ausbildung in den Freiwilligen Feuerwehren tr\u00e4gt immer mehr Fr\u00fcchte. Dieses Mal arbeitenden f\u00fcnf\u00a0 \u00c4mtern, St\u00e4dten und Gemeinden aus der Region des Altkreises Seelow zusammen, um die Ausbildung von 21 Feuerwehrleuten zu erm\u00f6glichen und zu organisieren. So konnte die Ausbildung\u00a0 konzentriert werden und gemeinsam von den\u00a0 Ausbildern aus den \u00c4mtern Lebus, Seelow-Land sowie der Stadt Seelow vermittelt werden.<\/p>\n<p>Das bringt den entscheidenden Vorteil mit sich, dass die Kameraden von Anfang an Kenntnis von vorhandener Technik in Ihrer unmittelbaren N\u00e4he haben und deren Umgang kennen lernen. Ebenso erg\u00e4nzen sich die Ausbilder gegenseitig und tragen so zu einer qualifizierten Ausbildung bei, die in der heutigen Zeit unerl\u00e4sslich ist.<\/p>\n\n\t\t<style type=\"text\/css\">\n\t\t\t#gallery-1 {\n\t\t\t\tmargin: auto;\n\t\t\t}\n\t\t\t#gallery-1 .gallery-item {\n\t\t\t\tfloat: left;\n\t\t\t\tmargin-top: 10px;\n\t\t\t\ttext-align: center;\n\t\t\t\twidth: 25%;\n\t\t\t}\n\t\t\t#gallery-1 img {\n\t\t\t\tborder: 2px solid #cfcfcf;\n\t\t\t}\n\t\t\t#gallery-1 .gallery-caption {\n\t\t\t\tmargin-left: 0;\n\t\t\t}\n\t\t\t\/* see gallery_shortcode() in wp-includes\/media.php *\/\n\t\t<\/style>\n\t\t<div id='gallery-1' class='gallery galleryid-514 gallery-columns-4 gallery-size-thumbnail'><dl class='gallery-item'>\n\t\t\t<dt class='gallery-icon landscape'>\n\t\t\t\t<a href='https:\/\/kfv-mol.de\/Wordpress\/wp-content\/uploads\/2012\/03\/k-100_9031-Notstromversorgung-LF-20.20.jpg'><img decoding=\"async\" width=\"150\" height=\"150\" data-src=\"https:\/\/kfv-mol.de\/Wordpress\/wp-content\/uploads\/2012\/03\/k-100_9031-Notstromversorgung-LF-20.20-150x150.jpg\" class=\"attachment-thumbnail size-thumbnail lazyload\" alt=\"\" data-srcset=\"https:\/\/kfv-mol.de\/Wordpress\/wp-content\/uploads\/2012\/03\/k-100_9031-Notstromversorgung-LF-20.20-150x150.jpg 150w, https:\/\/kfv-mol.de\/Wordpress\/wp-content\/uploads\/2012\/03\/k-100_9031-Notstromversorgung-LF-20.20-96x96.jpg 96w, https:\/\/kfv-mol.de\/Wordpress\/wp-content\/uploads\/2012\/03\/k-100_9031-Notstromversorgung-LF-20.20-24x24.jpg 24w, https:\/\/kfv-mol.de\/Wordpress\/wp-content\/uploads\/2012\/03\/k-100_9031-Notstromversorgung-LF-20.20-36x36.jpg 36w, https:\/\/kfv-mol.de\/Wordpress\/wp-content\/uploads\/2012\/03\/k-100_9031-Notstromversorgung-LF-20.20-48x48.jpg 48w, https:\/\/kfv-mol.de\/Wordpress\/wp-content\/uploads\/2012\/03\/k-100_9031-Notstromversorgung-LF-20.20-64x64.jpg 64w\" data-sizes=\"(max-width: 150px) 100vw, 150px\" src=\"data:image\/svg+xml;base64,PHN2ZyB3aWR0aD0iMSIgaGVpZ2h0PSIxIiB4bWxucz0iaHR0cDovL3d3dy53My5vcmcvMjAwMC9zdmciPjwvc3ZnPg==\" style=\"--smush-placeholder-width: 150px; --smush-placeholder-aspect-ratio: 150\/150;\" \/><\/a>\n\t\t\t<\/dt><\/dl><dl class='gallery-item'>\n\t\t\t<dt class='gallery-icon landscape'>\n\t\t\t\t<a href='https:\/\/kfv-mol.de\/Wordpress\/wp-content\/uploads\/2012\/03\/k-100_9104-Teiln.Amt-Seelow-Land.jpg'><img decoding=\"async\" width=\"150\" height=\"150\" data-src=\"https:\/\/kfv-mol.de\/Wordpress\/wp-content\/uploads\/2012\/03\/k-100_9104-Teiln.Amt-Seelow-Land-150x150.jpg\" class=\"attachment-thumbnail size-thumbnail lazyload\" alt=\"\" data-srcset=\"https:\/\/kfv-mol.de\/Wordpress\/wp-content\/uploads\/2012\/03\/k-100_9104-Teiln.Amt-Seelow-Land-150x150.jpg 150w, https:\/\/kfv-mol.de\/Wordpress\/wp-content\/uploads\/2012\/03\/k-100_9104-Teiln.Amt-Seelow-Land-96x96.jpg 96w, https:\/\/kfv-mol.de\/Wordpress\/wp-content\/uploads\/2012\/03\/k-100_9104-Teiln.Amt-Seelow-Land-24x24.jpg 24w, https:\/\/kfv-mol.de\/Wordpress\/wp-content\/uploads\/2012\/03\/k-100_9104-Teiln.Amt-Seelow-Land-36x36.jpg 36w, https:\/\/kfv-mol.de\/Wordpress\/wp-content\/uploads\/2012\/03\/k-100_9104-Teiln.Amt-Seelow-Land-48x48.jpg 48w, https:\/\/kfv-mol.de\/Wordpress\/wp-content\/uploads\/2012\/03\/k-100_9104-Teiln.Amt-Seelow-Land-64x64.jpg 64w\" data-sizes=\"(max-width: 150px) 100vw, 150px\" src=\"data:image\/svg+xml;base64,PHN2ZyB3aWR0aD0iMSIgaGVpZ2h0PSIxIiB4bWxucz0iaHR0cDovL3d3dy53My5vcmcvMjAwMC9zdmciPjwvc3ZnPg==\" style=\"--smush-placeholder-width: 150px; --smush-placeholder-aspect-ratio: 150\/150;\" \/><\/a>\n\t\t\t<\/dt><\/dl><dl class='gallery-item'>\n\t\t\t<dt class='gallery-icon landscape'>\n\t\t\t\t<a href='https:\/\/kfv-mol.de\/Wordpress\/wp-content\/uploads\/2012\/03\/k-100_9019-Ger\u00e4rekunde-am-LF-20.20.jpg'><img decoding=\"async\" width=\"150\" height=\"150\" data-src=\"https:\/\/kfv-mol.de\/Wordpress\/wp-content\/uploads\/2012\/03\/k-100_9019-Ger\u00e4rekunde-am-LF-20.20-150x150.jpg\" class=\"attachment-thumbnail size-thumbnail lazyload\" alt=\"\" data-srcset=\"https:\/\/kfv-mol.de\/Wordpress\/wp-content\/uploads\/2012\/03\/k-100_9019-Ger\u00e4rekunde-am-LF-20.20-150x150.jpg 150w, https:\/\/kfv-mol.de\/Wordpress\/wp-content\/uploads\/2012\/03\/k-100_9019-Ger\u00e4rekunde-am-LF-20.20-96x96.jpg 96w, https:\/\/kfv-mol.de\/Wordpress\/wp-content\/uploads\/2012\/03\/k-100_9019-Ger\u00e4rekunde-am-LF-20.20-24x24.jpg 24w, https:\/\/kfv-mol.de\/Wordpress\/wp-content\/uploads\/2012\/03\/k-100_9019-Ger\u00e4rekunde-am-LF-20.20-36x36.jpg 36w, https:\/\/kfv-mol.de\/Wordpress\/wp-content\/uploads\/2012\/03\/k-100_9019-Ger\u00e4rekunde-am-LF-20.20-48x48.jpg 48w, https:\/\/kfv-mol.de\/Wordpress\/wp-content\/uploads\/2012\/03\/k-100_9019-Ger\u00e4rekunde-am-LF-20.20-64x64.jpg 64w\" data-sizes=\"(max-width: 150px) 100vw, 150px\" src=\"data:image\/svg+xml;base64,PHN2ZyB3aWR0aD0iMSIgaGVpZ2h0PSIxIiB4bWxucz0iaHR0cDovL3d3dy53My5vcmcvMjAwMC9zdmciPjwvc3ZnPg==\" style=\"--smush-placeholder-width: 150px; --smush-placeholder-aspect-ratio: 150\/150;\" \/><\/a>\n\t\t\t<\/dt><\/dl><dl class='gallery-item'>\n\t\t\t<dt class='gallery-icon landscape'>\n\t\t\t\t<a href='https:\/\/kfv-mol.de\/Wordpress\/wp-content\/uploads\/2012\/03\/k-100_9032-Ausbilderteam-Lehrgang-TF.jpg'><img decoding=\"async\" width=\"150\" height=\"150\" data-src=\"https:\/\/kfv-mol.de\/Wordpress\/wp-content\/uploads\/2012\/03\/k-100_9032-Ausbilderteam-Lehrgang-TF-150x150.jpg\" class=\"attachment-thumbnail size-thumbnail lazyload\" alt=\"\" data-srcset=\"https:\/\/kfv-mol.de\/Wordpress\/wp-content\/uploads\/2012\/03\/k-100_9032-Ausbilderteam-Lehrgang-TF-150x150.jpg 150w, https:\/\/kfv-mol.de\/Wordpress\/wp-content\/uploads\/2012\/03\/k-100_9032-Ausbilderteam-Lehrgang-TF-96x96.jpg 96w, https:\/\/kfv-mol.de\/Wordpress\/wp-content\/uploads\/2012\/03\/k-100_9032-Ausbilderteam-Lehrgang-TF-24x24.jpg 24w, https:\/\/kfv-mol.de\/Wordpress\/wp-content\/uploads\/2012\/03\/k-100_9032-Ausbilderteam-Lehrgang-TF-36x36.jpg 36w, https:\/\/kfv-mol.de\/Wordpress\/wp-content\/uploads\/2012\/03\/k-100_9032-Ausbilderteam-Lehrgang-TF-48x48.jpg 48w, https:\/\/kfv-mol.de\/Wordpress\/wp-content\/uploads\/2012\/03\/k-100_9032-Ausbilderteam-Lehrgang-TF-64x64.jpg 64w\" data-sizes=\"(max-width: 150px) 100vw, 150px\" src=\"data:image\/svg+xml;base64,PHN2ZyB3aWR0aD0iMSIgaGVpZ2h0PSIxIiB4bWxucz0iaHR0cDovL3d3dy53My5vcmcvMjAwMC9zdmciPjwvc3ZnPg==\" style=\"--smush-placeholder-width: 150px; --smush-placeholder-aspect-ratio: 150\/150;\" \/><\/a>\n\t\t\t<\/dt><\/dl><br style=\"clear: both\" \/><dl class='gallery-item'>\n\t\t\t<dt class='gallery-icon landscape'>\n\t\t\t\t<a href='https:\/\/kfv-mol.de\/Wordpress\/wp-content\/uploads\/2012\/03\/k-100_9101-Teiln.-Amt-Lebus.jpg'><img decoding=\"async\" width=\"150\" height=\"150\" data-src=\"https:\/\/kfv-mol.de\/Wordpress\/wp-content\/uploads\/2012\/03\/k-100_9101-Teiln.-Amt-Lebus-150x150.jpg\" class=\"attachment-thumbnail size-thumbnail lazyload\" alt=\"\" data-srcset=\"https:\/\/kfv-mol.de\/Wordpress\/wp-content\/uploads\/2012\/03\/k-100_9101-Teiln.-Amt-Lebus-150x150.jpg 150w, https:\/\/kfv-mol.de\/Wordpress\/wp-content\/uploads\/2012\/03\/k-100_9101-Teiln.-Amt-Lebus-96x96.jpg 96w, https:\/\/kfv-mol.de\/Wordpress\/wp-content\/uploads\/2012\/03\/k-100_9101-Teiln.-Amt-Lebus-24x24.jpg 24w, https:\/\/kfv-mol.de\/Wordpress\/wp-content\/uploads\/2012\/03\/k-100_9101-Teiln.-Amt-Lebus-36x36.jpg 36w, https:\/\/kfv-mol.de\/Wordpress\/wp-content\/uploads\/2012\/03\/k-100_9101-Teiln.-Amt-Lebus-48x48.jpg 48w, https:\/\/kfv-mol.de\/Wordpress\/wp-content\/uploads\/2012\/03\/k-100_9101-Teiln.-Amt-Lebus-64x64.jpg 64w\" data-sizes=\"(max-width: 150px) 100vw, 150px\" src=\"data:image\/svg+xml;base64,PHN2ZyB3aWR0aD0iMSIgaGVpZ2h0PSIxIiB4bWxucz0iaHR0cDovL3d3dy53My5vcmcvMjAwMC9zdmciPjwvc3ZnPg==\" style=\"--smush-placeholder-width: 150px; --smush-placeholder-aspect-ratio: 150\/150;\" \/><\/a>\n\t\t\t<\/dt><\/dl><dl class='gallery-item'>\n\t\t\t<dt class='gallery-icon landscape'>\n\t\t\t\t<a href='https:\/\/kfv-mol.de\/Wordpress\/wp-content\/uploads\/2012\/03\/k-100_9054-Korrekter-Leiteraufbau.jpg'><img decoding=\"async\" width=\"150\" height=\"150\" data-src=\"https:\/\/kfv-mol.de\/Wordpress\/wp-content\/uploads\/2012\/03\/k-100_9054-Korrekter-Leiteraufbau-150x150.jpg\" class=\"attachment-thumbnail size-thumbnail lazyload\" alt=\"\" data-srcset=\"https:\/\/kfv-mol.de\/Wordpress\/wp-content\/uploads\/2012\/03\/k-100_9054-Korrekter-Leiteraufbau-150x150.jpg 150w, https:\/\/kfv-mol.de\/Wordpress\/wp-content\/uploads\/2012\/03\/k-100_9054-Korrekter-Leiteraufbau-96x96.jpg 96w, https:\/\/kfv-mol.de\/Wordpress\/wp-content\/uploads\/2012\/03\/k-100_9054-Korrekter-Leiteraufbau-24x24.jpg 24w, https:\/\/kfv-mol.de\/Wordpress\/wp-content\/uploads\/2012\/03\/k-100_9054-Korrekter-Leiteraufbau-36x36.jpg 36w, https:\/\/kfv-mol.de\/Wordpress\/wp-content\/uploads\/2012\/03\/k-100_9054-Korrekter-Leiteraufbau-48x48.jpg 48w, https:\/\/kfv-mol.de\/Wordpress\/wp-content\/uploads\/2012\/03\/k-100_9054-Korrekter-Leiteraufbau-64x64.jpg 64w\" data-sizes=\"(max-width: 150px) 100vw, 150px\" src=\"data:image\/svg+xml;base64,PHN2ZyB3aWR0aD0iMSIgaGVpZ2h0PSIxIiB4bWxucz0iaHR0cDovL3d3dy53My5vcmcvMjAwMC9zdmciPjwvc3ZnPg==\" style=\"--smush-placeholder-width: 150px; --smush-placeholder-aspect-ratio: 150\/150;\" \/><\/a>\n\t\t\t<\/dt><\/dl><dl class='gallery-item'>\n\t\t\t<dt class='gallery-icon landscape'>\n\t\t\t\t<a href='https:\/\/kfv-mol.de\/Wordpress\/wp-content\/uploads\/2012\/03\/k-100_9056-PA-Tr\u00e4ger-warten-auf-Einsatz.jpg'><img decoding=\"async\" width=\"150\" height=\"150\" data-src=\"https:\/\/kfv-mol.de\/Wordpress\/wp-content\/uploads\/2012\/03\/k-100_9056-PA-Tr\u00e4ger-warten-auf-Einsatz-150x150.jpg\" class=\"attachment-thumbnail size-thumbnail lazyload\" alt=\"\" data-srcset=\"https:\/\/kfv-mol.de\/Wordpress\/wp-content\/uploads\/2012\/03\/k-100_9056-PA-Tr\u00e4ger-warten-auf-Einsatz-150x150.jpg 150w, https:\/\/kfv-mol.de\/Wordpress\/wp-content\/uploads\/2012\/03\/k-100_9056-PA-Tr\u00e4ger-warten-auf-Einsatz-96x96.jpg 96w, https:\/\/kfv-mol.de\/Wordpress\/wp-content\/uploads\/2012\/03\/k-100_9056-PA-Tr\u00e4ger-warten-auf-Einsatz-24x24.jpg 24w, https:\/\/kfv-mol.de\/Wordpress\/wp-content\/uploads\/2012\/03\/k-100_9056-PA-Tr\u00e4ger-warten-auf-Einsatz-36x36.jpg 36w, https:\/\/kfv-mol.de\/Wordpress\/wp-content\/uploads\/2012\/03\/k-100_9056-PA-Tr\u00e4ger-warten-auf-Einsatz-48x48.jpg 48w, https:\/\/kfv-mol.de\/Wordpress\/wp-content\/uploads\/2012\/03\/k-100_9056-PA-Tr\u00e4ger-warten-auf-Einsatz-64x64.jpg 64w\" data-sizes=\"(max-width: 150px) 100vw, 150px\" src=\"data:image\/svg+xml;base64,PHN2ZyB3aWR0aD0iMSIgaGVpZ2h0PSIxIiB4bWxucz0iaHR0cDovL3d3dy53My5vcmcvMjAwMC9zdmciPjwvc3ZnPg==\" style=\"--smush-placeholder-width: 150px; --smush-placeholder-aspect-ratio: 150\/150;\" \/><\/a>\n\t\t\t<\/dt><\/dl><dl class='gallery-item'>\n\t\t\t<dt class='gallery-icon landscape'>\n\t\t\t\t<a href='https:\/\/kfv-mol.de\/Wordpress\/wp-content\/uploads\/2012\/03\/k-100_9105-Teiln.Amt-Golzow.jpg'><img decoding=\"async\" width=\"150\" height=\"150\" data-src=\"https:\/\/kfv-mol.de\/Wordpress\/wp-content\/uploads\/2012\/03\/k-100_9105-Teiln.Amt-Golzow-150x150.jpg\" class=\"attachment-thumbnail size-thumbnail lazyload\" alt=\"\" data-srcset=\"https:\/\/kfv-mol.de\/Wordpress\/wp-content\/uploads\/2012\/03\/k-100_9105-Teiln.Amt-Golzow-150x150.jpg 150w, https:\/\/kfv-mol.de\/Wordpress\/wp-content\/uploads\/2012\/03\/k-100_9105-Teiln.Amt-Golzow-96x96.jpg 96w, https:\/\/kfv-mol.de\/Wordpress\/wp-content\/uploads\/2012\/03\/k-100_9105-Teiln.Amt-Golzow-24x24.jpg 24w, https:\/\/kfv-mol.de\/Wordpress\/wp-content\/uploads\/2012\/03\/k-100_9105-Teiln.Amt-Golzow-36x36.jpg 36w, https:\/\/kfv-mol.de\/Wordpress\/wp-content\/uploads\/2012\/03\/k-100_9105-Teiln.Amt-Golzow-48x48.jpg 48w, https:\/\/kfv-mol.de\/Wordpress\/wp-content\/uploads\/2012\/03\/k-100_9105-Teiln.Amt-Golzow-64x64.jpg 64w\" data-sizes=\"(max-width: 150px) 100vw, 150px\" src=\"data:image\/svg+xml;base64,PHN2ZyB3aWR0aD0iMSIgaGVpZ2h0PSIxIiB4bWxucz0iaHR0cDovL3d3dy53My5vcmcvMjAwMC9zdmciPjwvc3ZnPg==\" style=\"--smush-placeholder-width: 150px; --smush-placeholder-aspect-ratio: 150\/150;\" \/><\/a>\n\t\t\t<\/dt><\/dl><br style=\"clear: both\" \/><dl class='gallery-item'>\n\t\t\t<dt class='gallery-icon landscape'>\n\t\t\t\t<a href='https:\/\/kfv-mol.de\/Wordpress\/wp-content\/uploads\/2012\/03\/k-100_9078-Bereitstell.-Rettungsger\u00e4t.jpg'><img decoding=\"async\" width=\"150\" height=\"150\" data-src=\"https:\/\/kfv-mol.de\/Wordpress\/wp-content\/uploads\/2012\/03\/k-100_9078-Bereitstell.-Rettungsger\u00e4t-150x150.jpg\" class=\"attachment-thumbnail size-thumbnail lazyload\" alt=\"\" data-srcset=\"https:\/\/kfv-mol.de\/Wordpress\/wp-content\/uploads\/2012\/03\/k-100_9078-Bereitstell.-Rettungsger\u00e4t-150x150.jpg 150w, https:\/\/kfv-mol.de\/Wordpress\/wp-content\/uploads\/2012\/03\/k-100_9078-Bereitstell.-Rettungsger\u00e4t-96x96.jpg 96w, https:\/\/kfv-mol.de\/Wordpress\/wp-content\/uploads\/2012\/03\/k-100_9078-Bereitstell.-Rettungsger\u00e4t-24x24.jpg 24w, https:\/\/kfv-mol.de\/Wordpress\/wp-content\/uploads\/2012\/03\/k-100_9078-Bereitstell.-Rettungsger\u00e4t-36x36.jpg 36w, https:\/\/kfv-mol.de\/Wordpress\/wp-content\/uploads\/2012\/03\/k-100_9078-Bereitstell.-Rettungsger\u00e4t-48x48.jpg 48w, https:\/\/kfv-mol.de\/Wordpress\/wp-content\/uploads\/2012\/03\/k-100_9078-Bereitstell.-Rettungsger\u00e4t-64x64.jpg 64w\" data-sizes=\"(max-width: 150px) 100vw, 150px\" src=\"data:image\/svg+xml;base64,PHN2ZyB3aWR0aD0iMSIgaGVpZ2h0PSIxIiB4bWxucz0iaHR0cDovL3d3dy53My5vcmcvMjAwMC9zdmciPjwvc3ZnPg==\" style=\"--smush-placeholder-width: 150px; --smush-placeholder-aspect-ratio: 150\/150;\" \/><\/a>\n\t\t\t<\/dt><\/dl>\n\t\t\t<br style='clear: both' \/>\n\t\t<\/div>\n\n<p>Erfolgreich teilgenommen haben:<\/p>\n<p>Amt Golzow:<\/p>\n<p>Steffen B\u00f6hm,\u00a0 Florian Bonin (FF Zechin),<\/p>\n<p>Moris Schulz (FF Alt Tucheband)<\/p>\n<p>&nbsp;<\/p>\n<p>Amt Lebus:<\/p>\n<p>Enrico Bonack\u00a0 (FF Sch\u00f6nflie\u00df)<\/p>\n<p>Tim Kobert\u00a0 (FF Sch\u00f6nflie\u00df)<\/p>\n<p>Michael H\u00e4nel (FF Lebus),<\/p>\n<p>Maik Kaszbowski (FF Petershagen)<\/p>\n<p>Sebastian Schulz (FF Wulkow)<\/p>\n<p>&nbsp;<\/p>\n<p>Gemeinde Letschin:<\/p>\n<p>Mario Preschel (FF Ortwig)<\/p>\n<p>Stadt Seelow:<\/p>\n<p>Henrik Altermann (FF Seelow)<\/p>\n<p>Christian Seel\u00a0 (FF Seelow)<\/p>\n<p>Stefan Seel (FF Seelow)<\/p>\n<p>&nbsp;<\/p>\n<p>Amt Seelow-Land:<\/p>\n<p>Robert Bernd\u00a0 (FF Neuentempel)<\/p>\n<p>Kevin Kr\u00fcger\u00a0 (FF Neuentempel)<\/p>\n<p>Brain Spiegelberg (FF Neuentempel)<\/p>\n<p>Marc Spiegelberg (FF Neuentempel)<\/p>\n<p>Gordon Bohm (FF Niederjesar)<\/p>\n<p>Benny H\u00f6femeier\u00a0 (FF Marxdorf)<\/p>\n<p>Mathias Sch\u00fctze (FF Marxdorf)<\/p>\n<p>Maximilian Lubisch (FF Lietzen)<\/p>\n<p>J\u00f6rg Patella (FF Libbenichen)<\/p>\n<p>&nbsp;<\/p>\n<p>24.03.2012 Uwe Sch\u00fcler Amtswehrf\u00fchrer Amt Seelow-Land<\/p>\n","protected":false},"excerpt":{"rendered":"<p>F\u00fcr 21 Feuerwehrm\u00e4nner des Landkreises M\u00e4rkisch Oderland, stand letzten Samstag am Dolgeliner Ger\u00e4tehaus die Abschlusspr\u00fcfung zum ersten F\u00fchrungslehrgang in ihrer Feuerwehrkarriere auf dem Programm. Das erkl\u00e4rte Ziel in dieser Ausbildung hie\u00df: \u201eBef\u00e4higung zum F\u00fchren eines Trupps nach Auftrag innerhalb einer Gruppe oder Staffel!\u201c F\u00fcr diese 21 Kameraden hei\u00dft es ab jetzt, Verantwortung \u00fcbernehmen f\u00fcr die [&hellip;]<\/p>\n","protected":false},"author":1,"featured_media":0,"comment_status":"closed","ping_status":"closed","sticky":false,"template":"","format":"standard","meta":{"footnotes":""},"categories":[4,5],"tags":[],"class_list":["post-514","post","type-post","status-publish","format-standard","hentry","category-kreisfeuerwehrverband","category-kreisjugendfeuerwehr"],"_links":{"self":[{"href":"https:\/\/kfv-mol.de\/Wordpress\/wp-json\/wp\/v2\/posts\/514","targetHints":{"allow":["GET"]}}],"collection":[{"href":"https:\/\/kfv-mol.de\/Wordpress\/wp-json\/wp\/v2\/posts"}],"about":[{"href":"https:\/\/kfv-mol.de\/Wordpress\/wp-json\/wp\/v2\/types\/post"}],"author":[{"embeddable":true,"href":"https:\/\/kfv-mol.de\/Wordpress\/wp-json\/wp\/v2\/users\/1"}],"replies":[{"embeddable":true,"href":"https:\/\/kfv-mol.de\/Wordpress\/wp-json\/wp\/v2\/comments?post=514"}],"version-history":[{"count":0,"href":"https:\/\/kfv-mol.de\/Wordpress\/wp-json\/wp\/v2\/posts\/514\/revisions"}],"wp:attachment":[{"href":"https:\/\/kfv-mol.de\/Wordpress\/wp-json\/wp\/v2\/media?parent=514"}],"wp:term":[{"taxonomy":"category","embeddable":true,"href":"https:\/\/kfv-mol.de\/Wordpress\/wp-json\/wp\/v2\/categories?post=514"},{"taxonomy":"post_tag","embeddable":true,"href":"https:\/\/kfv-mol.de\/Wordpress\/wp-json\/wp\/v2\/tags?post=514"}],"curies":[{"name":"wp","href":"https:\/\/api.w.org\/{rel}","templated":true}]}}