{"id":506,"date":"2012-03-25T12:15:39","date_gmt":"2012-03-25T11:15:39","guid":{"rendered":"http:\/\/www.kfv-mol.de\/Wordpress\/?p=506"},"modified":"2012-03-26T19:51:13","modified_gmt":"2012-03-26T18:51:13","slug":"kreisjugendfeuerwehrausschusssitzung-am-23-03-2012","status":"publish","type":"post","link":"https:\/\/kfv-mol.de\/Wordpress\/Artikel\/kreisjugendfeuerwehrausschusssitzung-am-23-03-2012\/","title":{"rendered":"Kreisjugendfeuerwehrausschusssitzung am 23.03.2012"},"content":{"rendered":"<p>Am 23.03.2012 fand in Pritzhagen die Kreisjugendfeuerwehrausschusssitzung statt. 56 der 84 stimmberechtigten Delegierten folgten der Einladung der Kreisjugendleitung und konnten vor Ort den Vorsitzenden des Kreisfeuerwehrverbandes MOL (KFV MOL), Kam. Hans-Dieter Kandzia, sowie den Kreisbrandmeister, Willi Rossow, begr\u00fc\u00dfen.<\/p>\n<p>Die Ausschusssitzung wird j\u00e4hrlich durchgef\u00fchrt um der Kreisjugendleitung die M\u00f6glichkeit zu geben Rechenschaft abzulegen, den Haushalt zu best\u00e4tigen sowie wichtige Entscheidungen zu treffen. Der Vorstand nutze an diesem Abend auch die M\u00f6glichkeit sich bei allen Jugendwarten des Landkreises zu bedanken. Ohne ihren unerm\u00fcdlichen Einsatz w\u00e4re es nicht m\u00f6glich gewesen, die statistischen Zahlen aus dem Vorjahr noch einmal zu erh\u00f6hen und nun 84 Jugendfeuerwehren mit insgesamt 967 Kindern und Jugendlichen im Landkreis verzeichnen zu k\u00f6nnen. Unter diesen Mitgliedern sind 281 M\u00e4dchen mit einer weiter ansteigenden Tendenz. Weiterhin konnte verk\u00fcndet werden, dass im letzten Jahr mehr als 4000 \u20ac zur F\u00f6rderung der Jugendarbeit an die Jugendfeuerwehren verteilt worden sind und auch f\u00fcr dieses Jahr eine F\u00f6rderung vorgesehen ist.<\/p>\n<p>Als wichtige Tagesordnungsordnungspunkte galten die Neubesetzung des Stellvertretenden Kreisjugendwartes sowie die Besetzung des Fachbereiches \u201eBildung\u201c. Als neuen Stellvertretenden Kreisjugendwart wurde mit der erforderlichen Mehrheit der Kamerad David Seeger von der FF Bad Freienwalde gew\u00e4hlt, der nun den kreisjugendwart Martin Zohles (Neuhardenberg) und seinen Stellvertreter Uwe Black (Neuenhagen b. Berlin) unterst\u00fctzen wird. Als neuen Fachbereichsleiter \u201eBildung\u201c wurde mit der erforderlichen Mehrheit der Kamerad Janko Petryk (FF Neuhardenberg) gew\u00e4hlt.<\/p>\n<p>Der Vorsitzende des KFV MOL, Hans-Dieter Kandzia, nutzte den Rahmen der Veranstaltung um den Kameraden Martin Zohles das Leistungsabzeichen \u201eFwDV 3\u201c in der Sonderstufe Gold zu verleihen.<\/p>\n<p>&nbsp;<\/p>\n\n\t\t<style type=\"text\/css\">\n\t\t\t#gallery-1 {\n\t\t\t\tmargin: auto;\n\t\t\t}\n\t\t\t#gallery-1 .gallery-item {\n\t\t\t\tfloat: left;\n\t\t\t\tmargin-top: 10px;\n\t\t\t\ttext-align: center;\n\t\t\t\twidth: 25%;\n\t\t\t}\n\t\t\t#gallery-1 img {\n\t\t\t\tborder: 2px solid #cfcfcf;\n\t\t\t}\n\t\t\t#gallery-1 .gallery-caption {\n\t\t\t\tmargin-left: 0;\n\t\t\t}\n\t\t\t\/* see gallery_shortcode() in wp-includes\/media.php *\/\n\t\t<\/style>\n\t\t<div id='gallery-1' class='gallery galleryid-506 gallery-columns-4 gallery-size-thumbnail'><dl class='gallery-item'>\n\t\t\t<dt class='gallery-icon landscape'>\n\t\t\t\t<a href='https:\/\/kfv-mol.de\/Wordpress\/wp-content\/uploads\/2012\/03\/auszeichnung_martin_zohles.jpg'><img decoding=\"async\" width=\"150\" height=\"150\" data-src=\"https:\/\/kfv-mol.de\/Wordpress\/wp-content\/uploads\/2012\/03\/auszeichnung_martin_zohles-150x150.jpg\" class=\"attachment-thumbnail size-thumbnail lazyload\" alt=\"\" data-srcset=\"https:\/\/kfv-mol.de\/Wordpress\/wp-content\/uploads\/2012\/03\/auszeichnung_martin_zohles-150x150.jpg 150w, https:\/\/kfv-mol.de\/Wordpress\/wp-content\/uploads\/2012\/03\/auszeichnung_martin_zohles-96x96.jpg 96w, https:\/\/kfv-mol.de\/Wordpress\/wp-content\/uploads\/2012\/03\/auszeichnung_martin_zohles-24x24.jpg 24w, https:\/\/kfv-mol.de\/Wordpress\/wp-content\/uploads\/2012\/03\/auszeichnung_martin_zohles-36x36.jpg 36w, https:\/\/kfv-mol.de\/Wordpress\/wp-content\/uploads\/2012\/03\/auszeichnung_martin_zohles-48x48.jpg 48w, https:\/\/kfv-mol.de\/Wordpress\/wp-content\/uploads\/2012\/03\/auszeichnung_martin_zohles-64x64.jpg 64w\" data-sizes=\"(max-width: 150px) 100vw, 150px\" src=\"data:image\/svg+xml;base64,PHN2ZyB3aWR0aD0iMSIgaGVpZ2h0PSIxIiB4bWxucz0iaHR0cDovL3d3dy53My5vcmcvMjAwMC9zdmciPjwvc3ZnPg==\" style=\"--smush-placeholder-width: 150px; --smush-placeholder-aspect-ratio: 150\/150;\" \/><\/a>\n\t\t\t<\/dt><\/dl><dl class='gallery-item'>\n\t\t\t<dt class='gallery-icon landscape'>\n\t\t\t\t<a href='https:\/\/kfv-mol.de\/Wordpress\/wp-content\/uploads\/2012\/03\/ausschuss.jpg'><img decoding=\"async\" width=\"150\" height=\"150\" data-src=\"https:\/\/kfv-mol.de\/Wordpress\/wp-content\/uploads\/2012\/03\/ausschuss-150x150.jpg\" class=\"attachment-thumbnail size-thumbnail lazyload\" alt=\"\" data-srcset=\"https:\/\/kfv-mol.de\/Wordpress\/wp-content\/uploads\/2012\/03\/ausschuss-150x150.jpg 150w, https:\/\/kfv-mol.de\/Wordpress\/wp-content\/uploads\/2012\/03\/ausschuss-96x96.jpg 96w, https:\/\/kfv-mol.de\/Wordpress\/wp-content\/uploads\/2012\/03\/ausschuss-24x24.jpg 24w, https:\/\/kfv-mol.de\/Wordpress\/wp-content\/uploads\/2012\/03\/ausschuss-36x36.jpg 36w, https:\/\/kfv-mol.de\/Wordpress\/wp-content\/uploads\/2012\/03\/ausschuss-48x48.jpg 48w, https:\/\/kfv-mol.de\/Wordpress\/wp-content\/uploads\/2012\/03\/ausschuss-64x64.jpg 64w\" data-sizes=\"(max-width: 150px) 100vw, 150px\" src=\"data:image\/svg+xml;base64,PHN2ZyB3aWR0aD0iMSIgaGVpZ2h0PSIxIiB4bWxucz0iaHR0cDovL3d3dy53My5vcmcvMjAwMC9zdmciPjwvc3ZnPg==\" style=\"--smush-placeholder-width: 150px; --smush-placeholder-aspect-ratio: 150\/150;\" \/><\/a>\n\t\t\t<\/dt><\/dl><dl class='gallery-item'>\n\t\t\t<dt class='gallery-icon landscape'>\n\t\t\t\t<a href='https:\/\/kfv-mol.de\/Wordpress\/wp-content\/uploads\/2012\/03\/gratulation_janko_petryk.jpg'><img decoding=\"async\" width=\"150\" height=\"150\" data-src=\"https:\/\/kfv-mol.de\/Wordpress\/wp-content\/uploads\/2012\/03\/gratulation_janko_petryk-150x150.jpg\" class=\"attachment-thumbnail size-thumbnail lazyload\" alt=\"\" data-srcset=\"https:\/\/kfv-mol.de\/Wordpress\/wp-content\/uploads\/2012\/03\/gratulation_janko_petryk-150x150.jpg 150w, https:\/\/kfv-mol.de\/Wordpress\/wp-content\/uploads\/2012\/03\/gratulation_janko_petryk-96x96.jpg 96w, https:\/\/kfv-mol.de\/Wordpress\/wp-content\/uploads\/2012\/03\/gratulation_janko_petryk-24x24.jpg 24w, https:\/\/kfv-mol.de\/Wordpress\/wp-content\/uploads\/2012\/03\/gratulation_janko_petryk-36x36.jpg 36w, https:\/\/kfv-mol.de\/Wordpress\/wp-content\/uploads\/2012\/03\/gratulation_janko_petryk-48x48.jpg 48w, https:\/\/kfv-mol.de\/Wordpress\/wp-content\/uploads\/2012\/03\/gratulation_janko_petryk-64x64.jpg 64w\" data-sizes=\"(max-width: 150px) 100vw, 150px\" src=\"data:image\/svg+xml;base64,PHN2ZyB3aWR0aD0iMSIgaGVpZ2h0PSIxIiB4bWxucz0iaHR0cDovL3d3dy53My5vcmcvMjAwMC9zdmciPjwvc3ZnPg==\" style=\"--smush-placeholder-width: 150px; --smush-placeholder-aspect-ratio: 150\/150;\" \/><\/a>\n\t\t\t<\/dt><\/dl><dl class='gallery-item'>\n\t\t\t<dt class='gallery-icon landscape'>\n\t\t\t\t<a href='https:\/\/kfv-mol.de\/Wordpress\/wp-content\/uploads\/2012\/03\/gratulation_david_seeger.jpg'><img decoding=\"async\" width=\"150\" height=\"150\" data-src=\"https:\/\/kfv-mol.de\/Wordpress\/wp-content\/uploads\/2012\/03\/gratulation_david_seeger-150x150.jpg\" class=\"attachment-thumbnail size-thumbnail lazyload\" alt=\"\" data-srcset=\"https:\/\/kfv-mol.de\/Wordpress\/wp-content\/uploads\/2012\/03\/gratulation_david_seeger-150x150.jpg 150w, https:\/\/kfv-mol.de\/Wordpress\/wp-content\/uploads\/2012\/03\/gratulation_david_seeger-96x96.jpg 96w, https:\/\/kfv-mol.de\/Wordpress\/wp-content\/uploads\/2012\/03\/gratulation_david_seeger-24x24.jpg 24w, https:\/\/kfv-mol.de\/Wordpress\/wp-content\/uploads\/2012\/03\/gratulation_david_seeger-36x36.jpg 36w, https:\/\/kfv-mol.de\/Wordpress\/wp-content\/uploads\/2012\/03\/gratulation_david_seeger-48x48.jpg 48w, https:\/\/kfv-mol.de\/Wordpress\/wp-content\/uploads\/2012\/03\/gratulation_david_seeger-64x64.jpg 64w\" data-sizes=\"(max-width: 150px) 100vw, 150px\" src=\"data:image\/svg+xml;base64,PHN2ZyB3aWR0aD0iMSIgaGVpZ2h0PSIxIiB4bWxucz0iaHR0cDovL3d3dy53My5vcmcvMjAwMC9zdmciPjwvc3ZnPg==\" style=\"--smush-placeholder-width: 150px; --smush-placeholder-aspect-ratio: 150\/150;\" \/><\/a>\n\t\t\t<\/dt><\/dl><br style=\"clear: both\" \/>\n\t\t<\/div>\n\n<p>Mehrere Jugendfeuerwehren des Landkreises konnten sich an diesem Abend \u00fcber die von der Feuerwehr-Unfall-Kasse gespendeten Kindersitze freuen, die Fahrten der Jugendfeuerwehr sicherer machen sollen.<\/p>\n","protected":false},"excerpt":{"rendered":"<p>Am 23.03.2012 fand in Pritzhagen die Kreisjugendfeuerwehrausschusssitzung statt. 56 der 84 stimmberechtigten Delegierten folgten der Einladung der Kreisjugendleitung und konnten vor Ort den Vorsitzenden des Kreisfeuerwehrverbandes MOL (KFV MOL), Kam. Hans-Dieter Kandzia, sowie den Kreisbrandmeister, Willi Rossow, begr\u00fc\u00dfen. Die Ausschusssitzung wird j\u00e4hrlich durchgef\u00fchrt um der Kreisjugendleitung die M\u00f6glichkeit zu geben Rechenschaft abzulegen, den Haushalt zu [&hellip;]<\/p>\n","protected":false},"author":1,"featured_media":0,"comment_status":"closed","ping_status":"closed","sticky":false,"template":"","format":"standard","meta":{"footnotes":""},"categories":[5],"tags":[],"class_list":["post-506","post","type-post","status-publish","format-standard","hentry","category-kreisjugendfeuerwehr"],"_links":{"self":[{"href":"https:\/\/kfv-mol.de\/Wordpress\/wp-json\/wp\/v2\/posts\/506","targetHints":{"allow":["GET"]}}],"collection":[{"href":"https:\/\/kfv-mol.de\/Wordpress\/wp-json\/wp\/v2\/posts"}],"about":[{"href":"https:\/\/kfv-mol.de\/Wordpress\/wp-json\/wp\/v2\/types\/post"}],"author":[{"embeddable":true,"href":"https:\/\/kfv-mol.de\/Wordpress\/wp-json\/wp\/v2\/users\/1"}],"replies":[{"embeddable":true,"href":"https:\/\/kfv-mol.de\/Wordpress\/wp-json\/wp\/v2\/comments?post=506"}],"version-history":[{"count":0,"href":"https:\/\/kfv-mol.de\/Wordpress\/wp-json\/wp\/v2\/posts\/506\/revisions"}],"wp:attachment":[{"href":"https:\/\/kfv-mol.de\/Wordpress\/wp-json\/wp\/v2\/media?parent=506"}],"wp:term":[{"taxonomy":"category","embeddable":true,"href":"https:\/\/kfv-mol.de\/Wordpress\/wp-json\/wp\/v2\/categories?post=506"},{"taxonomy":"post_tag","embeddable":true,"href":"https:\/\/kfv-mol.de\/Wordpress\/wp-json\/wp\/v2\/tags?post=506"}],"curies":[{"name":"wp","href":"https:\/\/api.w.org\/{rel}","templated":true}]}}