{"id":50,"date":"2011-03-20T13:06:15","date_gmt":"2011-03-20T12:06:15","guid":{"rendered":"http:\/\/www.kfv-mol.de\/Wordpress\/?p=50"},"modified":"2011-03-20T14:27:16","modified_gmt":"2011-03-20T13:27:16","slug":"neue-kreisjugendfeuerwehrleitung-in-markisch%e2%80%93oderland-gewahlt","status":"publish","type":"post","link":"https:\/\/kfv-mol.de\/Wordpress\/Artikel\/neue-kreisjugendfeuerwehrleitung-in-markisch%e2%80%93oderland-gewahlt\/","title":{"rendered":"Neue Kreisjugendfeuerwehrleitung in M\u00e4rkisch\u2013Oderland gew\u00e4hlt"},"content":{"rendered":"<p>Am Freitag, den 11. M\u00e4rz 2011 war es wieder soweit. Der laut Jugendordnung alle 4 Jahre statt findende Kreisjugendfeuerwehrtag als h\u00f6chstes Gremium der Kreisjugendfeuerwehr kam im Ger\u00e4tehaus der\u00a0 Freiwilligen Feuerwehr Strausberg zusammen.<\/p>\n<p>Der Kreisjugendfeuerwehrtag hat die Aufgabe, die Kreisjugendfeuerwehrleitung zu w\u00e4hlen bzw. die Arbeiten der Kreisjugendleitung zu best\u00e4tigen. Da die seit 2007 bestehende Kreisjugendfeuerwehrleitung um Andr\u00e9 Strehmann, Daniel Bergmann und Barbara Kurze ihre \u00c4mter nicht weiter aus\u00fcben wollten, stand die Wahl einer neuen Leitung auf dem Programm.<\/p>\n<p>Zun\u00e4chst jedoch wurde durch den Kreisjugendfeuerwehrwart Rechenschaft f\u00fcr die letzten Jahre abgelegt. So wurde vieles erreicht. Zwei Jugendfeuerwehren wurden 2010 neu gegr\u00fcndet, Kinderfeuerwehren wurden aufgestellt und gegen\u00fcber dem Vorjahr stieg die Mitgliederanzahl um 7%. Durch die Kreisjugendfeuerwehrleitung wurden Kreisjugendlager ausgerichtet, eine neue Web-Pr\u00e4senz erstellt und viele Sponsoren gewonnen. In jedem Jahr wurden Kreismeisterschaften im Feuerwehrsport organisiert. Der Kreis MOL stellt auch zwei amtierende Landesmeister.<\/p>\n<p>Als ein letztes Highlight konnte sicherlich die \u00dcbergabe, des durch Lotto-Mittel erworbene Ger\u00e4teanh\u00e4nger der Kreisjugendfeuerwehr in diesem Jahr gesehen werden. Dieser Anh\u00e4nger dient den Jugendfeuerwehren zum Transport von Ger\u00e4tschaften und den Wettkampfmaterialien.<\/p>\n<p><a href=\"https:\/\/kfv-mol.de\/Wordpress\/wp-content\/uploads\/2011\/03\/Neue-Leitung-mit-KFV-Vors.-und-vorrigen-Kreisjugendwart.jpg\"><img decoding=\"async\" class=\"aligncenter size-medium wp-image-52 lazyload\" title=\"Neue Leitung mit KFV-Vors. und vorrigen Kreisjugendwart\" data-src=\"https:\/\/kfv-mol.de\/Wordpress\/wp-content\/uploads\/2011\/03\/Neue-Leitung-mit-KFV-Vors.-und-vorrigen-Kreisjugendwart-300x200.jpg\" alt=\"\" width=\"300\" height=\"200\" data-srcset=\"https:\/\/kfv-mol.de\/Wordpress\/wp-content\/uploads\/2011\/03\/Neue-Leitung-mit-KFV-Vors.-und-vorrigen-Kreisjugendwart-300x200.jpg 300w, https:\/\/kfv-mol.de\/Wordpress\/wp-content\/uploads\/2011\/03\/Neue-Leitung-mit-KFV-Vors.-und-vorrigen-Kreisjugendwart.jpg 630w\" data-sizes=\"(max-width: 300px) 100vw, 300px\" src=\"data:image\/svg+xml;base64,PHN2ZyB3aWR0aD0iMSIgaGVpZ2h0PSIxIiB4bWxucz0iaHR0cDovL3d3dy53My5vcmcvMjAwMC9zdmciPjwvc3ZnPg==\" style=\"--smush-placeholder-width: 300px; --smush-placeholder-aspect-ratio: 300\/200;\" \/><\/a><\/p>\n<p>Nach der Entlastung der Kreisjugendfeuerwehrleitung wurden die Kandidaten f\u00fcr die Neuwahl der Kreisjugendleitung vorgestellt und letztlich gew\u00e4hlt. Bei diesem Wahlgang wurde Martin Zohles (24) von der FF Neuhardenberg mit einer Gegenstimme und einer Enthaltung zum neuen Kreisjugendfeuerwehrwart gew\u00e4hlt. Als seine Stellvertreter werden zuk\u00fcnftig der Kamerad Uwe Black (28) von der FF Neuenhagen b. Berlin und der Kamerad Maik Twrdek (47) von der FF Hennickendorf fungieren. Auch sie konnten die erforderlichen Mehrheiten in der Wahl klar f\u00fcr sich \u00fcberzeugen.<\/p>\n<p>An einem solchen Abend d\u00fcrfen Ehrungen und Auszeichnungen nat\u00fcrlich nicht fehlen.\u00a0 In der vergangen Zeit haben sich viele Kameraden f\u00fcr die Verdienste der Jugendfeuerwehr verdient gemacht und wurden daher ausgezeichnet. Ebenfalls ausgezeichnet wurde die Landtagsabgeordnete Jutta Lieske f\u00fcr Ihre Verdienste zur F\u00f6rderung der Jugendfeuerwehr in M\u00e4rkisch-oderland und die von ihr stetig gezeigte Unterst\u00fctzung.<\/p>\n<p>Es sind gro\u00dfe Fu\u00dfstapfen, die die scheidende Kreisjugendfeuerwehrleitung hinterl\u00e4sst. Dies machten auch alle anwesenden G\u00e4ste aus Politik, Verwaltung und Feuerwehrf\u00fchrung deutlich. Auch an dieser Stelle sei daher noch einmal ein gro\u00dfes Dankesch\u00f6n an Andr\u00e9 Strehmann, Barbara Kurze und Daniel Bergmann f\u00fcr Ihren Einsatz f\u00fcr die Kreisjugendfeuerwehr gesagt.<\/p>\n<p>Ausgezeichnet worden sind:<\/p>\n<p><strong>mit der Goldenen Ehrennadel der Kreisjugendfeuerwehr MOL: <\/strong><\/p>\n<p>Michael Wendland (Gusow-Platkow)<\/p>\n<p>Mike Lipke (Treplin)<\/p>\n<p>D\u00f6rte Regenberg (Neur\u00fcdnitz)<\/p>\n<p>Thomas Jahrmatter (Buckow)<\/p>\n<p>&nbsp;<\/p>\n<p><strong>Mit der Silberne Ehrennadelder Kreisjugendfeuerwehr MOL:<\/strong><\/p>\n<p>Ralf Grundmann (Treplin)<\/p>\n<p>Sabine Schirrmeister (Treplin)<\/p>\n<p>Peter Preschel (Ortwig)<\/p>\n<p>Mirko Kr\u00fcger (Lebus)<\/p>\n<p>Martin Engel (Golzow)<\/p>\n<p>Olaf Herrmann (Golzow)<\/p>\n<p>Barbara Kurze (H\u00f6hnow)<\/p>\n<p>Thomas Bergemann (Bruchm\u00fchle)<\/p>\n<p>Landtagsabgeordnete Jutta Lieske<\/p>\n<p>&nbsp;<\/p>\n<p><strong>Mit der Goldenen Ehrennadel des KFV MOL : <\/strong><\/p>\n<p>Peter Speer (Altwriezen)<\/p>\n<p>&nbsp;<\/p>\n<p><strong>Mit dem Ehrenzeichen des KFV MOL:<\/strong><\/p>\n<p>Andr\u00e9 Strehmann (Hermersdorf)<\/p>\n<p>&nbsp;<\/p>\n<p><strong>Mit dem Ehrenzeichen der Landesjugendfeuer Brandenburg:<\/strong><\/p>\n<p>Daniel Bergemann (Bruchm\u00fchle)<\/p>\n<p>&nbsp;<\/p>\n<p>&nbsp;<\/p>\n<p>gez. Martin Zohles, Kreisjugendfeuerwehrwart MOL<\/p>\n","protected":false},"excerpt":{"rendered":"<p>Am Freitag, den 11. M\u00e4rz 2011 war es wieder soweit. Der laut Jugendordnung alle 4 Jahre statt findende Kreisjugendfeuerwehrtag als h\u00f6chstes Gremium der Kreisjugendfeuerwehr kam im Ger\u00e4tehaus der\u00a0 Freiwilligen Feuerwehr Strausberg zusammen. Der Kreisjugendfeuerwehrtag hat die Aufgabe, die Kreisjugendfeuerwehrleitung zu w\u00e4hlen bzw. die Arbeiten der Kreisjugendleitung zu best\u00e4tigen. Da die seit 2007 bestehende Kreisjugendfeuerwehrleitung um [&hellip;]<\/p>\n","protected":false},"author":1,"featured_media":0,"comment_status":"closed","ping_status":"closed","sticky":false,"template":"","format":"standard","meta":{"footnotes":""},"categories":[5],"tags":[],"class_list":["post-50","post","type-post","status-publish","format-standard","hentry","category-kreisjugendfeuerwehr"],"_links":{"self":[{"href":"https:\/\/kfv-mol.de\/Wordpress\/wp-json\/wp\/v2\/posts\/50","targetHints":{"allow":["GET"]}}],"collection":[{"href":"https:\/\/kfv-mol.de\/Wordpress\/wp-json\/wp\/v2\/posts"}],"about":[{"href":"https:\/\/kfv-mol.de\/Wordpress\/wp-json\/wp\/v2\/types\/post"}],"author":[{"embeddable":true,"href":"https:\/\/kfv-mol.de\/Wordpress\/wp-json\/wp\/v2\/users\/1"}],"replies":[{"embeddable":true,"href":"https:\/\/kfv-mol.de\/Wordpress\/wp-json\/wp\/v2\/comments?post=50"}],"version-history":[{"count":0,"href":"https:\/\/kfv-mol.de\/Wordpress\/wp-json\/wp\/v2\/posts\/50\/revisions"}],"wp:attachment":[{"href":"https:\/\/kfv-mol.de\/Wordpress\/wp-json\/wp\/v2\/media?parent=50"}],"wp:term":[{"taxonomy":"category","embeddable":true,"href":"https:\/\/kfv-mol.de\/Wordpress\/wp-json\/wp\/v2\/categories?post=50"},{"taxonomy":"post_tag","embeddable":true,"href":"https:\/\/kfv-mol.de\/Wordpress\/wp-json\/wp\/v2\/tags?post=50"}],"curies":[{"name":"wp","href":"https:\/\/api.w.org\/{rel}","templated":true}]}}