{"id":484,"date":"2012-03-15T12:30:27","date_gmt":"2012-03-15T11:30:27","guid":{"rendered":"http:\/\/www.kfv-mol.de\/Wordpress\/?p=484"},"modified":"2012-03-15T12:38:00","modified_gmt":"2012-03-15T11:38:00","slug":"nachruf-barbara-babsi-kurze","status":"publish","type":"post","link":"https:\/\/kfv-mol.de\/Wordpress\/Artikel\/nachruf-barbara-babsi-kurze\/","title":{"rendered":"Nachruf Barbara (Babsi) Kurze"},"content":{"rendered":"<h1 style=\"text-align: center;\"><strong>Nachruf<\/strong><\/h1>\n<p style=\"text-align: center;\" align=\"center\">Am 11. M\u00e4rz 2012 verstarb unsere hoch gesch\u00e4tzte Kameradin<\/p>\n<p style=\"text-align: center;\" align=\"center\"><strong>Barbara (Babsi) Kurze<\/strong><\/p>\n<p style=\"text-align: center;\" align=\"center\">Ihr Tod macht uns sehr betroffen.<\/p>\n<p style=\"text-align: center;\" align=\"center\">Ihr aktives Wirken machte Sie stets zum Vorbild f\u00fcr Jung und Alt und<\/p>\n<p style=\"text-align: center;\" align=\"center\">wir verlieren mit ihr eine engagierte und geachtete Kameradin.<\/p>\n<p style=\"text-align: center;\" align=\"center\">Wir werden ihr ein ehrendes Andenken bewahren.<\/p>\n<p style=\"text-align: center;\" align=\"center\">Unser tiefes Mitgef\u00fchl gilt den Angeh\u00f6rigen<\/p>\n<p><strong>Kreisjugendfeuerwehr MOL<\/strong>\u00a0 \u00a0 \u00a0 \u00a0 \u00a0 \u00a0 \u00a0 \u00a0 \u00a0 \u00a0 \u00a0 \u00a0 \u00a0 \u00a0 \u00a0 \u00a0 \u00a0 \u00a0 \u00a0 \u00a0 \u00a0 \u00a0 \u00a0 \u00a0 \u00a0 \u00a0 \u00a0 \u00a0 \u00a0<strong>Kreisfeuerwehrverband MOL e.V.<\/strong><\/p>\n<p>Martin Zohles \u00a0 \u00a0 \u00a0 \u00a0 \u00a0 \u00a0 \u00a0 \u00a0 \u00a0 \u00a0 \u00a0 \u00a0 \u00a0 \u00a0 \u00a0 \u00a0 \u00a0 \u00a0 \u00a0 \u00a0 \u00a0 \u00a0 \u00a0 \u00a0 \u00a0 \u00a0 \u00a0 \u00a0 \u00a0 \u00a0 \u00a0 \u00a0 \u00a0 \u00a0 \u00a0 \u00a0 \u00a0 \u00a0 \u00a0 \u00a0 \u00a0 \u00a0Hans-Dieter Kandzia<\/p>\n","protected":false},"excerpt":{"rendered":"<p>Nachruf Am 11. M\u00e4rz 2012 verstarb unsere hoch gesch\u00e4tzte Kameradin Barbara (Babsi) Kurze Ihr Tod macht uns sehr betroffen. Ihr aktives Wirken machte Sie stets zum Vorbild f\u00fcr Jung und Alt und wir verlieren mit ihr eine engagierte und geachtete Kameradin. Wir werden ihr ein ehrendes Andenken bewahren. Unser tiefes Mitgef\u00fchl gilt den Angeh\u00f6rigen Kreisjugendfeuerwehr [&hellip;]<\/p>\n","protected":false},"author":1,"featured_media":0,"comment_status":"closed","ping_status":"closed","sticky":false,"template":"","format":"standard","meta":{"footnotes":""},"categories":[4,5],"tags":[],"class_list":["post-484","post","type-post","status-publish","format-standard","hentry","category-kreisfeuerwehrverband","category-kreisjugendfeuerwehr"],"_links":{"self":[{"href":"https:\/\/kfv-mol.de\/Wordpress\/wp-json\/wp\/v2\/posts\/484","targetHints":{"allow":["GET"]}}],"collection":[{"href":"https:\/\/kfv-mol.de\/Wordpress\/wp-json\/wp\/v2\/posts"}],"about":[{"href":"https:\/\/kfv-mol.de\/Wordpress\/wp-json\/wp\/v2\/types\/post"}],"author":[{"embeddable":true,"href":"https:\/\/kfv-mol.de\/Wordpress\/wp-json\/wp\/v2\/users\/1"}],"replies":[{"embeddable":true,"href":"https:\/\/kfv-mol.de\/Wordpress\/wp-json\/wp\/v2\/comments?post=484"}],"version-history":[{"count":0,"href":"https:\/\/kfv-mol.de\/Wordpress\/wp-json\/wp\/v2\/posts\/484\/revisions"}],"wp:attachment":[{"href":"https:\/\/kfv-mol.de\/Wordpress\/wp-json\/wp\/v2\/media?parent=484"}],"wp:term":[{"taxonomy":"category","embeddable":true,"href":"https:\/\/kfv-mol.de\/Wordpress\/wp-json\/wp\/v2\/categories?post=484"},{"taxonomy":"post_tag","embeddable":true,"href":"https:\/\/kfv-mol.de\/Wordpress\/wp-json\/wp\/v2\/tags?post=484"}],"curies":[{"name":"wp","href":"https:\/\/api.w.org\/{rel}","templated":true}]}}