{"id":458,"date":"2012-03-07T12:04:43","date_gmt":"2012-03-07T11:04:43","guid":{"rendered":"http:\/\/www.kfv-mol.de\/Wordpress\/?p=458"},"modified":"2012-03-07T12:04:43","modified_gmt":"2012-03-07T11:04:43","slug":"brandschutzbilanz-amt-seelow-land-2011","status":"publish","type":"post","link":"https:\/\/kfv-mol.de\/Wordpress\/Artikel\/brandschutzbilanz-amt-seelow-land-2011\/","title":{"rendered":"Brandschutzbilanz Amt Seelow-Land 2011"},"content":{"rendered":"<p>Wie alle Jahre wieder, wurde das zur\u00fcckliegende Jahr mit seinen H\u00f6hen und Tiefen, auf der ersten Ortswehrf\u00fchrertagung am 26. Januar 2012, diesmal im Feuerwehrger\u00e4tehaus in Falkenhagen (Mark), ausgewertet.<br \/>\nZum Jahresende waren in der Freiwilligen Feuerwehr des Amtes Seelow-Land 338 Kameradinnen und Kameraden organisiert. Diese Zahl gliedert sich wie folgt auf:<\/p>\n<div align=\"center\">\n<table width=\"462\" border=\"1\" cellspacing=\"1\" cellpadding=\"0\">\n<tbody>\n<tr>\n<td colspan=\"2\" width=\"460\">\n<p align=\"center\"><strong>JAHRESPERSONAL\u00dcBERSICHT 2011<\/strong><\/p>\n<\/td>\n<\/tr>\n<tr>\n<td width=\"404\">\u00a0 Einsatzabteilung<\/td>\n<td width=\"55\">\u00a0192<\/td>\n<\/tr>\n<tr>\n<td width=\"404\">\u00a0 Alters &#8211; und Ehrenabteilung<\/td>\n<td width=\"55\">\u00a0 83<\/td>\n<\/tr>\n<tr>\n<td width=\"404\">\u00a0 Kinder und Jugendliche in Jugendfeuerwehr<\/td>\n<td width=\"55\">\u00a0 63<\/td>\n<\/tr>\n<\/tbody>\n<\/table>\n<\/div>\n<p>All diese Kameraden setzen sich f\u00fcr die Belange der Feuerwehr ein und sind gewillt, den B\u00fcrgern des Amtes uneigenn\u00fctzig und kostenlos ihre ganze Kraft im Auftrage der Feuerwehr zur Verf\u00fcgung zu stellen. Die Zahl der Feuerwehren im Amt ist mit 10 einsatzbereiten unterschiedlich gro\u00dfen Ortswehren, verteilt \u00fcber den Amtsbereich, stabil geblieben. Das t\u00e4gliche Leben in den Gemeinden ist ohne die Freiwillige Feuerwehr nicht vorstellbar, da die Feuerwehr ein wesentlicher Tr\u00e4ger des kulturellen Lebens und Mitgestalter in der d\u00f6rflichen Gemeinschaft ist. So wurde durch die Kameraden der 10 Ortswehren im Dienste der \u00d6ffentlichkeit\u00a0 insgesamt 13058 Stunden im Jahr 2011 geleistet. Davon fielen 2346 h in die Pflege und Instandsetzung der Ger\u00e4teh\u00e4user, 1924 h \u00a0in die Pflege und Instandsetzung der Technik, 875 h Kontrolle und Wartung der L\u00f6schwasserversorgung, 144 h f\u00fcr den vorbeugenden Brandschutz, 1156 h in die \u00d6ffentlichkeitsarbeit, 3075 h in die Jugendarbeit, 888 h in Wettk\u00e4mpfe und 2650 h f\u00fcr gemeinn\u00fctzige Arbeiten in den einzelnen Gemeinden.<\/p>\n\n\t\t<style type=\"text\/css\">\n\t\t\t#gallery-1 {\n\t\t\t\tmargin: auto;\n\t\t\t}\n\t\t\t#gallery-1 .gallery-item {\n\t\t\t\tfloat: left;\n\t\t\t\tmargin-top: 10px;\n\t\t\t\ttext-align: center;\n\t\t\t\twidth: 25%;\n\t\t\t}\n\t\t\t#gallery-1 img {\n\t\t\t\tborder: 2px solid #cfcfcf;\n\t\t\t}\n\t\t\t#gallery-1 .gallery-caption {\n\t\t\t\tmargin-left: 0;\n\t\t\t}\n\t\t\t\/* see gallery_shortcode() in wp-includes\/media.php *\/\n\t\t<\/style>\n\t\t<div id='gallery-1' class='gallery galleryid-458 gallery-columns-4 gallery-size-thumbnail'><dl class='gallery-item'>\n\t\t\t<dt class='gallery-icon landscape'>\n\t\t\t\t<a href='https:\/\/kfv-mol.de\/Wordpress\/Artikel\/brandschutzbilanz-amt-seelow-land-2011\/n-8647-kfz-uberprufung-durch-borkheide-25-10-11\/'><img decoding=\"async\" width=\"150\" height=\"150\" data-src=\"https:\/\/kfv-mol.de\/Wordpress\/wp-content\/uploads\/2012\/03\/n-8647-KFZ-\u00dcberpr\u00fcfung-durch-Borkheide-25.10.11-150x150.jpg\" class=\"attachment-thumbnail size-thumbnail lazyload\" alt=\"\" data-srcset=\"https:\/\/kfv-mol.de\/Wordpress\/wp-content\/uploads\/2012\/03\/n-8647-KFZ-\u00dcberpr\u00fcfung-durch-Borkheide-25.10.11-150x150.jpg 150w, https:\/\/kfv-mol.de\/Wordpress\/wp-content\/uploads\/2012\/03\/n-8647-KFZ-\u00dcberpr\u00fcfung-durch-Borkheide-25.10.11-96x96.jpg 96w, https:\/\/kfv-mol.de\/Wordpress\/wp-content\/uploads\/2012\/03\/n-8647-KFZ-\u00dcberpr\u00fcfung-durch-Borkheide-25.10.11-24x24.jpg 24w, https:\/\/kfv-mol.de\/Wordpress\/wp-content\/uploads\/2012\/03\/n-8647-KFZ-\u00dcberpr\u00fcfung-durch-Borkheide-25.10.11-36x36.jpg 36w, https:\/\/kfv-mol.de\/Wordpress\/wp-content\/uploads\/2012\/03\/n-8647-KFZ-\u00dcberpr\u00fcfung-durch-Borkheide-25.10.11-48x48.jpg 48w, https:\/\/kfv-mol.de\/Wordpress\/wp-content\/uploads\/2012\/03\/n-8647-KFZ-\u00dcberpr\u00fcfung-durch-Borkheide-25.10.11-64x64.jpg 64w\" data-sizes=\"(max-width: 150px) 100vw, 150px\" src=\"data:image\/svg+xml;base64,PHN2ZyB3aWR0aD0iMSIgaGVpZ2h0PSIxIiB4bWxucz0iaHR0cDovL3d3dy53My5vcmcvMjAwMC9zdmciPjwvc3ZnPg==\" style=\"--smush-placeholder-width: 150px; --smush-placeholder-aspect-ratio: 150\/150;\" \/><\/a>\n\t\t\t<\/dt><\/dl><dl class='gallery-item'>\n\t\t\t<dt class='gallery-icon landscape'>\n\t\t\t\t<a href='https:\/\/kfv-mol.de\/Wordpress\/Artikel\/brandschutzbilanz-amt-seelow-land-2011\/n-4450-100-jahre-ff-alt-mahlisch-18-06-11\/'><img decoding=\"async\" width=\"150\" height=\"150\" data-src=\"https:\/\/kfv-mol.de\/Wordpress\/wp-content\/uploads\/2012\/03\/n-4450-100-Jahre-FF-Alt-Mahlisch-18.06.11-150x150.jpg\" class=\"attachment-thumbnail size-thumbnail lazyload\" alt=\"\" data-srcset=\"https:\/\/kfv-mol.de\/Wordpress\/wp-content\/uploads\/2012\/03\/n-4450-100-Jahre-FF-Alt-Mahlisch-18.06.11-150x150.jpg 150w, https:\/\/kfv-mol.de\/Wordpress\/wp-content\/uploads\/2012\/03\/n-4450-100-Jahre-FF-Alt-Mahlisch-18.06.11-96x96.jpg 96w, https:\/\/kfv-mol.de\/Wordpress\/wp-content\/uploads\/2012\/03\/n-4450-100-Jahre-FF-Alt-Mahlisch-18.06.11-24x24.jpg 24w, https:\/\/kfv-mol.de\/Wordpress\/wp-content\/uploads\/2012\/03\/n-4450-100-Jahre-FF-Alt-Mahlisch-18.06.11-36x36.jpg 36w, https:\/\/kfv-mol.de\/Wordpress\/wp-content\/uploads\/2012\/03\/n-4450-100-Jahre-FF-Alt-Mahlisch-18.06.11-48x48.jpg 48w, https:\/\/kfv-mol.de\/Wordpress\/wp-content\/uploads\/2012\/03\/n-4450-100-Jahre-FF-Alt-Mahlisch-18.06.11-64x64.jpg 64w\" data-sizes=\"(max-width: 150px) 100vw, 150px\" src=\"data:image\/svg+xml;base64,PHN2ZyB3aWR0aD0iMSIgaGVpZ2h0PSIxIiB4bWxucz0iaHR0cDovL3d3dy53My5vcmcvMjAwMC9zdmciPjwvc3ZnPg==\" style=\"--smush-placeholder-width: 150px; --smush-placeholder-aspect-ratio: 150\/150;\" \/><\/a>\n\t\t\t<\/dt><\/dl><dl class='gallery-item'>\n\t\t\t<dt class='gallery-icon landscape'>\n\t\t\t\t<a href='https:\/\/kfv-mol.de\/Wordpress\/Artikel\/brandschutzbilanz-amt-seelow-land-2011\/n-9910-einsatz-thl-baum-31-07-11\/'><img decoding=\"async\" width=\"150\" height=\"150\" data-src=\"https:\/\/kfv-mol.de\/Wordpress\/wp-content\/uploads\/2012\/03\/n-9910-Einsatz-THL-Baum-31.07.11-150x150.jpg\" class=\"attachment-thumbnail size-thumbnail lazyload\" alt=\"\" data-srcset=\"https:\/\/kfv-mol.de\/Wordpress\/wp-content\/uploads\/2012\/03\/n-9910-Einsatz-THL-Baum-31.07.11-150x150.jpg 150w, https:\/\/kfv-mol.de\/Wordpress\/wp-content\/uploads\/2012\/03\/n-9910-Einsatz-THL-Baum-31.07.11-96x96.jpg 96w, https:\/\/kfv-mol.de\/Wordpress\/wp-content\/uploads\/2012\/03\/n-9910-Einsatz-THL-Baum-31.07.11-24x24.jpg 24w, https:\/\/kfv-mol.de\/Wordpress\/wp-content\/uploads\/2012\/03\/n-9910-Einsatz-THL-Baum-31.07.11-36x36.jpg 36w, https:\/\/kfv-mol.de\/Wordpress\/wp-content\/uploads\/2012\/03\/n-9910-Einsatz-THL-Baum-31.07.11-48x48.jpg 48w, https:\/\/kfv-mol.de\/Wordpress\/wp-content\/uploads\/2012\/03\/n-9910-Einsatz-THL-Baum-31.07.11-64x64.jpg 64w\" data-sizes=\"(max-width: 150px) 100vw, 150px\" src=\"data:image\/svg+xml;base64,PHN2ZyB3aWR0aD0iMSIgaGVpZ2h0PSIxIiB4bWxucz0iaHR0cDovL3d3dy53My5vcmcvMjAwMC9zdmciPjwvc3ZnPg==\" style=\"--smush-placeholder-width: 150px; --smush-placeholder-aspect-ratio: 150\/150;\" \/><\/a>\n\t\t\t<\/dt><\/dl><dl class='gallery-item'>\n\t\t\t<dt class='gallery-icon landscape'>\n\t\t\t\t<a href='https:\/\/kfv-mol.de\/Wordpress\/Artikel\/brandschutzbilanz-amt-seelow-land-2011\/n-7546-100-jahre-ff-alt-mahlisch-jfw-dolgelin-pokalurkunden\/'><img decoding=\"async\" width=\"150\" height=\"150\" data-src=\"https:\/\/kfv-mol.de\/Wordpress\/wp-content\/uploads\/2012\/03\/n-7546-100-Jahre-FF-Alt-Mahlisch-JfW-Dolgelin-Pokal+Urkunden-150x150.jpg\" class=\"attachment-thumbnail size-thumbnail lazyload\" alt=\"\" data-srcset=\"https:\/\/kfv-mol.de\/Wordpress\/wp-content\/uploads\/2012\/03\/n-7546-100-Jahre-FF-Alt-Mahlisch-JfW-Dolgelin-Pokal+Urkunden-150x150.jpg 150w, https:\/\/kfv-mol.de\/Wordpress\/wp-content\/uploads\/2012\/03\/n-7546-100-Jahre-FF-Alt-Mahlisch-JfW-Dolgelin-Pokal+Urkunden-96x96.jpg 96w, https:\/\/kfv-mol.de\/Wordpress\/wp-content\/uploads\/2012\/03\/n-7546-100-Jahre-FF-Alt-Mahlisch-JfW-Dolgelin-Pokal+Urkunden-24x24.jpg 24w, https:\/\/kfv-mol.de\/Wordpress\/wp-content\/uploads\/2012\/03\/n-7546-100-Jahre-FF-Alt-Mahlisch-JfW-Dolgelin-Pokal+Urkunden-36x36.jpg 36w, https:\/\/kfv-mol.de\/Wordpress\/wp-content\/uploads\/2012\/03\/n-7546-100-Jahre-FF-Alt-Mahlisch-JfW-Dolgelin-Pokal+Urkunden-48x48.jpg 48w, https:\/\/kfv-mol.de\/Wordpress\/wp-content\/uploads\/2012\/03\/n-7546-100-Jahre-FF-Alt-Mahlisch-JfW-Dolgelin-Pokal+Urkunden-64x64.jpg 64w\" data-sizes=\"(max-width: 150px) 100vw, 150px\" src=\"data:image\/svg+xml;base64,PHN2ZyB3aWR0aD0iMSIgaGVpZ2h0PSIxIiB4bWxucz0iaHR0cDovL3d3dy53My5vcmcvMjAwMC9zdmciPjwvc3ZnPg==\" style=\"--smush-placeholder-width: 150px; --smush-placeholder-aspect-ratio: 150\/150;\" \/><\/a>\n\t\t\t<\/dt><\/dl><br style=\"clear: both\" \/><dl class='gallery-item'>\n\t\t\t<dt class='gallery-icon landscape'>\n\t\t\t\t<a href='https:\/\/kfv-mol.de\/Wordpress\/Artikel\/brandschutzbilanz-amt-seelow-land-2011\/n-8716-altersehrenabteilung-in-sachsendorf-28-10-11\/'><img decoding=\"async\" width=\"150\" height=\"150\" data-src=\"https:\/\/kfv-mol.de\/Wordpress\/wp-content\/uploads\/2012\/03\/n-8716-Alters+Ehrenabteilung-in-Sachsendorf-28.10.11-150x150.jpg\" class=\"attachment-thumbnail size-thumbnail lazyload\" alt=\"\" data-srcset=\"https:\/\/kfv-mol.de\/Wordpress\/wp-content\/uploads\/2012\/03\/n-8716-Alters+Ehrenabteilung-in-Sachsendorf-28.10.11-150x150.jpg 150w, https:\/\/kfv-mol.de\/Wordpress\/wp-content\/uploads\/2012\/03\/n-8716-Alters+Ehrenabteilung-in-Sachsendorf-28.10.11-96x96.jpg 96w, https:\/\/kfv-mol.de\/Wordpress\/wp-content\/uploads\/2012\/03\/n-8716-Alters+Ehrenabteilung-in-Sachsendorf-28.10.11-24x24.jpg 24w, https:\/\/kfv-mol.de\/Wordpress\/wp-content\/uploads\/2012\/03\/n-8716-Alters+Ehrenabteilung-in-Sachsendorf-28.10.11-36x36.jpg 36w, https:\/\/kfv-mol.de\/Wordpress\/wp-content\/uploads\/2012\/03\/n-8716-Alters+Ehrenabteilung-in-Sachsendorf-28.10.11-48x48.jpg 48w, https:\/\/kfv-mol.de\/Wordpress\/wp-content\/uploads\/2012\/03\/n-8716-Alters+Ehrenabteilung-in-Sachsendorf-28.10.11-64x64.jpg 64w\" data-sizes=\"(max-width: 150px) 100vw, 150px\" src=\"data:image\/svg+xml;base64,PHN2ZyB3aWR0aD0iMSIgaGVpZ2h0PSIxIiB4bWxucz0iaHR0cDovL3d3dy53My5vcmcvMjAwMC9zdmciPjwvc3ZnPg==\" style=\"--smush-placeholder-width: 150px; --smush-placeholder-aspect-ratio: 150\/150;\" \/><\/a>\n\t\t\t<\/dt><\/dl><dl class='gallery-item'>\n\t\t\t<dt class='gallery-icon landscape'>\n\t\t\t\t<a href='https:\/\/kfv-mol.de\/Wordpress\/Artikel\/brandschutzbilanz-amt-seelow-land-2011\/n-7232-fw-ausscheid-07-05-11-losno-polen\/'><img decoding=\"async\" width=\"150\" height=\"150\" data-src=\"https:\/\/kfv-mol.de\/Wordpress\/wp-content\/uploads\/2012\/03\/n-7232-FW-Ausscheid-07.05.11-Losno-Polen-150x150.jpg\" class=\"attachment-thumbnail size-thumbnail lazyload\" alt=\"\" data-srcset=\"https:\/\/kfv-mol.de\/Wordpress\/wp-content\/uploads\/2012\/03\/n-7232-FW-Ausscheid-07.05.11-Losno-Polen-150x150.jpg 150w, https:\/\/kfv-mol.de\/Wordpress\/wp-content\/uploads\/2012\/03\/n-7232-FW-Ausscheid-07.05.11-Losno-Polen-96x96.jpg 96w, https:\/\/kfv-mol.de\/Wordpress\/wp-content\/uploads\/2012\/03\/n-7232-FW-Ausscheid-07.05.11-Losno-Polen-24x24.jpg 24w, https:\/\/kfv-mol.de\/Wordpress\/wp-content\/uploads\/2012\/03\/n-7232-FW-Ausscheid-07.05.11-Losno-Polen-36x36.jpg 36w, https:\/\/kfv-mol.de\/Wordpress\/wp-content\/uploads\/2012\/03\/n-7232-FW-Ausscheid-07.05.11-Losno-Polen-48x48.jpg 48w, https:\/\/kfv-mol.de\/Wordpress\/wp-content\/uploads\/2012\/03\/n-7232-FW-Ausscheid-07.05.11-Losno-Polen-64x64.jpg 64w\" data-sizes=\"(max-width: 150px) 100vw, 150px\" src=\"data:image\/svg+xml;base64,PHN2ZyB3aWR0aD0iMSIgaGVpZ2h0PSIxIiB4bWxucz0iaHR0cDovL3d3dy53My5vcmcvMjAwMC9zdmciPjwvc3ZnPg==\" style=\"--smush-placeholder-width: 150px; --smush-placeholder-aspect-ratio: 150\/150;\" \/><\/a>\n\t\t\t<\/dt><\/dl><dl class='gallery-item'>\n\t\t\t<dt class='gallery-icon landscape'>\n\t\t\t\t<a href='https:\/\/kfv-mol.de\/Wordpress\/Artikel\/brandschutzbilanz-amt-seelow-land-2011\/n-7247-team-ff-alt-mahlisch-in-losno-07-05-11\/'><img decoding=\"async\" width=\"150\" height=\"150\" data-src=\"https:\/\/kfv-mol.de\/Wordpress\/wp-content\/uploads\/2012\/03\/n-7247-Team-FF-Alt-Mahlisch-in-Losno-07.05.11-150x150.jpg\" class=\"attachment-thumbnail size-thumbnail lazyload\" alt=\"\" data-srcset=\"https:\/\/kfv-mol.de\/Wordpress\/wp-content\/uploads\/2012\/03\/n-7247-Team-FF-Alt-Mahlisch-in-Losno-07.05.11-150x150.jpg 150w, https:\/\/kfv-mol.de\/Wordpress\/wp-content\/uploads\/2012\/03\/n-7247-Team-FF-Alt-Mahlisch-in-Losno-07.05.11-96x96.jpg 96w, https:\/\/kfv-mol.de\/Wordpress\/wp-content\/uploads\/2012\/03\/n-7247-Team-FF-Alt-Mahlisch-in-Losno-07.05.11-24x24.jpg 24w, https:\/\/kfv-mol.de\/Wordpress\/wp-content\/uploads\/2012\/03\/n-7247-Team-FF-Alt-Mahlisch-in-Losno-07.05.11-36x36.jpg 36w, https:\/\/kfv-mol.de\/Wordpress\/wp-content\/uploads\/2012\/03\/n-7247-Team-FF-Alt-Mahlisch-in-Losno-07.05.11-48x48.jpg 48w, https:\/\/kfv-mol.de\/Wordpress\/wp-content\/uploads\/2012\/03\/n-7247-Team-FF-Alt-Mahlisch-in-Losno-07.05.11-64x64.jpg 64w\" data-sizes=\"(max-width: 150px) 100vw, 150px\" src=\"data:image\/svg+xml;base64,PHN2ZyB3aWR0aD0iMSIgaGVpZ2h0PSIxIiB4bWxucz0iaHR0cDovL3d3dy53My5vcmcvMjAwMC9zdmciPjwvc3ZnPg==\" style=\"--smush-placeholder-width: 150px; --smush-placeholder-aspect-ratio: 150\/150;\" \/><\/a>\n\t\t\t<\/dt><\/dl><dl class='gallery-item'>\n\t\t\t<dt class='gallery-icon landscape'>\n\t\t\t\t<a href='https:\/\/kfv-mol.de\/Wordpress\/Artikel\/brandschutzbilanz-amt-seelow-land-2011\/n-8411-einsatz-brand-efh-12-09-11\/'><img decoding=\"async\" width=\"150\" height=\"150\" data-src=\"https:\/\/kfv-mol.de\/Wordpress\/wp-content\/uploads\/2012\/03\/n-8411-Einsatz-Brand-EFH-12.09.11-150x150.jpg\" class=\"attachment-thumbnail size-thumbnail lazyload\" alt=\"\" data-srcset=\"https:\/\/kfv-mol.de\/Wordpress\/wp-content\/uploads\/2012\/03\/n-8411-Einsatz-Brand-EFH-12.09.11-150x150.jpg 150w, https:\/\/kfv-mol.de\/Wordpress\/wp-content\/uploads\/2012\/03\/n-8411-Einsatz-Brand-EFH-12.09.11-96x96.jpg 96w, https:\/\/kfv-mol.de\/Wordpress\/wp-content\/uploads\/2012\/03\/n-8411-Einsatz-Brand-EFH-12.09.11-24x24.jpg 24w, https:\/\/kfv-mol.de\/Wordpress\/wp-content\/uploads\/2012\/03\/n-8411-Einsatz-Brand-EFH-12.09.11-36x36.jpg 36w, https:\/\/kfv-mol.de\/Wordpress\/wp-content\/uploads\/2012\/03\/n-8411-Einsatz-Brand-EFH-12.09.11-48x48.jpg 48w, https:\/\/kfv-mol.de\/Wordpress\/wp-content\/uploads\/2012\/03\/n-8411-Einsatz-Brand-EFH-12.09.11-64x64.jpg 64w\" data-sizes=\"(max-width: 150px) 100vw, 150px\" src=\"data:image\/svg+xml;base64,PHN2ZyB3aWR0aD0iMSIgaGVpZ2h0PSIxIiB4bWxucz0iaHR0cDovL3d3dy53My5vcmcvMjAwMC9zdmciPjwvc3ZnPg==\" style=\"--smush-placeholder-width: 150px; --smush-placeholder-aspect-ratio: 150\/150;\" \/><\/a>\n\t\t\t<\/dt><\/dl><br style=\"clear: both\" \/><dl class='gallery-item'>\n\t\t\t<dt class='gallery-icon landscape'>\n\t\t\t\t<a href='https:\/\/kfv-mol.de\/Wordpress\/Artikel\/brandschutzbilanz-amt-seelow-land-2011\/n-4430-jahresend-veranst-amtswehr-in-worin-07-12-11\/'><img decoding=\"async\" width=\"150\" height=\"150\" data-src=\"https:\/\/kfv-mol.de\/Wordpress\/wp-content\/uploads\/2012\/03\/n-4430-Jahresend-Veranst.Amtswehr-in-Worin-07.12.11-150x150.jpg\" class=\"attachment-thumbnail size-thumbnail lazyload\" alt=\"\" data-srcset=\"https:\/\/kfv-mol.de\/Wordpress\/wp-content\/uploads\/2012\/03\/n-4430-Jahresend-Veranst.Amtswehr-in-Worin-07.12.11-150x150.jpg 150w, https:\/\/kfv-mol.de\/Wordpress\/wp-content\/uploads\/2012\/03\/n-4430-Jahresend-Veranst.Amtswehr-in-Worin-07.12.11-96x96.jpg 96w, https:\/\/kfv-mol.de\/Wordpress\/wp-content\/uploads\/2012\/03\/n-4430-Jahresend-Veranst.Amtswehr-in-Worin-07.12.11-24x24.jpg 24w, https:\/\/kfv-mol.de\/Wordpress\/wp-content\/uploads\/2012\/03\/n-4430-Jahresend-Veranst.Amtswehr-in-Worin-07.12.11-36x36.jpg 36w, https:\/\/kfv-mol.de\/Wordpress\/wp-content\/uploads\/2012\/03\/n-4430-Jahresend-Veranst.Amtswehr-in-Worin-07.12.11-48x48.jpg 48w, https:\/\/kfv-mol.de\/Wordpress\/wp-content\/uploads\/2012\/03\/n-4430-Jahresend-Veranst.Amtswehr-in-Worin-07.12.11-64x64.jpg 64w\" data-sizes=\"(max-width: 150px) 100vw, 150px\" src=\"data:image\/svg+xml;base64,PHN2ZyB3aWR0aD0iMSIgaGVpZ2h0PSIxIiB4bWxucz0iaHR0cDovL3d3dy53My5vcmcvMjAwMC9zdmciPjwvc3ZnPg==\" style=\"--smush-placeholder-width: 150px; --smush-placeholder-aspect-ratio: 150\/150;\" \/><\/a>\n\t\t\t<\/dt><\/dl><dl class='gallery-item'>\n\t\t\t<dt class='gallery-icon landscape'>\n\t\t\t\t<a href='https:\/\/kfv-mol.de\/Wordpress\/Artikel\/brandschutzbilanz-amt-seelow-land-2011\/n-7396-100-jahre-ff-marxdorf-28-05-11\/'><img decoding=\"async\" width=\"150\" height=\"150\" data-src=\"https:\/\/kfv-mol.de\/Wordpress\/wp-content\/uploads\/2012\/03\/n-7396-100-Jahre-FF-Marxdorf-28.05.11-150x150.jpg\" class=\"attachment-thumbnail size-thumbnail lazyload\" alt=\"\" data-srcset=\"https:\/\/kfv-mol.de\/Wordpress\/wp-content\/uploads\/2012\/03\/n-7396-100-Jahre-FF-Marxdorf-28.05.11-150x150.jpg 150w, https:\/\/kfv-mol.de\/Wordpress\/wp-content\/uploads\/2012\/03\/n-7396-100-Jahre-FF-Marxdorf-28.05.11-96x96.jpg 96w, https:\/\/kfv-mol.de\/Wordpress\/wp-content\/uploads\/2012\/03\/n-7396-100-Jahre-FF-Marxdorf-28.05.11-24x24.jpg 24w, https:\/\/kfv-mol.de\/Wordpress\/wp-content\/uploads\/2012\/03\/n-7396-100-Jahre-FF-Marxdorf-28.05.11-36x36.jpg 36w, https:\/\/kfv-mol.de\/Wordpress\/wp-content\/uploads\/2012\/03\/n-7396-100-Jahre-FF-Marxdorf-28.05.11-48x48.jpg 48w, https:\/\/kfv-mol.de\/Wordpress\/wp-content\/uploads\/2012\/03\/n-7396-100-Jahre-FF-Marxdorf-28.05.11-64x64.jpg 64w\" data-sizes=\"(max-width: 150px) 100vw, 150px\" src=\"data:image\/svg+xml;base64,PHN2ZyB3aWR0aD0iMSIgaGVpZ2h0PSIxIiB4bWxucz0iaHR0cDovL3d3dy53My5vcmcvMjAwMC9zdmciPjwvc3ZnPg==\" style=\"--smush-placeholder-width: 150px; --smush-placeholder-aspect-ratio: 150\/150;\" \/><\/a>\n\t\t\t<\/dt><\/dl><dl class='gallery-item'>\n\t\t\t<dt class='gallery-icon landscape'>\n\t\t\t\t<a href='https:\/\/kfv-mol.de\/Wordpress\/Artikel\/brandschutzbilanz-amt-seelow-land-2011\/n-7387-100-jahre-ff-marxdorf-28-05-11\/'><img decoding=\"async\" width=\"150\" height=\"150\" data-src=\"https:\/\/kfv-mol.de\/Wordpress\/wp-content\/uploads\/2012\/03\/n-7387-100-Jahre-FF-Marxdorf-28.05.11-150x150.jpg\" class=\"attachment-thumbnail size-thumbnail lazyload\" alt=\"\" data-srcset=\"https:\/\/kfv-mol.de\/Wordpress\/wp-content\/uploads\/2012\/03\/n-7387-100-Jahre-FF-Marxdorf-28.05.11-150x150.jpg 150w, https:\/\/kfv-mol.de\/Wordpress\/wp-content\/uploads\/2012\/03\/n-7387-100-Jahre-FF-Marxdorf-28.05.11-96x96.jpg 96w, https:\/\/kfv-mol.de\/Wordpress\/wp-content\/uploads\/2012\/03\/n-7387-100-Jahre-FF-Marxdorf-28.05.11-24x24.jpg 24w, https:\/\/kfv-mol.de\/Wordpress\/wp-content\/uploads\/2012\/03\/n-7387-100-Jahre-FF-Marxdorf-28.05.11-36x36.jpg 36w, https:\/\/kfv-mol.de\/Wordpress\/wp-content\/uploads\/2012\/03\/n-7387-100-Jahre-FF-Marxdorf-28.05.11-48x48.jpg 48w, https:\/\/kfv-mol.de\/Wordpress\/wp-content\/uploads\/2012\/03\/n-7387-100-Jahre-FF-Marxdorf-28.05.11-64x64.jpg 64w\" data-sizes=\"(max-width: 150px) 100vw, 150px\" src=\"data:image\/svg+xml;base64,PHN2ZyB3aWR0aD0iMSIgaGVpZ2h0PSIxIiB4bWxucz0iaHR0cDovL3d3dy53My5vcmcvMjAwMC9zdmciPjwvc3ZnPg==\" style=\"--smush-placeholder-width: 150px; --smush-placeholder-aspect-ratio: 150\/150;\" \/><\/a>\n\t\t\t<\/dt><\/dl><dl class='gallery-item'>\n\t\t\t<dt class='gallery-icon landscape'>\n\t\t\t\t<a href='https:\/\/kfv-mol.de\/Wordpress\/Artikel\/brandschutzbilanz-amt-seelow-land-2011\/n-4456-team-ubung-thl-25-06-11\/'><img decoding=\"async\" width=\"150\" height=\"150\" data-src=\"https:\/\/kfv-mol.de\/Wordpress\/wp-content\/uploads\/2012\/03\/n-4456-Team-\u00dcbung-THL-25.06.11-150x150.jpg\" class=\"attachment-thumbnail size-thumbnail lazyload\" alt=\"\" data-srcset=\"https:\/\/kfv-mol.de\/Wordpress\/wp-content\/uploads\/2012\/03\/n-4456-Team-\u00dcbung-THL-25.06.11-150x150.jpg 150w, https:\/\/kfv-mol.de\/Wordpress\/wp-content\/uploads\/2012\/03\/n-4456-Team-\u00dcbung-THL-25.06.11-96x96.jpg 96w, https:\/\/kfv-mol.de\/Wordpress\/wp-content\/uploads\/2012\/03\/n-4456-Team-\u00dcbung-THL-25.06.11-24x24.jpg 24w, https:\/\/kfv-mol.de\/Wordpress\/wp-content\/uploads\/2012\/03\/n-4456-Team-\u00dcbung-THL-25.06.11-36x36.jpg 36w, https:\/\/kfv-mol.de\/Wordpress\/wp-content\/uploads\/2012\/03\/n-4456-Team-\u00dcbung-THL-25.06.11-48x48.jpg 48w, https:\/\/kfv-mol.de\/Wordpress\/wp-content\/uploads\/2012\/03\/n-4456-Team-\u00dcbung-THL-25.06.11-64x64.jpg 64w\" data-sizes=\"(max-width: 150px) 100vw, 150px\" src=\"data:image\/svg+xml;base64,PHN2ZyB3aWR0aD0iMSIgaGVpZ2h0PSIxIiB4bWxucz0iaHR0cDovL3d3dy53My5vcmcvMjAwMC9zdmciPjwvc3ZnPg==\" style=\"--smush-placeholder-width: 150px; --smush-placeholder-aspect-ratio: 150\/150;\" \/><\/a>\n\t\t\t<\/dt><\/dl><br style=\"clear: both\" \/><dl class='gallery-item'>\n\t\t\t<dt class='gallery-icon landscape'>\n\t\t\t\t<a href='https:\/\/kfv-mol.de\/Wordpress\/Artikel\/brandschutzbilanz-amt-seelow-land-2011\/n-9941-einsatz-thl-baum-31-07-11\/'><img decoding=\"async\" width=\"150\" height=\"150\" data-src=\"https:\/\/kfv-mol.de\/Wordpress\/wp-content\/uploads\/2012\/03\/n-9941-Einsatz-THL-Baum-31.07.11-150x150.jpg\" class=\"attachment-thumbnail size-thumbnail lazyload\" alt=\"\" data-srcset=\"https:\/\/kfv-mol.de\/Wordpress\/wp-content\/uploads\/2012\/03\/n-9941-Einsatz-THL-Baum-31.07.11-150x150.jpg 150w, https:\/\/kfv-mol.de\/Wordpress\/wp-content\/uploads\/2012\/03\/n-9941-Einsatz-THL-Baum-31.07.11-96x96.jpg 96w, https:\/\/kfv-mol.de\/Wordpress\/wp-content\/uploads\/2012\/03\/n-9941-Einsatz-THL-Baum-31.07.11-24x24.jpg 24w, https:\/\/kfv-mol.de\/Wordpress\/wp-content\/uploads\/2012\/03\/n-9941-Einsatz-THL-Baum-31.07.11-36x36.jpg 36w, https:\/\/kfv-mol.de\/Wordpress\/wp-content\/uploads\/2012\/03\/n-9941-Einsatz-THL-Baum-31.07.11-48x48.jpg 48w, https:\/\/kfv-mol.de\/Wordpress\/wp-content\/uploads\/2012\/03\/n-9941-Einsatz-THL-Baum-31.07.11-64x64.jpg 64w\" data-sizes=\"(max-width: 150px) 100vw, 150px\" src=\"data:image\/svg+xml;base64,PHN2ZyB3aWR0aD0iMSIgaGVpZ2h0PSIxIiB4bWxucz0iaHR0cDovL3d3dy53My5vcmcvMjAwMC9zdmciPjwvc3ZnPg==\" style=\"--smush-placeholder-width: 150px; --smush-placeholder-aspect-ratio: 150\/150;\" \/><\/a>\n\t\t\t<\/dt><\/dl>\n\t\t\t<br style='clear: both' \/>\n\t\t<\/div>\n\n<p>Der demographische Wandel wiederspiegelt sich auch in den Reihen der Einsatzabtei-lungen der einzelnen Ortswehren. Es wird immer schwieriger den Lauf der Zeit auszub\u00fc-geln und einsatzf\u00e4hige Kr\u00e4fte vor allem in den Tagbereitschaften vorzuhalten. Viele Kameradinnen und Kameraden sind am Tag auf Grund ihrer Arbeitsstelle nicht erreichbar und so stehen die wenigen noch vorhandenen Einsatzkr\u00e4fte oft vor schwierigen Problemen. Daher ist es wichtig, dass sich noch mehr B\u00fcrger in den Orten, egal ob m\u00e4nnlich oder weiblich, sich f\u00fcr den Dienst in den Freiwilligen Feuerwehren interessieren, bzw. was noch wichtiger ist, sich f\u00fcr den Dienst bei den Ortsfeuerwehren entscheiden. Wir m\u00f6chten hier ganz speziell auch die Frauen in unseren Orten ansprechen und sie motivieren. Viele engagieren sich ja schon in Vereinen und unterst\u00fctzen in ihren Orten. Sie brauchen keine Angst vor einer angeblichen M\u00e4nnerdom\u00e4ne zu haben! Wir haben heute schon Frauen in Positionen, wo sie sich beweisen und ihre Frau stehen. Diese Arbeit ist interessant und erfordert die ganze Frau und den ganzen Mann. Wir w\u00fcrden uns freuen, genau Sie angesprochen zu haben und in unseren Reihen begr\u00fc\u00dfen zu d\u00fcrfen.<\/p>\n<p>Die Einsatzstatistik des vergangenen Jahres wies 92 Eins\u00e4tze im weit gef\u00e4cherten Aufgabenbereich der Feuerwehr aus. Diese setzen sich aus 20 Brandeins\u00e4tzen, 65 Technische Hilfeleistungen und 7 Fehlalarmen zusammen. In die 3 Ausr\u00fcckebereiche der St\u00fctzpunktfeuerwehren gegliedert, verteilen sich die Eins\u00e4tze wie folgt:<\/p>\n<table width=\"541\" border=\"1\" cellspacing=\"1\" cellpadding=\"0\">\n<tbody>\n<tr>\n<td colspan=\"2\" width=\"539\"><strong>\u00a0\u00a0\u00a0\u00a0 EINSATZZAHLEN DER DREI AUSR\u00dcCKEBEREICHE<\/strong><\/td>\n<\/tr>\n<tr>\n<td>\u00a0\u00a0 AUSR\u00dcCKEBEREICH<\/td>\n<td width=\"207\">\u00a0 Einsatzzahl<\/td>\n<\/tr>\n<tr>\n<td>\u00a0 FF Falkenhagen Schwerpunktwehr<\/td>\n<td width=\"207\">\u00a0 40 Eins\u00e4tze aller Art<\/td>\n<\/tr>\n<tr>\n<td>\u00a0 FF Dolgelin Schwerpunktwehr<\/td>\n<td width=\"207\">\u00a0 37 Eins\u00e4tze aller Art<\/td>\n<\/tr>\n<tr>\n<td>\u00a0 FF Worin Schwerpunktwehr<\/td>\n<td width=\"207\">\u00a0 15 Eins\u00e4tze aller Art<\/td>\n<\/tr>\n<\/tbody>\n<\/table>\n<p>Um all diese Eins\u00e4tze in ihrer Vielfalt zu bew\u00e4ltigen, ist es notwendig, die Kameraden immer auf den neuesten Stand der Technik und des Wissens zu halten. In unserer schnelllebigen Zeit sind Ausbilder und Kameraden gleicherma\u00dfen gefordert, um die st\u00e4ndigen Ver\u00e4nderungen in der Technik und den damit auftretenden Gefahren auch f\u00fcr die Kameraden selbst zu begegnen. So haben alle neu in die Feuerwehr eingetretenen Kameradinnen und Kameraden in einem 150 Stunden umfassenden und \u00fcber 2 Jahren dauernden Grundlehrgang alle Kenntnisse zu erwerben, um im Feuerwehrleben bestehen zu k\u00f6nnen. Im weiteren Verlauf seines Feuerwehrlebens hat jede\/r Kamerad\/in in seiner Ortswehr mindestens 40 Stunden allgemeine Ausbildung im Jahr nachzuweisen. Diese Ausbildungen Enden in \u00dcbungen, bei denen das Wissen angewendet und das taktisch richtige Verhalten gefestigt werden soll.<\/p>\n<p>Den heutigen Ausbildungsstand haben wir vor allem dem konsequenten Festhalten an den Ausbildungsrichtlinien der Feuerwehrdienstvorschriften erreicht. Wie bereits erw\u00e4hnt, schreibt die Ausbildungsrichtlinie f\u00fcr alle Feuerwehranw\u00e4rter einen Grundlehrgang Feuer-wehr vor, der sich \u00fcber 2 Jahre hinzieht. Darin werden alle theoretischen und praktischen Grundkenntnisse eines Feuerwehrangeh\u00f6rigen vermittelt, wozu auch eine Sprechfunker- und Atemschutzger\u00e4tetr\u00e4gerausbildung z\u00e4hlt. Die Ausbildung in der F\u00fchrungsebene und der Mannschaftsausbildung darf zu keiner Zeit vernachl\u00e4ssigt werden, auch wenn das f\u00fcr alle Kameraden, die Arbeit haben nicht so einfach ist. An dieser Stelle einen Dank an alle Arbeitgeber der Region, die durch Freistellung der Kameraden deren Brandschutzaus-bildung erm\u00f6glichen. Nebenbei bemerkt, auf der Landesfeuerwehrschule wird keinem etw<strong>a<\/strong>s geschenkt. Ich habe immer wieder gro\u00dfen Respekt vor den Kameraden\/innen, die Tage und Wochen die Landesfeuerwehrschule besuchen, um dort eine fundierte Ausbil-dung zu erlangen. Im Jahr 2011 qualifizierten sich 30 Kameraden\/innen in folgenden Lehrg\u00e4ngen:<\/p>\n<div align=\"center\">\n<table width=\"354\" border=\"1\" cellspacing=\"1\" cellpadding=\"0\">\n<tbody>\n<tr>\n<td width=\"313\">\u00a0 Verbandsf\u00fchrer<\/td>\n<td width=\"39\">\n<p align=\"center\">1<\/p>\n<\/td>\n<\/tr>\n<tr>\n<td width=\"313\">\u00a0 Leiter einer Freiwilligen Feuerwehr<\/td>\n<td width=\"39\">\n<p align=\"center\">1<\/p>\n<\/td>\n<\/tr>\n<tr>\n<td width=\"313\">\u00a0 Zugf\u00fchrer einer Freiwilligen Feuerwehr<\/td>\n<td width=\"39\">\n<p align=\"center\">1<\/p>\n<\/td>\n<\/tr>\n<tr>\n<td width=\"313\">\u00a0 Gruppenf\u00fchrer einer Freiwilligen FW<\/td>\n<td width=\"39\">\n<p align=\"center\">2<\/p>\n<\/td>\n<\/tr>\n<tr>\n<td width=\"313\">\u00a0 Fortbildung Gruppenf\u00fchrer einer FF<\/td>\n<td width=\"39\">\n<p align=\"center\">1<\/p>\n<\/td>\n<\/tr>\n<tr>\n<td width=\"313\">\u00a0 Lehrgang Technische Hilfeleistung<\/td>\n<td width=\"39\">\n<p align=\"center\">1<\/p>\n<\/td>\n<\/tr>\n<tr>\n<td width=\"313\">\u00a0 Kreisausbilder Technische Hilfeleistung<\/td>\n<td width=\"39\">\n<p align=\"center\">1<\/p>\n<\/td>\n<\/tr>\n<tr>\n<td width=\"313\">\u00a0 Ger\u00e4tewart<\/td>\n<td width=\"39\">\n<p align=\"center\">1<\/p>\n<\/td>\n<\/tr>\n<tr>\n<td width=\"313\">\u00a0 Atemschutzger\u00e4tetr\u00e4ger<\/td>\n<td width=\"39\">\n<p align=\"center\">4<\/p>\n<\/td>\n<\/tr>\n<tr>\n<td width=\"313\">\u00a0 Sprechfunker<\/td>\n<td width=\"39\">\n<p align=\"center\">3<\/p>\n<\/td>\n<\/tr>\n<tr>\n<td width=\"313\">\u00a0 Lehrgang Truppmann\/ -frau Teil 2<\/td>\n<td width=\"39\">\n<p align=\"center\">9<\/p>\n<\/td>\n<\/tr>\n<tr>\n<td width=\"313\">\u00a0 Ersthelfer<\/td>\n<td width=\"39\">\n<p align=\"center\">3<\/p>\n<\/td>\n<\/tr>\n<tr>\n<td width=\"313\">\u00a0 Fahrertraining LKW<\/td>\n<td width=\"39\">\n<p align=\"center\">2<\/p>\n<\/td>\n<\/tr>\n<\/tbody>\n<\/table>\n<\/div>\n<p>Die j\u00e4hrlich laufende Ausbildung f\u00fcr die Atemschutzger\u00e4tetr\u00e4ger am FTZ in Strausberg besuchten weitere 56 Kameraden\/innen. Den betreffenden Kameraden\/innen sei hier nochmals f\u00fcr ihre Einsatzbereitschaft durch die Amtswehrf\u00fchrung gedankt, denn die Arbeit eines Atemschutzger\u00e4tetr\u00e4gers ist eine besonders verantwortungsvolle T\u00e4tigkeit, in der der Einzelne wenig ausrichtet, sondern nur im Zusammenwirken Erfolge erreicht werden.<\/p>\n<p>Einen besonderen Anlass stellte im vergangen Jahr der Amtsausscheid der Feuerwehren des Amtes Seelow-Land dar. Zu Ehren des 100 j\u00e4hrigen Bestehens der Freiwilligen Feuerwehr Marxdorf, reisten viele Gastmannschaften aus umliegenden \u00c4mtern an und gratulierten der Jubil\u00e4umsfeuerwehr. Auch unsere inzwischen zur Tradition gewordene polnische Partnerfeuerwehr aus der Gro\u00dfgemeinde Klodawa nahm wieder an dieser Veranstaltung teil. Nat\u00fcrlich erwiesen wir unserer Partnerfeuerwehr wie jedes Jahr einen Gegenbesuch und wir erlebten wie immer die offenherzige polnische Gastfreundschaft und einen super gelungenen Tag in der Gemeinde Klodawa Ortsteil Losno. F\u00fcr unsere teilnehmende Einsatzabteilung, sowie den Veteranen der Feuerwehr ist dieser Tag immer ein unvergessliches Erlebnis, das 2011 Jahr durch die Alt Mahlischer Einsatzabteilung bestritten wurde.<\/p>\n<p>Nun noch ein Wort zu unserer Jugend. Jugendarbeit in der Feuerwehr zu organisieren ist sehr schwer und erfordert sehr viel Idealismus unserer Jugendwarte. Zum Gl\u00fcck gibt es in allen 5 Jugendfeuerwehren unseres Amtes solche Kameraden\/innen. Trotzdem haben wir st\u00e4ndig mit Nachwuchsproblemen zu k\u00e4mpfen und sind froh \u00fcber jeden Neuzugang in den Jugendwehren. Daher mein Appell an alle Jugendlichen, die Interesse an der Feuerwehr-arbeit haben: Meldet euch bei eurer \u00f6rtlichen Feuerwehr und erkundigt euch \u00fcber deren Arbeit. Bei Interesse sind die jeweiligen Ortswehrf\u00fchrer gern bereit, mit euch Gespr\u00e4che zu f\u00fchren. Die Jugendfeuerwehr unseres Amtes ist bis weit \u00fcber die Landesgrenzen hinaus bekannt und wir haben einen guten Namen im Lande. Dahinter steckt aber der aufopferungsvolle Kampf der Jugendgruppenleiter, den Kindern und Jugendlichen eine sinnvolle Freizeitbesch\u00e4ftigung zu bieten.<\/p>\n<p>Zum Schluss m\u00f6chte ich mich noch mal ausdr\u00fccklich bei den Ehefrauen, Lebenspartnern, Familienmitgliedern meiner Kameradinnen und Kameraden sowie sonstigen Freunden der Feuerwehr f\u00fcr die erwiesene Unterst\u00fctzung bedanken. Ich wei\u00df, ich verlange von meinen Kameradinnen und Kameraden viel und werde das auch in Zukunft tun, denn ohne Disziplin, Ausbildung und Motivation k\u00f6nnen wir als Feuerwehr nicht \u00fcberleben. Ich w\u00fcnsche allen auf diesem Wege noch mal ein gesundes, erfolgreiches Jahr 2012 und w\u00fcnsche uns allen f\u00fcr dieses Jahr wieder eine positive Bilanz im n\u00e4chsten Jahr ziehen zu k\u00f6nnen.<\/p>\n<p>Uwe Sch\u00fcler<\/p>\n<p>Amtswehrf\u00fchrer des Amtes Seelow-Land<\/p>\n<p>&nbsp;<\/p>\n<p>Fotos:\u00a0 BM Lutz Bergmann<\/p>\n","protected":false},"excerpt":{"rendered":"<p>Wie alle Jahre wieder, wurde das zur\u00fcckliegende Jahr mit seinen H\u00f6hen und Tiefen, auf der ersten Ortswehrf\u00fchrertagung am 26. Januar 2012, diesmal im Feuerwehrger\u00e4tehaus in Falkenhagen (Mark), ausgewertet. Zum Jahresende waren in der Freiwilligen Feuerwehr des Amtes Seelow-Land 338 Kameradinnen und Kameraden organisiert. Diese Zahl gliedert sich wie folgt auf: JAHRESPERSONAL\u00dcBERSICHT 2011 \u00a0 Einsatzabteilung \u00a0192 [&hellip;]<\/p>\n","protected":false},"author":1,"featured_media":0,"comment_status":"closed","ping_status":"closed","sticky":false,"template":"","format":"standard","meta":{"footnotes":""},"categories":[4,5],"tags":[],"class_list":["post-458","post","type-post","status-publish","format-standard","hentry","category-kreisfeuerwehrverband","category-kreisjugendfeuerwehr"],"_links":{"self":[{"href":"https:\/\/kfv-mol.de\/Wordpress\/wp-json\/wp\/v2\/posts\/458","targetHints":{"allow":["GET"]}}],"collection":[{"href":"https:\/\/kfv-mol.de\/Wordpress\/wp-json\/wp\/v2\/posts"}],"about":[{"href":"https:\/\/kfv-mol.de\/Wordpress\/wp-json\/wp\/v2\/types\/post"}],"author":[{"embeddable":true,"href":"https:\/\/kfv-mol.de\/Wordpress\/wp-json\/wp\/v2\/users\/1"}],"replies":[{"embeddable":true,"href":"https:\/\/kfv-mol.de\/Wordpress\/wp-json\/wp\/v2\/comments?post=458"}],"version-history":[{"count":0,"href":"https:\/\/kfv-mol.de\/Wordpress\/wp-json\/wp\/v2\/posts\/458\/revisions"}],"wp:attachment":[{"href":"https:\/\/kfv-mol.de\/Wordpress\/wp-json\/wp\/v2\/media?parent=458"}],"wp:term":[{"taxonomy":"category","embeddable":true,"href":"https:\/\/kfv-mol.de\/Wordpress\/wp-json\/wp\/v2\/categories?post=458"},{"taxonomy":"post_tag","embeddable":true,"href":"https:\/\/kfv-mol.de\/Wordpress\/wp-json\/wp\/v2\/tags?post=458"}],"curies":[{"name":"wp","href":"https:\/\/api.w.org\/{rel}","templated":true}]}}