{"id":294,"date":"2011-07-03T15:07:40","date_gmt":"2011-07-03T14:07:40","guid":{"rendered":"http:\/\/www.kfv-mol.de\/Wordpress\/?p=294"},"modified":"2011-07-03T15:07:40","modified_gmt":"2011-07-03T14:07:40","slug":"kreismeisterschaften-im-feuerwehrsport-des-landkreises-markisch-oderland-am-02-juli-2011-standen-unter-dem-motto-50-jahre-feuerwehrsport-in-buckow","status":"publish","type":"post","link":"https:\/\/kfv-mol.de\/Wordpress\/Artikel\/kreismeisterschaften-im-feuerwehrsport-des-landkreises-markisch-oderland-am-02-juli-2011-standen-unter-dem-motto-50-jahre-feuerwehrsport-in-buckow\/","title":{"rendered":"Kreismeisterschaften im Feuerwehrsport des Landkreises M\u00e4rkisch-Oderland am 02. Juli 2011 standen unter dem Motto: &#8222;50 Jahre Feuerwehrsport in Buckow&#8220;"},"content":{"rendered":"<p>Am Sonnabend, dem 02,07.2011 begr\u00fc\u00dften der Ortswehrf\u00fchrer der FF Buckow Andreas Saekert und der Vorsitzende des Kreisfeuerwehrverbandes Hans-Dieter Kandzia die G\u00e4ste und Wettkampfteilnehmer aus 16 Ortsfeuerwehren, die sich in Amts-, Stadt- und Gemeindeausscheiden qualifiziert hatten, bei leider sehr nasskaltem Wetter auf dem Trainingsplatz der FF Buckow in der M\u00e4rkischen Schweiz zu den diesj\u00e4hrigen Meisterschaften im Feuerwehrsport des Landkreises M\u00e4rkisch-Oderland.<br \/>\nBei der FF Buckow lag als Gastgeber die einwandfreie technische und organisatorische Vorbereitung und Durchf\u00fchrung der Veranstaltung in guten H\u00e4nden. Auch f\u00fcr hei\u00dfen Tee und Kaffee, der bei dem Wetter sehr gefragt war, war neben einem Mittagsimbiss gesorgt. Das FTZ des Landkreises unterst\u00fctzte mit mobiler Stromversorgung und den Wettkampfpumpen.<br \/>\nIm Laufe des Wettkampftages kamen u.a. der Landrat Herr Gernot Schmidt, Vertreter des Amtes M\u00e4rkische Schweiz, der Kreisbrandmeister Willi Rossow und der Pr\u00e4sident des LFV Manfred Gerdes vorbei.<\/p>\n<p>Aus Witterungsgr\u00fcnden musste zum Schutz der Wettk\u00e4mpfer der 4 x 100 m &#8211; Hindernislauf ohne Laufbalken und Haus gelaufen werden. Der 100 m &#8211; Lauf fiel leider ganz aus. Auch die Defekthexe hat zugeschlagen: Der L\u00f6schangriff musste nach einigen Versuchen nur auf einer Bahn ausgetragen werden.<\/p>\n\n\t\t<style type=\"text\/css\">\n\t\t\t#gallery-1 {\n\t\t\t\tmargin: auto;\n\t\t\t}\n\t\t\t#gallery-1 .gallery-item {\n\t\t\t\tfloat: left;\n\t\t\t\tmargin-top: 10px;\n\t\t\t\ttext-align: center;\n\t\t\t\twidth: 33%;\n\t\t\t}\n\t\t\t#gallery-1 img {\n\t\t\t\tborder: 2px solid #cfcfcf;\n\t\t\t}\n\t\t\t#gallery-1 .gallery-caption {\n\t\t\t\tmargin-left: 0;\n\t\t\t}\n\t\t\t\/* see gallery_shortcode() in wp-includes\/media.php *\/\n\t\t<\/style>\n\t\t<div id='gallery-1' class='gallery galleryid-294 gallery-columns-3 gallery-size-thumbnail'><dl class='gallery-item'>\n\t\t\t<dt class='gallery-icon landscape'>\n\t\t\t\t<a href='https:\/\/kfv-mol.de\/Wordpress\/Artikel\/kreismeisterschaften-im-feuerwehrsport-des-landkreises-markisch-oderland-am-02-juli-2011-standen-unter-dem-motto-50-jahre-feuerwehrsport-in-buckow\/img_0852\/'><img decoding=\"async\" width=\"150\" height=\"150\" data-src=\"https:\/\/kfv-mol.de\/Wordpress\/wp-content\/uploads\/2011\/07\/IMG_0852-150x150.jpg\" class=\"attachment-thumbnail size-thumbnail lazyload\" alt=\"\" data-srcset=\"https:\/\/kfv-mol.de\/Wordpress\/wp-content\/uploads\/2011\/07\/IMG_0852-150x150.jpg 150w, https:\/\/kfv-mol.de\/Wordpress\/wp-content\/uploads\/2011\/07\/IMG_0852-96x96.jpg 96w, https:\/\/kfv-mol.de\/Wordpress\/wp-content\/uploads\/2011\/07\/IMG_0852-24x24.jpg 24w, https:\/\/kfv-mol.de\/Wordpress\/wp-content\/uploads\/2011\/07\/IMG_0852-36x36.jpg 36w, https:\/\/kfv-mol.de\/Wordpress\/wp-content\/uploads\/2011\/07\/IMG_0852-48x48.jpg 48w, https:\/\/kfv-mol.de\/Wordpress\/wp-content\/uploads\/2011\/07\/IMG_0852-64x64.jpg 64w\" data-sizes=\"(max-width: 150px) 100vw, 150px\" src=\"data:image\/svg+xml;base64,PHN2ZyB3aWR0aD0iMSIgaGVpZ2h0PSIxIiB4bWxucz0iaHR0cDovL3d3dy53My5vcmcvMjAwMC9zdmciPjwvc3ZnPg==\" style=\"--smush-placeholder-width: 150px; --smush-placeholder-aspect-ratio: 150\/150;\" \/><\/a>\n\t\t\t<\/dt><\/dl><dl class='gallery-item'>\n\t\t\t<dt class='gallery-icon portrait'>\n\t\t\t\t<a href='https:\/\/kfv-mol.de\/Wordpress\/Artikel\/kreismeisterschaften-im-feuerwehrsport-des-landkreises-markisch-oderland-am-02-juli-2011-standen-unter-dem-motto-50-jahre-feuerwehrsport-in-buckow\/img_0853\/'><img decoding=\"async\" width=\"150\" height=\"150\" data-src=\"https:\/\/kfv-mol.de\/Wordpress\/wp-content\/uploads\/2011\/07\/IMG_0853-150x150.jpg\" class=\"attachment-thumbnail size-thumbnail lazyload\" alt=\"\" data-srcset=\"https:\/\/kfv-mol.de\/Wordpress\/wp-content\/uploads\/2011\/07\/IMG_0853-150x150.jpg 150w, https:\/\/kfv-mol.de\/Wordpress\/wp-content\/uploads\/2011\/07\/IMG_0853-96x96.jpg 96w, https:\/\/kfv-mol.de\/Wordpress\/wp-content\/uploads\/2011\/07\/IMG_0853-24x24.jpg 24w, https:\/\/kfv-mol.de\/Wordpress\/wp-content\/uploads\/2011\/07\/IMG_0853-36x36.jpg 36w, https:\/\/kfv-mol.de\/Wordpress\/wp-content\/uploads\/2011\/07\/IMG_0853-48x48.jpg 48w, https:\/\/kfv-mol.de\/Wordpress\/wp-content\/uploads\/2011\/07\/IMG_0853-64x64.jpg 64w\" data-sizes=\"(max-width: 150px) 100vw, 150px\" src=\"data:image\/svg+xml;base64,PHN2ZyB3aWR0aD0iMSIgaGVpZ2h0PSIxIiB4bWxucz0iaHR0cDovL3d3dy53My5vcmcvMjAwMC9zdmciPjwvc3ZnPg==\" style=\"--smush-placeholder-width: 150px; --smush-placeholder-aspect-ratio: 150\/150;\" \/><\/a>\n\t\t\t<\/dt><\/dl><dl class='gallery-item'>\n\t\t\t<dt class='gallery-icon landscape'>\n\t\t\t\t<a href='https:\/\/kfv-mol.de\/Wordpress\/Artikel\/kreismeisterschaften-im-feuerwehrsport-des-landkreises-markisch-oderland-am-02-juli-2011-standen-unter-dem-motto-50-jahre-feuerwehrsport-in-buckow\/img_0855\/'><img decoding=\"async\" width=\"150\" height=\"150\" data-src=\"https:\/\/kfv-mol.de\/Wordpress\/wp-content\/uploads\/2011\/07\/IMG_0855-150x150.jpg\" class=\"attachment-thumbnail size-thumbnail lazyload\" alt=\"\" data-srcset=\"https:\/\/kfv-mol.de\/Wordpress\/wp-content\/uploads\/2011\/07\/IMG_0855-150x150.jpg 150w, https:\/\/kfv-mol.de\/Wordpress\/wp-content\/uploads\/2011\/07\/IMG_0855-96x96.jpg 96w, https:\/\/kfv-mol.de\/Wordpress\/wp-content\/uploads\/2011\/07\/IMG_0855-24x24.jpg 24w, https:\/\/kfv-mol.de\/Wordpress\/wp-content\/uploads\/2011\/07\/IMG_0855-36x36.jpg 36w, https:\/\/kfv-mol.de\/Wordpress\/wp-content\/uploads\/2011\/07\/IMG_0855-48x48.jpg 48w, https:\/\/kfv-mol.de\/Wordpress\/wp-content\/uploads\/2011\/07\/IMG_0855-64x64.jpg 64w\" data-sizes=\"(max-width: 150px) 100vw, 150px\" src=\"data:image\/svg+xml;base64,PHN2ZyB3aWR0aD0iMSIgaGVpZ2h0PSIxIiB4bWxucz0iaHR0cDovL3d3dy53My5vcmcvMjAwMC9zdmciPjwvc3ZnPg==\" style=\"--smush-placeholder-width: 150px; --smush-placeholder-aspect-ratio: 150\/150;\" \/><\/a>\n\t\t\t<\/dt><\/dl><br style=\"clear: both\" \/><dl class='gallery-item'>\n\t\t\t<dt class='gallery-icon landscape'>\n\t\t\t\t<a href='https:\/\/kfv-mol.de\/Wordpress\/Artikel\/kreismeisterschaften-im-feuerwehrsport-des-landkreises-markisch-oderland-am-02-juli-2011-standen-unter-dem-motto-50-jahre-feuerwehrsport-in-buckow\/img_0867\/'><img decoding=\"async\" width=\"150\" height=\"150\" data-src=\"https:\/\/kfv-mol.de\/Wordpress\/wp-content\/uploads\/2011\/07\/IMG_0867-150x150.jpg\" class=\"attachment-thumbnail size-thumbnail lazyload\" alt=\"\" data-srcset=\"https:\/\/kfv-mol.de\/Wordpress\/wp-content\/uploads\/2011\/07\/IMG_0867-150x150.jpg 150w, https:\/\/kfv-mol.de\/Wordpress\/wp-content\/uploads\/2011\/07\/IMG_0867-96x96.jpg 96w, https:\/\/kfv-mol.de\/Wordpress\/wp-content\/uploads\/2011\/07\/IMG_0867-24x24.jpg 24w, https:\/\/kfv-mol.de\/Wordpress\/wp-content\/uploads\/2011\/07\/IMG_0867-36x36.jpg 36w, https:\/\/kfv-mol.de\/Wordpress\/wp-content\/uploads\/2011\/07\/IMG_0867-48x48.jpg 48w, https:\/\/kfv-mol.de\/Wordpress\/wp-content\/uploads\/2011\/07\/IMG_0867-64x64.jpg 64w\" data-sizes=\"(max-width: 150px) 100vw, 150px\" src=\"data:image\/svg+xml;base64,PHN2ZyB3aWR0aD0iMSIgaGVpZ2h0PSIxIiB4bWxucz0iaHR0cDovL3d3dy53My5vcmcvMjAwMC9zdmciPjwvc3ZnPg==\" style=\"--smush-placeholder-width: 150px; --smush-placeholder-aspect-ratio: 150\/150;\" \/><\/a>\n\t\t\t<\/dt><\/dl><dl class='gallery-item'>\n\t\t\t<dt class='gallery-icon landscape'>\n\t\t\t\t<a href='https:\/\/kfv-mol.de\/Wordpress\/Artikel\/kreismeisterschaften-im-feuerwehrsport-des-landkreises-markisch-oderland-am-02-juli-2011-standen-unter-dem-motto-50-jahre-feuerwehrsport-in-buckow\/img_0875\/'><img decoding=\"async\" width=\"150\" height=\"150\" data-src=\"https:\/\/kfv-mol.de\/Wordpress\/wp-content\/uploads\/2011\/07\/IMG_0875-150x150.jpg\" class=\"attachment-thumbnail size-thumbnail lazyload\" alt=\"\" data-srcset=\"https:\/\/kfv-mol.de\/Wordpress\/wp-content\/uploads\/2011\/07\/IMG_0875-150x150.jpg 150w, https:\/\/kfv-mol.de\/Wordpress\/wp-content\/uploads\/2011\/07\/IMG_0875-96x96.jpg 96w, https:\/\/kfv-mol.de\/Wordpress\/wp-content\/uploads\/2011\/07\/IMG_0875-24x24.jpg 24w, https:\/\/kfv-mol.de\/Wordpress\/wp-content\/uploads\/2011\/07\/IMG_0875-36x36.jpg 36w, https:\/\/kfv-mol.de\/Wordpress\/wp-content\/uploads\/2011\/07\/IMG_0875-48x48.jpg 48w, https:\/\/kfv-mol.de\/Wordpress\/wp-content\/uploads\/2011\/07\/IMG_0875-64x64.jpg 64w\" data-sizes=\"(max-width: 150px) 100vw, 150px\" src=\"data:image\/svg+xml;base64,PHN2ZyB3aWR0aD0iMSIgaGVpZ2h0PSIxIiB4bWxucz0iaHR0cDovL3d3dy53My5vcmcvMjAwMC9zdmciPjwvc3ZnPg==\" style=\"--smush-placeholder-width: 150px; --smush-placeholder-aspect-ratio: 150\/150;\" \/><\/a>\n\t\t\t<\/dt><\/dl><dl class='gallery-item'>\n\t\t\t<dt class='gallery-icon landscape'>\n\t\t\t\t<a href='https:\/\/kfv-mol.de\/Wordpress\/Artikel\/kreismeisterschaften-im-feuerwehrsport-des-landkreises-markisch-oderland-am-02-juli-2011-standen-unter-dem-motto-50-jahre-feuerwehrsport-in-buckow\/img_0878\/'><img decoding=\"async\" width=\"150\" height=\"150\" data-src=\"https:\/\/kfv-mol.de\/Wordpress\/wp-content\/uploads\/2011\/07\/IMG_0878-150x150.jpg\" class=\"attachment-thumbnail size-thumbnail lazyload\" alt=\"\" data-srcset=\"https:\/\/kfv-mol.de\/Wordpress\/wp-content\/uploads\/2011\/07\/IMG_0878-150x150.jpg 150w, https:\/\/kfv-mol.de\/Wordpress\/wp-content\/uploads\/2011\/07\/IMG_0878-96x96.jpg 96w, https:\/\/kfv-mol.de\/Wordpress\/wp-content\/uploads\/2011\/07\/IMG_0878-24x24.jpg 24w, https:\/\/kfv-mol.de\/Wordpress\/wp-content\/uploads\/2011\/07\/IMG_0878-36x36.jpg 36w, https:\/\/kfv-mol.de\/Wordpress\/wp-content\/uploads\/2011\/07\/IMG_0878-48x48.jpg 48w, https:\/\/kfv-mol.de\/Wordpress\/wp-content\/uploads\/2011\/07\/IMG_0878-64x64.jpg 64w\" data-sizes=\"(max-width: 150px) 100vw, 150px\" src=\"data:image\/svg+xml;base64,PHN2ZyB3aWR0aD0iMSIgaGVpZ2h0PSIxIiB4bWxucz0iaHR0cDovL3d3dy53My5vcmcvMjAwMC9zdmciPjwvc3ZnPg==\" style=\"--smush-placeholder-width: 150px; --smush-placeholder-aspect-ratio: 150\/150;\" \/><\/a>\n\t\t\t<\/dt><\/dl><br style=\"clear: both\" \/>\n\t\t<\/div>\n\n<p>Trotz dieser Widrigkeiten gab es einen spannenden und fairen Wettkampf zwischen den Feuerwehrsportlerinnen und Sportlern. Schlie\u00dflich ging es um die Vorbereitung und bei den Mannschaftsdisziplinen um die Qualifikation zur Meisterschaft des Landes Brandenburg in Cottbus.<br \/>\nWegen der Platzierung unter den ersten drei Mannschaften bei der Landesmeisterschaft 2009 sind bereits einige Feuerwehren gesetzt. Dar\u00fcber hinaus darf MOL noch jeweils 4 Mannschaften stellen. Diese sind jetzt ermittelt:<\/p>\n<p>L\u00f6schangriff M\u00e4nner:<br \/>\n1. FF Genschmar mit 24,4 s<br \/>\n2. FF Libbenichen mit 24,5 s<br \/>\n3. FF Altranft mit 27,0 s<br \/>\n4. FF Gro\u00df Neuendorf mit 29,3 s<\/p>\n<p>L\u00f6schangriff Frauen:<br \/>\n1. FF Zinndorf mit 31,2 s ( gesetzt )<br \/>\n2. FF Neutrebbin mit 36,3 s<br \/>\n3. FF Trebnitz mit 41,3 s<br \/>\n4. FF Treplin mit 57,4 s<br \/>\n5. FF Buckow ( Abbruch)<\/p>\n<p>Gruppenstafette Frauen:<br \/>\n1. FF Buckow mit 1:33,24 s ( gesetzt )<br \/>\n2. FF Trebnitz mit 1:51,4 s<br \/>\n3. -5. noch offen!<\/p>\n<p>4 x 100 m M\u00e4nner:<br \/>\n1. FF Genschmar I mit 1: 05,7 s ( gesetzt )<br \/>\n2. FF Libbenichen mit 1:05,95 s<br \/>\n3. FF Zinndorf mit 1: 14,56 s<br \/>\n4. FF Genschmar II ( Disqual. )<br \/>\n5. noch offen! <\/p>\n<p>4 x 100 m Frauen:<br \/>\n1. FF Buckow I mit 1:15,73 s ( gesetzt )<br \/>\n2. FF Buckow II mit 1:17,45 s<br \/>\n3. FF Trebnitz mit 1: 23,99 s<br \/>\n4.-5. noch offen!<\/p>\n<p>Die Teilnahme der Einzelk\u00e4mpfer an den Landesmeisterschaften ist ohne Quotierung.<br \/>\nBei den Kreismeisterschaften wurden im Hakenleitersteigen der M\u00e4nner folgende Platzierung erreicht:<\/p>\n<p>1, Krenz,  Alexander FF Bollersdorf mit 16,54 s<br \/>\n2. Engel, Marcel FF Genschmar mit 17,51 s<br \/>\n3. Grunzke, Michael FF Genschmar  mit  20,24 s<br \/>\n4. Berger Maik  FF Genschmar mit 20,88 s<br \/>\n5. Zwick, Sebastian FF Genschmar mit 21,12 s<br \/>\n6. Bittner, Toni FF Genschmar  mit 21,96 s<br \/>\n7. Kerger, Lucas FF Treplin mit  34,66 s<\/p>\n<p>Der Zweikampf der M\u00e4nner ( Hakenleitersteigen und 100 m ) konnte wegen des Ausfalls der 100 m nicht gewertet werden.<\/p>\n<p>Den neugestifteten Pokal des Vorsitzenden des KFV f\u00fcr die beste Frauenmannschaft konnte zum ersten Mal die FF Buckow in Empfang nehmen. Der alte Pokal steht seit 2010 bereits f\u00fcr immer im Ger\u00e4tehaus in Buckow. Den Pokal des Landrates f\u00fcr die beste M\u00e4nnermannschaft errang die FF Genschmar. Die M\u00e4nner aus Genschmar haben 2012 gro\u00dfe Chancen ihn f\u00fcr immer zu behalten. Den Pokal als bester jugendlicher Sportler erhielt Lucas Kerger aus Treplin.<\/p>\n<p>Alle Feuerwehrsportlerinnen und Sportler, die die Pl\u00e4tze 1 &#8211; 3 belegten bekamen Medaillen, Pokale und Urkunden. Die Medaillen in Gold, Silber und Bronze hatten als Symbol f\u00fcr 50 Jahre erfolgreichen Feuerwehrsport in Buckow eine gro\u00dfe 50 aufgepr\u00e4gt. Die Medaillier in Gold erhielten diesmal auch Ehreng\u00e4ste und Unterst\u00fctzer als Dank und Erinnerung.<\/p>\n<p>Anl\u00e4sslich der 50 Jahre erfolgreichen und kontinuierlichen Feuerwehrsport zeichnete der Vorsitzende des KFV vor der eigentlichen Siegerehrung besonders verdiente Sportler, Trainer und Organisatoren der FF Buckow mit der Ehrennadel des KFV aus:<br \/>\n&#8211; in Silber: Diana Ahnert<br \/>\n&#8211; in Gold: Andreas Saekert und Lutz Reincke.<br \/>\nDer Weltmeisterschaftsteilnehmer und Serienkreismeister Alexander Krenz von der FF Bollersdorf ( auch bekannt im Team MOL ) erhielt das Ehrenzeichen des KFV.<\/p>\n<p>Der sehr erfolgreiche langj\u00e4hrige ehemalige Feuerwehrsportler, Ortswehrf\u00fchrer und Vorstandsmitglied im LFV und KFV und noch immer als Trainer und Mitorganisator t\u00e4tige Eberhard Galle aus Buckow konnte f\u00fcr sein &#8220; Lebenswerk&#8220; mit dem Deutschen Feuerwehrehrenkreuz in Gold gew\u00fcrdigt werden. Neben seinen Mitstreitern in all den Jahren aus MOL gratulierten auch der Pr\u00e4sident des LFV Manfred Gerdes und der Vorsitzende des Stadtfeuerwehrverbandes Frankfurt\/Oder Wolfgang Welenga sowie der fr\u00fchere Leiter der Feuerwehr im ehemaligen Bezirk Frankfurt\/Oder Helmut Appel.<\/p>\n<p>Der Vorstand des KFV und der Kreisbrandmeister bedanken sich bei allen Kameradinnen und Kameraden sowie Helfern, die diesen denkw\u00fcrdigen Tag erm\u00f6glicht haben. <\/p>\n<p>Hans-Dieter Kandzia<br \/>\nVorsitzender<br \/>\nKreisfeuerwehrverband MOL e.V.<\/p>\n","protected":false},"excerpt":{"rendered":"<p>Am Sonnabend, dem 02,07.2011 begr\u00fc\u00dften der Ortswehrf\u00fchrer der FF Buckow Andreas Saekert und der Vorsitzende des Kreisfeuerwehrverbandes Hans-Dieter Kandzia die G\u00e4ste und Wettkampfteilnehmer aus 16 Ortsfeuerwehren, die sich in Amts-, Stadt- und Gemeindeausscheiden qualifiziert hatten, bei leider sehr nasskaltem Wetter auf dem Trainingsplatz der FF Buckow in der M\u00e4rkischen Schweiz zu den diesj\u00e4hrigen Meisterschaften im [&hellip;]<\/p>\n","protected":false},"author":1,"featured_media":0,"comment_status":"closed","ping_status":"closed","sticky":false,"template":"","format":"standard","meta":{"footnotes":""},"categories":[4],"tags":[],"class_list":["post-294","post","type-post","status-publish","format-standard","hentry","category-kreisfeuerwehrverband"],"_links":{"self":[{"href":"https:\/\/kfv-mol.de\/Wordpress\/wp-json\/wp\/v2\/posts\/294","targetHints":{"allow":["GET"]}}],"collection":[{"href":"https:\/\/kfv-mol.de\/Wordpress\/wp-json\/wp\/v2\/posts"}],"about":[{"href":"https:\/\/kfv-mol.de\/Wordpress\/wp-json\/wp\/v2\/types\/post"}],"author":[{"embeddable":true,"href":"https:\/\/kfv-mol.de\/Wordpress\/wp-json\/wp\/v2\/users\/1"}],"replies":[{"embeddable":true,"href":"https:\/\/kfv-mol.de\/Wordpress\/wp-json\/wp\/v2\/comments?post=294"}],"version-history":[{"count":0,"href":"https:\/\/kfv-mol.de\/Wordpress\/wp-json\/wp\/v2\/posts\/294\/revisions"}],"wp:attachment":[{"href":"https:\/\/kfv-mol.de\/Wordpress\/wp-json\/wp\/v2\/media?parent=294"}],"wp:term":[{"taxonomy":"category","embeddable":true,"href":"https:\/\/kfv-mol.de\/Wordpress\/wp-json\/wp\/v2\/categories?post=294"},{"taxonomy":"post_tag","embeddable":true,"href":"https:\/\/kfv-mol.de\/Wordpress\/wp-json\/wp\/v2\/tags?post=294"}],"curies":[{"name":"wp","href":"https:\/\/api.w.org\/{rel}","templated":true}]}}