{"id":290,"date":"2011-07-03T11:26:35","date_gmt":"2011-07-03T10:26:35","guid":{"rendered":"http:\/\/www.kfv-mol.de\/Wordpress\/?p=290"},"modified":"2011-07-03T11:26:35","modified_gmt":"2011-07-03T10:26:35","slug":"schulubung-thl-vku-im-ausruckbereich-der-ff-worin-am-25-06-2011","status":"publish","type":"post","link":"https:\/\/kfv-mol.de\/Wordpress\/Artikel\/schulubung-thl-vku-im-ausruckbereich-der-ff-worin-am-25-06-2011\/","title":{"rendered":"Schul\u00fcbung THL-VKU im Ausr\u00fcckbereich der FF Worin am 25.06.2011"},"content":{"rendered":"<p>Im Rahmen ihrer turnusm\u00e4\u00dfigen \u00dcbungen und Weiterbildungen f\u00fchrte die Schwerpunktwehr Worin am Samstag, dem 25.06.2011 auf dem Gel\u00e4nde eines Woriner Landwirtschaftsbe-triebes am Altrosenthaler Weg eine amts\u00fcbergreifende Schul\u00fcbung THL-VKU durch. Die Unterst\u00fctzungswehr Marxdorf sowie die befreundete FF Trebnitz (Stadt M\u00fcncheberg) stellten sich den Ausbildungs\/\u00dcbungszielen unter Leitung des Ortswehrf\u00fchrers Henry Elsner. Unter Verantwortung des Woriner Ortswehrf\u00fchrers Silvio Zehmke wurden folgende Aufgaben und \u00dcbungsziele in Angriff genommen: <\/p>\n<p>-Richtiges Absichern der Einsatzstelle und der Einsatzfahrzeuge<br \/>\n-Akzeptable Aufstellung der Einsatzfahrzeuge am Unfallort<br \/>\n-Einteilung der Einsatzstelle in Abschnitte<br \/>\n-Fahrzeugsicherung der verunfallten Fahrzeuge<br \/>\n-Umgang mit den verletzten und eingeklemmten Personen<br \/>\n-Sichere Handhabung der vorhandenen Rettungsger\u00e4te<br \/>\n-Lernen der richtigen Schneidens mit Schere Weber S 270<br \/>\n-Lernen der richtigen Arbeitsweise mit dem Spreizer SP 60 <\/p>\n<p>An Fahrzeugen kamen zum Einsatz: FF Worin mit dem LF 20.20, FF Marxdorf LF-8 LO Robur, FF Trebnitz TSF-W (500Liter Wasser). Durch die Bereitstellung von 2 Unfallfahrzeugen (PKW) konnten gleichzeitig zwei Teams unabh\u00e4ngig von einander die gestellte Situation abarbeiten. Der eine verunfallte PKW simulierte einen Unfall an einer Hauswand mit eingeklemmter Fahrerin, der andere PKW eine Seitenlage nach \u00dcberschlag im Stra\u00dfengraben und bewusstloser Fahrerin. Die Unfallopfer wurden durch zwei weibliche Mitglieder der Jugendfeuerwehr Worin \u00fcberzeugend dargestellt. So hatte jeder anwesende Kamerad an diesem Samstagvormittag die praktische M\u00f6glichkeit, in Ruhe ohne Hektik die auf den beiden Einsatzfahrzeugen vorhandenen umfangreichen Ger\u00e4tschaften zur Rettung von Unfallopfern selbst auszuprobieren. Nur durch wiederholtes \u00dcben werden sich vor Ort notwendige und vorgeschriebene Abl\u00e4ufe einpr\u00e4gen, damit sie im Ernstfall vor den kritischen Augen der l\u00e4stigen Gaffer bestehen k\u00f6nnen.<\/p>\n<p>Nach dem Absichern der Einsatzstellen mussten die PKW`s gegen Bewegungen fachgerecht gesichert werden, einige Scheiben der PKW`s entfernt werden, die verunfallten Personen mit Decken und Helm gesch\u00fctzt werden. Sehr wichtig-das Beachten von evl. Airbags vor dem Entfernen von T\u00fcren oder Heckklappen, um an die Verunfallten heran zu kommen. Es muss ein gutes Zusammenspiel von Maschinist, dem Angriffstrupp, dem Sicherungstrupp, dem Gruppenf\u00fchrer oder Abschnittsleiter und dem Einsatzleiter vor Ort trainiert werden. Sichtbar bei dieser Schul\u00fcbung aufgetretene normale Probleme und Defizite bei einzelnen Kameraden werden bei der zuk\u00fcnftigen Ausbildung durch die Ausbildungsberechtigten Kameraden in den Wehren aufgearbeitet. <\/p>\n<p><a href=\"https:\/\/kfv-mol.de\/Wordpress\/wp-content\/uploads\/2011\/07\/k-012-\u00dcbung-THL-Worin.jpg\"><img decoding=\"async\" data-src=\"https:\/\/kfv-mol.de\/Wordpress\/wp-content\/uploads\/2011\/07\/k-012-\u00dcbung-THL-Worin-300x225.jpg\" alt=\"\" title=\"k-012 \u00dcbung THL Worin\" width=\"300\" height=\"225\" class=\"aligncenter size-medium wp-image-291 lazyload\" data-srcset=\"https:\/\/kfv-mol.de\/Wordpress\/wp-content\/uploads\/2011\/07\/k-012-\u00dcbung-THL-Worin-300x225.jpg 300w, https:\/\/kfv-mol.de\/Wordpress\/wp-content\/uploads\/2011\/07\/k-012-\u00dcbung-THL-Worin.jpg 800w\" data-sizes=\"(max-width: 300px) 100vw, 300px\" src=\"data:image\/svg+xml;base64,PHN2ZyB3aWR0aD0iMSIgaGVpZ2h0PSIxIiB4bWxucz0iaHR0cDovL3d3dy53My5vcmcvMjAwMC9zdmciPjwvc3ZnPg==\" style=\"--smush-placeholder-width: 300px; --smush-placeholder-aspect-ratio: 300\/225;\" \/><\/a><\/p>\n<p>Unter den kritischen Augen des sich st\u00e4ndig Notizen machenden Amtswehrf\u00fchrers Uwe Sch\u00fcler, konnten die Unfallopfer relativ schnell und schonend aus den PKW geschnitten werden und mittels der Krankentrage an den fiktiven Rettungsdienst \u00fcbergeben werden. Durch den sehr unterschiedlichen Ausbildung\/Erfahrungsstand, den zum Teil praktischen Erfahrungen von vergangenen Eins\u00e4tzen und der notwendigen Zusammenarbeit von Teams aus mehreren Wehren oder Amtsbereichen macht sich in Zukunft die jetzt praktizierte amts\u00fcbergreifende praktische Ausbildung zwingend notwendig. Denn gerade im Bereich technische Hilfeleistung, z.B. beim VKU, nehmen die Einsatzzahlen und die objektiven Anforderungen an die Einsatzteams zu. In der gemeinsamen Auswertung der Schul\u00fcbung vorm Ger\u00e4tehaus der FF Worin dankte der Amtswehrf\u00fchrer den anwesenden Teams f\u00fcr ihren Einsatz und die Disziplin, nicht ohne Vorank\u00fcndigung weiterer notwendiger Schul\u00fcbungen im zweiten Halbjahr 2011. <\/p>\n<p>iA. Bm Lutz Bergmann    Alle Fotos: Lutz Bergmann <\/p>\n","protected":false},"excerpt":{"rendered":"<p>Im Rahmen ihrer turnusm\u00e4\u00dfigen \u00dcbungen und Weiterbildungen f\u00fchrte die Schwerpunktwehr Worin am Samstag, dem 25.06.2011 auf dem Gel\u00e4nde eines Woriner Landwirtschaftsbe-triebes am Altrosenthaler Weg eine amts\u00fcbergreifende Schul\u00fcbung THL-VKU durch. Die Unterst\u00fctzungswehr Marxdorf sowie die befreundete FF Trebnitz (Stadt M\u00fcncheberg) stellten sich den Ausbildungs\/\u00dcbungszielen unter Leitung des Ortswehrf\u00fchrers Henry Elsner. Unter Verantwortung des Woriner Ortswehrf\u00fchrers Silvio [&hellip;]<\/p>\n","protected":false},"author":1,"featured_media":0,"comment_status":"closed","ping_status":"closed","sticky":false,"template":"","format":"standard","meta":{"footnotes":""},"categories":[4],"tags":[],"class_list":["post-290","post","type-post","status-publish","format-standard","hentry","category-kreisfeuerwehrverband"],"_links":{"self":[{"href":"https:\/\/kfv-mol.de\/Wordpress\/wp-json\/wp\/v2\/posts\/290","targetHints":{"allow":["GET"]}}],"collection":[{"href":"https:\/\/kfv-mol.de\/Wordpress\/wp-json\/wp\/v2\/posts"}],"about":[{"href":"https:\/\/kfv-mol.de\/Wordpress\/wp-json\/wp\/v2\/types\/post"}],"author":[{"embeddable":true,"href":"https:\/\/kfv-mol.de\/Wordpress\/wp-json\/wp\/v2\/users\/1"}],"replies":[{"embeddable":true,"href":"https:\/\/kfv-mol.de\/Wordpress\/wp-json\/wp\/v2\/comments?post=290"}],"version-history":[{"count":0,"href":"https:\/\/kfv-mol.de\/Wordpress\/wp-json\/wp\/v2\/posts\/290\/revisions"}],"wp:attachment":[{"href":"https:\/\/kfv-mol.de\/Wordpress\/wp-json\/wp\/v2\/media?parent=290"}],"wp:term":[{"taxonomy":"category","embeddable":true,"href":"https:\/\/kfv-mol.de\/Wordpress\/wp-json\/wp\/v2\/categories?post=290"},{"taxonomy":"post_tag","embeddable":true,"href":"https:\/\/kfv-mol.de\/Wordpress\/wp-json\/wp\/v2\/tags?post=290"}],"curies":[{"name":"wp","href":"https:\/\/api.w.org\/{rel}","templated":true}]}}