{"id":288,"date":"2011-06-28T20:05:28","date_gmt":"2011-06-28T19:05:28","guid":{"rendered":"http:\/\/www.kfv-mol.de\/Wordpress\/?p=288"},"modified":"2011-06-28T20:05:28","modified_gmt":"2011-06-28T19:05:28","slug":"kreismeisterschaften-im-feuerwehrsport-am-02-07-2011-in-buckow","status":"publish","type":"post","link":"https:\/\/kfv-mol.de\/Wordpress\/Artikel\/kreismeisterschaften-im-feuerwehrsport-am-02-07-2011-in-buckow\/","title":{"rendered":"Kreismeisterschaften im Feuerwehrsport am 02.07.2011 in Buckow"},"content":{"rendered":"<p>Am Sonnabend, dem 02.07.2011 findet in der M\u00e4rkischen Schweiz in Buckow auf dem Trainingsplatz am Wasserwerk, an der Bahnlinie Buckow &#8211; Waldsieversdorf. Anfahrt \u00fcber W.-Pieck &#8211; Str. in Waldsieversdorf ab 08.00 Uhrdie diesj\u00e4hrige Kreismeisterschaft M\u00e4rkisch &#8211; Oderland im Feuerwehrsport statt.<br \/>\nDie Veranstaltung steht unter dem Motto &#8220; 50 Jahre Feuerwehrsport in Buckow&#8220;. Bereits 20 mal fanden die Kreismeisterschaften Strausberg bzw. M\u00e4rkisch -Oderland bereits in Buckow statt.<br \/>\nDie erstplatzierten Sportler und Mannschaften qualifizieren sich zur Teilnahme an den diesj\u00e4hrigen Landesmeisterschaften, die beste Frauen- und M\u00e4nnermannschaft k\u00e4mpft um den Pokal des Landrates bzw. des Vorsitzenden des KFV.<br \/>\nTeilnehmer sind u.a. Mannschaften und Einzelstarter der deutschen Spitzenklasse. So wird bereits gegen 08:30 Uhr der amtierende Deutsche Meister in der Gruppenstafette, die Buckower Frauen, an den Start gehen.<br \/>\nAuch das Duell im 100 m Hindernislauf, zwischen dem Altmeister und Mitglied der Deutschen Feuerwehrsport- Nationalmannschaft Alexander Krenz aus Bollersdorf und dem Landesmeister in dieser Disziplin, Maik Berger aus Genschmar verspricht ausgezeichneten Sport.<br \/>\nMit gr\u00f6\u00dfter Spannung und v\u00f6llig offen wird auch die sogenannte K\u00f6nigsdisziplin des Feuerwehrsportes, der &#8222;L\u00f6schangriff der M\u00e4nner&#8220;, erwartet.<\/p>\n<p>Das der Feuerwehrsport in unserer Region eine sehr lange Tradition hat, zeigt, dass bereits im Juni 1961 erstmalig eine Buckower Mannschaft bei Feuerwehrsportwettbewerben startete und ca. 105 M\u00e4nner und Frauen in den vergangenen 50 Jahren Buckow vertraten und eine lange Erfolgsspur legten.<br \/>\nDer KFV ruft, bei den Feuerwehrangeh\u00f6rigen unter Beachtung der Einsatzbereitschaft in den Heimatorten, alle feuerwehrsportbegeisterten Zuschauer zum Anfeuern auf.<br \/>\nHans-Dieter Kandzia<br \/>\nVorsitzender<br \/>\nKreisfeuerwehrverband MOL e.V.<\/p>\n","protected":false},"excerpt":{"rendered":"<p>Am Sonnabend, dem 02.07.2011 findet in der M\u00e4rkischen Schweiz in Buckow auf dem Trainingsplatz am Wasserwerk, an der Bahnlinie Buckow &#8211; Waldsieversdorf. Anfahrt \u00fcber W.-Pieck &#8211; Str. in Waldsieversdorf ab 08.00 Uhrdie diesj\u00e4hrige Kreismeisterschaft M\u00e4rkisch &#8211; Oderland im Feuerwehrsport statt. Die Veranstaltung steht unter dem Motto &#8220; 50 Jahre Feuerwehrsport in Buckow&#8220;. Bereits 20 mal [&hellip;]<\/p>\n","protected":false},"author":1,"featured_media":0,"comment_status":"closed","ping_status":"closed","sticky":false,"template":"","format":"standard","meta":{"footnotes":""},"categories":[4,5],"tags":[],"class_list":["post-288","post","type-post","status-publish","format-standard","hentry","category-kreisfeuerwehrverband","category-kreisjugendfeuerwehr"],"_links":{"self":[{"href":"https:\/\/kfv-mol.de\/Wordpress\/wp-json\/wp\/v2\/posts\/288","targetHints":{"allow":["GET"]}}],"collection":[{"href":"https:\/\/kfv-mol.de\/Wordpress\/wp-json\/wp\/v2\/posts"}],"about":[{"href":"https:\/\/kfv-mol.de\/Wordpress\/wp-json\/wp\/v2\/types\/post"}],"author":[{"embeddable":true,"href":"https:\/\/kfv-mol.de\/Wordpress\/wp-json\/wp\/v2\/users\/1"}],"replies":[{"embeddable":true,"href":"https:\/\/kfv-mol.de\/Wordpress\/wp-json\/wp\/v2\/comments?post=288"}],"version-history":[{"count":0,"href":"https:\/\/kfv-mol.de\/Wordpress\/wp-json\/wp\/v2\/posts\/288\/revisions"}],"wp:attachment":[{"href":"https:\/\/kfv-mol.de\/Wordpress\/wp-json\/wp\/v2\/media?parent=288"}],"wp:term":[{"taxonomy":"category","embeddable":true,"href":"https:\/\/kfv-mol.de\/Wordpress\/wp-json\/wp\/v2\/categories?post=288"},{"taxonomy":"post_tag","embeddable":true,"href":"https:\/\/kfv-mol.de\/Wordpress\/wp-json\/wp\/v2\/tags?post=288"}],"curies":[{"name":"wp","href":"https:\/\/api.w.org\/{rel}","templated":true}]}}