{"id":283,"date":"2011-06-25T11:37:56","date_gmt":"2011-06-25T10:37:56","guid":{"rendered":"http:\/\/www.kfv-mol.de\/Wordpress\/?p=283"},"modified":"2011-06-25T11:37:56","modified_gmt":"2011-06-25T10:37:56","slug":"bereichsmeisterschaften-des-verbandsbereiches-strausberg","status":"publish","type":"post","link":"https:\/\/kfv-mol.de\/Wordpress\/Artikel\/bereichsmeisterschaften-des-verbandsbereiches-strausberg\/","title":{"rendered":"Bereichsmeisterschaften des Verbandsbereiches Strausberg"},"content":{"rendered":"<p>Am Samstag, den 18.06.2011, trugen die Jugendfeuerwehren aus dem Verbandsbereich Strausberg ihre Bereichsmeisterschaften auf dem Sportplatz in Trebnitz aus. Die kreisjugendfeuerwehr M\u00e4rkisch-Oderland teilt sich in die 3 Verbandsbereiche Strausberg, Seelow und Bad Freienwalde. Jeder der Verb\u00e4nde richtet eine Verbandsmeisterschaft aus und bietet damit die M\u00f6glichlkeit, sich f\u00fcr die am 24.09.2011 in Neuhardenberg stattfindenden Kreismeisterschaften der Jugendfeuerwehren zu qualifizieren.<\/p>\n<p>&nbsp;<\/p>\n<p>Der Bereichsjugendwart, Detlef Kowaltschuk, der Kreisjugendwart, Matin Zohles und der Leiter Wettbewerbe der KJF MOL, Thomas Jahrmatter, freuten sich in Trebnitz bei M\u00fcncheberg 9 Mannschaften der Altersklasse 10 \u2013 14 m\u00e4nnlich begr\u00fc\u00dfen zu d\u00fcrfen. Die Jugendfeuerwehren bilden den Nachwuchs f\u00fcr die aktive Wehr und bilden daher einen wichtigen Bestandteil der Feuerwehren, bescheinigte der stellv. Stadtwehrf\u00fcher von M\u00fcncheberg, Herr Andre Strehmann, in seiner Er\u00f6ffnungsrede.<\/p>\n<p>&nbsp;<\/p>\n<p>Die 9 Mannschaften hatten die M\u00f6glichkeit in den 3 erforderlichen Disziplinen ihre Teamleistungen zu messen und in den Einzelwertungen gute Platzierungen zu erlangen um in der Gesamtwertung einen Rang in den oberen Reihen zu ergattern. So wurde aus den Disziplinen 5&#215;80 Meter Hindernisbahn, Gruppenstaffette und der K\u00f6nigsdisziplin L\u00f6schangriff Nass die Gesamtwertung ermittelt.<\/p>\n<p>&nbsp;<\/p>\n<p>Nach dem letzten Lauf im L\u00f6schangriff gegen 14:30 Uhr standen dann die Ergebnisse fest und bei der Siegerehrung konnte den Mannschaften M\u00fcncheberg 2 (3.Platz), Trebnitz-Jahnsfelde (2. Platz) und Rehfelde (1. Platz) die direkte Qualifikation zur Kreismeisterschaft verk\u00fcndet werden. Ein gro\u00dfes Dankesch\u00f6n gab es w\u00e4hrend dieser auch an die Kameraden der Freiwilligen Feuerwehr Trebnitz f\u00fcr die hervorragende Vorbereitung des Wettkampfplatzes und den Einsatz des Arbeitskommandos w\u00e4hrend der Meisterschaften.<\/p>\n<p>&nbsp;<\/p>\n<p>Gerne w\u00fcrden die Kreisjugendleitung im n\u00e4chsten Jahr wieder Jugendmannschaften in allen Altersklassen begr\u00fc\u00dfen und bat daher die Mannschaften auch die Werbetrommel bei den anderen Jugendfeuerwehren des Verbandsbereiches zu r\u00fchren.<\/p>\n<p>&nbsp;<\/p>\n<p><strong>Platzierungen<\/strong><\/p>\n<p><strong> <\/strong><\/p>\n<ol>\n<li>Platz\u00a0\u00a0\u00a0\u00a0\u00a0 Rehfelde<\/li>\n<li>Platz\u00a0\u00a0\u00a0\u00a0\u00a0 Trebnitz-Jahnsfelde<\/li>\n<li>M\u00fcncheberg 2<\/li>\n<li>M\u00fcncheberg 1<\/li>\n<li>Gielsdorf<\/li>\n<li>Bruchm\u00fchle<\/li>\n<li>Wegendorf<\/li>\n<li>M\u00fcncheberg 3<\/li>\n<li>Altlandsberg<\/li>\n<\/ol>\n<p>&nbsp;<\/p>\n<p>Martin Zohles<\/p>\n<p>Kreisjugendfeuerwehrwart<\/p>\n","protected":false},"excerpt":{"rendered":"<p>Am Samstag, den 18.06.2011, trugen die Jugendfeuerwehren aus dem Verbandsbereich Strausberg ihre Bereichsmeisterschaften auf dem Sportplatz in Trebnitz aus. Die kreisjugendfeuerwehr M\u00e4rkisch-Oderland teilt sich in die 3 Verbandsbereiche Strausberg, Seelow und Bad Freienwalde. Jeder der Verb\u00e4nde richtet eine Verbandsmeisterschaft aus und bietet damit die M\u00f6glichlkeit, sich f\u00fcr die am 24.09.2011 in Neuhardenberg stattfindenden Kreismeisterschaften der [&hellip;]<\/p>\n","protected":false},"author":1,"featured_media":0,"comment_status":"closed","ping_status":"closed","sticky":false,"template":"","format":"standard","meta":{"footnotes":""},"categories":[5],"tags":[],"class_list":["post-283","post","type-post","status-publish","format-standard","hentry","category-kreisjugendfeuerwehr"],"_links":{"self":[{"href":"https:\/\/kfv-mol.de\/Wordpress\/wp-json\/wp\/v2\/posts\/283","targetHints":{"allow":["GET"]}}],"collection":[{"href":"https:\/\/kfv-mol.de\/Wordpress\/wp-json\/wp\/v2\/posts"}],"about":[{"href":"https:\/\/kfv-mol.de\/Wordpress\/wp-json\/wp\/v2\/types\/post"}],"author":[{"embeddable":true,"href":"https:\/\/kfv-mol.de\/Wordpress\/wp-json\/wp\/v2\/users\/1"}],"replies":[{"embeddable":true,"href":"https:\/\/kfv-mol.de\/Wordpress\/wp-json\/wp\/v2\/comments?post=283"}],"version-history":[{"count":0,"href":"https:\/\/kfv-mol.de\/Wordpress\/wp-json\/wp\/v2\/posts\/283\/revisions"}],"wp:attachment":[{"href":"https:\/\/kfv-mol.de\/Wordpress\/wp-json\/wp\/v2\/media?parent=283"}],"wp:term":[{"taxonomy":"category","embeddable":true,"href":"https:\/\/kfv-mol.de\/Wordpress\/wp-json\/wp\/v2\/categories?post=283"},{"taxonomy":"post_tag","embeddable":true,"href":"https:\/\/kfv-mol.de\/Wordpress\/wp-json\/wp\/v2\/tags?post=283"}],"curies":[{"name":"wp","href":"https:\/\/api.w.org\/{rel}","templated":true}]}}