{"id":270,"date":"2011-06-22T17:08:32","date_gmt":"2011-06-22T16:08:32","guid":{"rendered":"http:\/\/www.kfv-mol.de\/Wordpress\/?p=270"},"modified":"2011-06-22T17:08:32","modified_gmt":"2011-06-22T16:08:32","slug":"7-kreisfeuerwehrtag-des-landkreises-mol-anlaslich-des-110-grundungsjahres-der-ff-neuenhagen-bei-berlin","status":"publish","type":"post","link":"https:\/\/kfv-mol.de\/Wordpress\/Artikel\/7-kreisfeuerwehrtag-des-landkreises-mol-anlaslich-des-110-grundungsjahres-der-ff-neuenhagen-bei-berlin\/","title":{"rendered":"7. Kreisfeuerwehrtag des Landkreises MOL anl\u00e4\u00dflich des 110. Gr\u00fcndungsjahres der FF Neuenhagen bei Berlin"},"content":{"rendered":"<p>Am 18. Juni feierte die FF Neuenhagen mit\u00a0mehreren Hundert Besuchern den 110. Geburtstag ihrer Freiwilligen Feuerwehr rund um das\u00a0moderne Feuerwehr &#8211; Ger\u00e4tehaus in der Gemeinde Neuenhagen bei Berlin. Gleichzeitig fand der 7. Kreisfeuerwehrtag von M\u00e4rkisch-Oderland statt.<\/p>\n<p>&nbsp;<\/p>\n<p>Als Ehreng\u00e4ste konnten der Gemeindewehrf\u00fchrer Kai-Uwe Klopsch und der Vorsitzende des Kreisfeuerwehrverbandes Hans-Dieter Kandzia den B\u00fcrgermeister der Gemeinde J\u00fcrgen Henze, den Landrat Gernot Schmidt, den Landesbranddirektor Norbert Zoschke, den Vizepr\u00e4sidenten des Landesfeuerwehrverbandes Bernd Falkenthal, den Landesjugendfeuerwehrwart Andre&#8216; Ragohs und den Kreisbrandmeister Willi Rossow begr\u00fc\u00dfen.<\/p>\n<p>&nbsp;<\/p>\n<p>Auch das Ehrenmitglied der FF Neuenhagen, die bekannte S\u00e4ngerin Dagmar Frederic kam auf einen kurzen Besuch vorbei.<\/p>\n<p>&nbsp;<\/p>\n<p>Zehn Feuerwehren des Landkreises zeigten historische und moderne Feuerwehrtechnik. Die FF Neuenhagen\u00a0f\u00fchrten L\u00f6schtechniken von anno dunnemals bis heute vor und zeigten auch moderne Rettungstechniken. Die Jugendfeuerwehr hatte ihren eigenen Stand zur Brandschutzerziehung.\u00a0Der KFV hatte Informationsst\u00e4nde \u00fcber die Verbandsaktivit\u00e4ten 2010, \u00fcber die Aktivit\u00e4ten der Alters- und Ehrenabteilung und \u00fcber das im\u00a0nationalen und internationalen Ma\u00dfstab sehr erfolgreiche Feuerwehrsportler-Team MOL.<\/p>\n<p>Auch die im Geb\u00e4udekomplex der Feuerwehr benachbart untergebrachte neue Rettungsdienstwache \u00f6ffnete ihre Tore, die Polizei codierte Fahrr\u00e4der und demonstrierte die Wirkungen des Sicherheitsgurtes.<\/p>\n\n\t\t<style type=\"text\/css\">\n\t\t\t#gallery-1 {\n\t\t\t\tmargin: auto;\n\t\t\t}\n\t\t\t#gallery-1 .gallery-item {\n\t\t\t\tfloat: left;\n\t\t\t\tmargin-top: 10px;\n\t\t\t\ttext-align: center;\n\t\t\t\twidth: 25%;\n\t\t\t}\n\t\t\t#gallery-1 img {\n\t\t\t\tborder: 2px solid #cfcfcf;\n\t\t\t}\n\t\t\t#gallery-1 .gallery-caption {\n\t\t\t\tmargin-left: 0;\n\t\t\t}\n\t\t\t\/* see gallery_shortcode() in wp-includes\/media.php *\/\n\t\t<\/style>\n\t\t<div id='gallery-1' class='gallery galleryid-270 gallery-columns-4 gallery-size-thumbnail'><dl class='gallery-item'>\n\t\t\t<dt class='gallery-icon landscape'>\n\t\t\t\t<a href='https:\/\/kfv-mol.de\/Wordpress\/wp-content\/uploads\/2011\/06\/DIe-Darsteller-der-L\u00f6schversuche-aus-mehreren-Epochen.jpg'><img decoding=\"async\" width=\"150\" height=\"150\" data-src=\"https:\/\/kfv-mol.de\/Wordpress\/wp-content\/uploads\/2011\/06\/DIe-Darsteller-der-L\u00f6schversuche-aus-mehreren-Epochen-150x150.jpg\" class=\"attachment-thumbnail size-thumbnail lazyload\" alt=\"\" src=\"data:image\/svg+xml;base64,PHN2ZyB3aWR0aD0iMSIgaGVpZ2h0PSIxIiB4bWxucz0iaHR0cDovL3d3dy53My5vcmcvMjAwMC9zdmciPjwvc3ZnPg==\" style=\"--smush-placeholder-width: 150px; --smush-placeholder-aspect-ratio: 150\/150;\" \/><\/a>\n\t\t\t<\/dt><\/dl><dl class='gallery-item'>\n\t\t\t<dt class='gallery-icon landscape'>\n\t\t\t\t<a href='https:\/\/kfv-mol.de\/Wordpress\/wp-content\/uploads\/2011\/06\/LF-von-1928.jpg'><img decoding=\"async\" width=\"150\" height=\"150\" data-src=\"https:\/\/kfv-mol.de\/Wordpress\/wp-content\/uploads\/2011\/06\/LF-von-1928-150x150.jpg\" class=\"attachment-thumbnail size-thumbnail lazyload\" alt=\"\" src=\"data:image\/svg+xml;base64,PHN2ZyB3aWR0aD0iMSIgaGVpZ2h0PSIxIiB4bWxucz0iaHR0cDovL3d3dy53My5vcmcvMjAwMC9zdmciPjwvc3ZnPg==\" style=\"--smush-placeholder-width: 150px; --smush-placeholder-aspect-ratio: 150\/150;\" \/><\/a>\n\t\t\t<\/dt><\/dl><dl class='gallery-item'>\n\t\t\t<dt class='gallery-icon landscape'>\n\t\t\t\t<a href='https:\/\/kfv-mol.de\/Wordpress\/wp-content\/uploads\/2011\/06\/Die-Rettungswache.jpg'><img decoding=\"async\" width=\"150\" height=\"150\" data-src=\"https:\/\/kfv-mol.de\/Wordpress\/wp-content\/uploads\/2011\/06\/Die-Rettungswache-150x150.jpg\" class=\"attachment-thumbnail size-thumbnail lazyload\" alt=\"\" src=\"data:image\/svg+xml;base64,PHN2ZyB3aWR0aD0iMSIgaGVpZ2h0PSIxIiB4bWxucz0iaHR0cDovL3d3dy53My5vcmcvMjAwMC9zdmciPjwvc3ZnPg==\" style=\"--smush-placeholder-width: 150px; --smush-placeholder-aspect-ratio: 150\/150;\" \/><\/a>\n\t\t\t<\/dt><\/dl><dl class='gallery-item'>\n\t\t\t<dt class='gallery-icon landscape'>\n\t\t\t\t<a href='https:\/\/kfv-mol.de\/Wordpress\/wp-content\/uploads\/2011\/06\/Tanzgruppe.jpg'><img decoding=\"async\" width=\"150\" height=\"150\" data-src=\"https:\/\/kfv-mol.de\/Wordpress\/wp-content\/uploads\/2011\/06\/Tanzgruppe-150x150.jpg\" class=\"attachment-thumbnail size-thumbnail lazyload\" alt=\"\" src=\"data:image\/svg+xml;base64,PHN2ZyB3aWR0aD0iMSIgaGVpZ2h0PSIxIiB4bWxucz0iaHR0cDovL3d3dy53My5vcmcvMjAwMC9zdmciPjwvc3ZnPg==\" style=\"--smush-placeholder-width: 150px; --smush-placeholder-aspect-ratio: 150\/150;\" \/><\/a>\n\t\t\t<\/dt><\/dl><br style=\"clear: both\" \/><dl class='gallery-item'>\n\t\t\t<dt class='gallery-icon landscape'>\n\t\t\t\t<a href='https:\/\/kfv-mol.de\/Wordpress\/wp-content\/uploads\/2011\/06\/Die-Kameraden-bei-der-Begr\u00fc\u00dfung.jpg'><img decoding=\"async\" width=\"150\" height=\"150\" data-src=\"https:\/\/kfv-mol.de\/Wordpress\/wp-content\/uploads\/2011\/06\/Die-Kameraden-bei-der-Begr\u00fc\u00dfung-150x150.jpg\" class=\"attachment-thumbnail size-thumbnail lazyload\" alt=\"\" src=\"data:image\/svg+xml;base64,PHN2ZyB3aWR0aD0iMSIgaGVpZ2h0PSIxIiB4bWxucz0iaHR0cDovL3d3dy53My5vcmcvMjAwMC9zdmciPjwvc3ZnPg==\" style=\"--smush-placeholder-width: 150px; --smush-placeholder-aspect-ratio: 150\/150;\" \/><\/a>\n\t\t\t<\/dt><\/dl><dl class='gallery-item'>\n\t\t\t<dt class='gallery-icon landscape'>\n\t\t\t\t<a href='https:\/\/kfv-mol.de\/Wordpress\/wp-content\/uploads\/2011\/06\/Der-KFV-Vorsitzende-mit-den-Ehreng\u00e4sten.jpg'><img decoding=\"async\" width=\"150\" height=\"150\" data-src=\"https:\/\/kfv-mol.de\/Wordpress\/wp-content\/uploads\/2011\/06\/Der-KFV-Vorsitzende-mit-den-Ehreng\u00e4sten-150x150.jpg\" class=\"attachment-thumbnail size-thumbnail lazyload\" alt=\"\" src=\"data:image\/svg+xml;base64,PHN2ZyB3aWR0aD0iMSIgaGVpZ2h0PSIxIiB4bWxucz0iaHR0cDovL3d3dy53My5vcmcvMjAwMC9zdmciPjwvc3ZnPg==\" style=\"--smush-placeholder-width: 150px; --smush-placeholder-aspect-ratio: 150\/150;\" \/><\/a>\n\t\t\t<\/dt><\/dl><dl class='gallery-item'>\n\t\t\t<dt class='gallery-icon landscape'>\n\t\t\t\t<a href='https:\/\/kfv-mol.de\/Wordpress\/wp-content\/uploads\/2011\/06\/Kamerad-Klopsch-mit-Dagmar-Frederic.jpg'><img decoding=\"async\" width=\"150\" height=\"150\" data-src=\"https:\/\/kfv-mol.de\/Wordpress\/wp-content\/uploads\/2011\/06\/Kamerad-Klopsch-mit-Dagmar-Frederic-150x150.jpg\" class=\"attachment-thumbnail size-thumbnail lazyload\" alt=\"\" src=\"data:image\/svg+xml;base64,PHN2ZyB3aWR0aD0iMSIgaGVpZ2h0PSIxIiB4bWxucz0iaHR0cDovL3d3dy53My5vcmcvMjAwMC9zdmciPjwvc3ZnPg==\" style=\"--smush-placeholder-width: 150px; --smush-placeholder-aspect-ratio: 150\/150;\" \/><\/a>\n\t\t\t<\/dt><\/dl><dl class='gallery-item'>\n\t\t\t<dt class='gallery-icon landscape'>\n\t\t\t\t<a href='https:\/\/kfv-mol.de\/Wordpress\/wp-content\/uploads\/2011\/06\/Der-Gemeindewehrf\u00fchrer-bei-seiner-Ansprache.jpg'><img decoding=\"async\" width=\"150\" height=\"150\" data-src=\"https:\/\/kfv-mol.de\/Wordpress\/wp-content\/uploads\/2011\/06\/Der-Gemeindewehrf\u00fchrer-bei-seiner-Ansprache-150x150.jpg\" class=\"attachment-thumbnail size-thumbnail lazyload\" alt=\"\" src=\"data:image\/svg+xml;base64,PHN2ZyB3aWR0aD0iMSIgaGVpZ2h0PSIxIiB4bWxucz0iaHR0cDovL3d3dy53My5vcmcvMjAwMC9zdmciPjwvc3ZnPg==\" style=\"--smush-placeholder-width: 150px; --smush-placeholder-aspect-ratio: 150\/150;\" \/><\/a>\n\t\t\t<\/dt><\/dl><br style=\"clear: both\" \/><dl class='gallery-item'>\n\t\t\t<dt class='gallery-icon landscape'>\n\t\t\t\t<a href='https:\/\/kfv-mol.de\/Wordpress\/wp-content\/uploads\/2011\/06\/Vorf\u00fchrung-Retten.jpg'><img decoding=\"async\" width=\"150\" height=\"150\" data-src=\"https:\/\/kfv-mol.de\/Wordpress\/wp-content\/uploads\/2011\/06\/Vorf\u00fchrung-Retten-150x150.jpg\" class=\"attachment-thumbnail size-thumbnail lazyload\" alt=\"\" src=\"data:image\/svg+xml;base64,PHN2ZyB3aWR0aD0iMSIgaGVpZ2h0PSIxIiB4bWxucz0iaHR0cDovL3d3dy53My5vcmcvMjAwMC9zdmciPjwvc3ZnPg==\" style=\"--smush-placeholder-width: 150px; --smush-placeholder-aspect-ratio: 150\/150;\" \/><\/a>\n\t\t\t<\/dt><\/dl><dl class='gallery-item'>\n\t\t\t<dt class='gallery-icon landscape'>\n\t\t\t\t<a href='https:\/\/kfv-mol.de\/Wordpress\/wp-content\/uploads\/2011\/06\/Die-Technikschau.jpg'><img decoding=\"async\" width=\"150\" height=\"150\" data-src=\"https:\/\/kfv-mol.de\/Wordpress\/wp-content\/uploads\/2011\/06\/Die-Technikschau-150x150.jpg\" class=\"attachment-thumbnail size-thumbnail lazyload\" alt=\"\" src=\"data:image\/svg+xml;base64,PHN2ZyB3aWR0aD0iMSIgaGVpZ2h0PSIxIiB4bWxucz0iaHR0cDovL3d3dy53My5vcmcvMjAwMC9zdmciPjwvc3ZnPg==\" style=\"--smush-placeholder-width: 150px; --smush-placeholder-aspect-ratio: 150\/150;\" \/><\/a>\n\t\t\t<\/dt><\/dl>\n\t\t\t<br style='clear: both' \/>\n\t\t<\/div>\n\n<p>Nat\u00fcrlich gab es auch kulturelle H\u00f6hepunkte und kulinarische Gen\u00fcsse aus der Gulaschkanone und vom Grill.<\/p>\n<p>&nbsp;<\/p>\n<p>Hans-Dieter Kandzia<br \/>\nVorsitzender<br \/>\nKreisfeuerwehrverband MOL e.V.<\/p>\n","protected":false},"excerpt":{"rendered":"<p>Am 18. Juni feierte die FF Neuenhagen mit\u00a0mehreren Hundert Besuchern den 110. Geburtstag ihrer Freiwilligen Feuerwehr rund um das\u00a0moderne Feuerwehr &#8211; Ger\u00e4tehaus in der Gemeinde Neuenhagen bei Berlin. Gleichzeitig fand der 7. Kreisfeuerwehrtag von M\u00e4rkisch-Oderland statt. &nbsp; Als Ehreng\u00e4ste konnten der Gemeindewehrf\u00fchrer Kai-Uwe Klopsch und der Vorsitzende des Kreisfeuerwehrverbandes Hans-Dieter Kandzia den B\u00fcrgermeister der Gemeinde [&hellip;]<\/p>\n","protected":false},"author":1,"featured_media":0,"comment_status":"closed","ping_status":"closed","sticky":false,"template":"","format":"standard","meta":{"footnotes":""},"categories":[4,5],"tags":[],"class_list":["post-270","post","type-post","status-publish","format-standard","hentry","category-kreisfeuerwehrverband","category-kreisjugendfeuerwehr"],"_links":{"self":[{"href":"https:\/\/kfv-mol.de\/Wordpress\/wp-json\/wp\/v2\/posts\/270","targetHints":{"allow":["GET"]}}],"collection":[{"href":"https:\/\/kfv-mol.de\/Wordpress\/wp-json\/wp\/v2\/posts"}],"about":[{"href":"https:\/\/kfv-mol.de\/Wordpress\/wp-json\/wp\/v2\/types\/post"}],"author":[{"embeddable":true,"href":"https:\/\/kfv-mol.de\/Wordpress\/wp-json\/wp\/v2\/users\/1"}],"replies":[{"embeddable":true,"href":"https:\/\/kfv-mol.de\/Wordpress\/wp-json\/wp\/v2\/comments?post=270"}],"version-history":[{"count":0,"href":"https:\/\/kfv-mol.de\/Wordpress\/wp-json\/wp\/v2\/posts\/270\/revisions"}],"wp:attachment":[{"href":"https:\/\/kfv-mol.de\/Wordpress\/wp-json\/wp\/v2\/media?parent=270"}],"wp:term":[{"taxonomy":"category","embeddable":true,"href":"https:\/\/kfv-mol.de\/Wordpress\/wp-json\/wp\/v2\/categories?post=270"},{"taxonomy":"post_tag","embeddable":true,"href":"https:\/\/kfv-mol.de\/Wordpress\/wp-json\/wp\/v2\/tags?post=270"}],"curies":[{"name":"wp","href":"https:\/\/api.w.org\/{rel}","templated":true}]}}