{"id":253,"date":"2011-06-22T17:00:42","date_gmt":"2011-06-22T16:00:42","guid":{"rendered":"http:\/\/www.kfv-mol.de\/Wordpress\/?p=253"},"modified":"2011-06-22T17:03:04","modified_gmt":"2011-06-22T16:03:04","slug":"100-jahre-feuerwehr-alt-mahlisch-und-feuerwehr-jugendausscheid","status":"publish","type":"post","link":"https:\/\/kfv-mol.de\/Wordpress\/Artikel\/100-jahre-feuerwehr-alt-mahlisch-und-feuerwehr-jugendausscheid\/","title":{"rendered":"100 Jahre Feuerwehr Alt Mahlisch und Feuerwehr Jugendausscheid"},"content":{"rendered":"<p>In diesem Jahr feierte die Gemeinde Fichtenh\u00f6he ihr Dorffest im Ortsteil Alt Mahlisch, und das aus gutem Grund. Es ist der 100.Jahrestag der Gr\u00fcndung der Freiwilligen Feuerwehr. Das sollte geb\u00fchrend gefeiert werden.100 Jahre Feuerwehrgeschichte werden geschrieben und immer hat es bereitwillige und freiwillige Kameraden gegeben, die nicht nur im Einsatz-fall zur Stelle waren, sondern auch wesentlich zum Dorfleben beigetragen haben. Ein Dorf ohne flei\u00dfige Feuerwehr ist einfach nicht vorstellbar.<\/p>\n<p>Dem Vorbereitungsteam des Dorffestes ist es gelungen, alle aktiven Kameraden, alle Organisationen, alle hiesigen Firmen zur Planung und Organisation an einen Tisch zu bekommen. Auf das Ergebnis dieser Teamarbeit kann die Gemeinde Alt Mahlisch stolz sein. Die Besucher des Feuerwehrausscheides der Jugendwehren des Amtes Seelow-Land und ihrer Gastmannschaften sowie die zahlreichen Besucher des anschlie\u00dfenden Dorffestes kamen sichtbar auf ihre Kosten. Im Mehrzweckraum konnte eine Fotoausstellung besichtigt werden, eigens gedruckte Postkarten und eine interessante Brosch\u00fcre zum Feuerwehrjubil\u00e4um konnten erworben werden. Es bestand die M\u00f6glichkeit, an gem\u00fctlichen\u00a0 Kremserfahrten teilzunehmen, den k\u00f6stlichen Kuchen der flei\u00dfigen Alt Mahlischer Frauen zu genie\u00dfen oder die Kinder und Enkel auf der H\u00fcpfburg, beim Schminken oder Basteln zu beobachten. F\u00fcr Essen und Trinken war reichlich und wohlschmeckend gesorgt &#8211; zu moderaten Preisen. Wer hoch hinaus wollte, nutzte die seltene M\u00f6glichkeit der Besichtigung eines der in der N\u00e4he befindlichen Windr\u00e4der. Da der Amtsausscheid der Feuerwehren in diesem Jahr in der Gemeinde Marxdorf stattfand, dachte sich das Team von Ortswehrf\u00fchrer Diethard Schulze eine Besonderheit aus. Obwohl es in Alt Mahlisch noch nie eine eigene Jugendmannschaft gab, wurde ein reiner Wettkampf der Jugendwehren geplant, vorbereitet und vorbildlich durchgef\u00fchrt.<\/p>\n<p>Nach dem lautstarken und flotten Umzug der Feuerwehrfahrzeuge durch Alt Mahlisch und einer korrekten Antreteordnung am Gemeindehaus gratulierten der Jubil\u00e4umswehr der Ortsb\u00fcrgermeister von Fichtenh\u00f6he, J\u00f6rg Henschke, Amtsdirektorin Roswitha Thiede und die Ortswehrf\u00fchrer der umliegenden Gemeinden und Ortsteile mit Blumen und Sachgeschenken. Als \u00dcberraschung wurde durch den amtierenden Amtswehrf\u00fchrer Fred Jakob der Kamerad Diethard Schulze zum Brandmeister bef\u00f6rdert. Die Besonderheit der Wettkampfdisziplin der Jugend war eine eigens modifizierte Variante der Staffel mit 6x40m, abweichend von dem bekannten System 5x80m. Die Wettkampffl\u00e4che war vom Team und ihren zahlreichen Helfern vorbildlich vorbereitet und ausgemessen worden, auch das bestellte Wetter war perfekt. Nach Einweisung der Positioner, der Zeitnehmer usw. gingen die 8 Jugendmann-schaften hochmotiviert mit je zwei L\u00e4ufen an den Start. Die jeweils beste Zeit floss in die Wertung ein.<\/p>\n<p>Der K\u00f6nigsdisziplin, dem L\u00f6schangriff stellten sich auch acht Jugendmannschaften mit je zwei L\u00e4ufen. Auch hier wird die beste Zeit gewertet. Der zum Teil b\u00f6ige Wind erschwerte den Kids am C-Strahlrohr das Treffen der Zielger\u00e4te, trotzdem brachten alle Teams mit verst\u00e4rktem Einsatz ganz akzeptable Zeiten. Die Tafel mit den ausgewiesenen Zeiten war immer dicht umlagert. Das Team der Jugendwehr der Stadt Seelow unter Leitung des Stadtjugendwartes Siegbert Schulz konnte die Pokale bei beiden Disziplinen nach Seelow holen. Die Wettbewerbe gingen diszipliniert und unfallfrei \u00fcber die Runden, ein Einsatz der selbstverst\u00e4ndlich anwesenden Johanniterunfallhilfe Frankfurt(Oder) war erfreulicher Weise nicht n\u00f6tig.<\/p>\n<p>Die Leitung des Wettbewerbes lag in den H\u00e4nden von Fred Jakob und J\u00f6rg Biering, die ihre nicht immer leichte Aufgabe souver\u00e4n und kameradschaftlich abarbeiteten. Als Problem stellte sich das Verwenden von zu kurzen C-Schl\u00e4uchen bei einem Team heraus. Auch diese \u201eProblem\u201c wurde von der Wettkampfleitung gel\u00f6st.<\/p>\n<p>Nach dem Feststehen der Platzierungen konnte durch z\u00fcgiges Ausf\u00fcllen der vorbereiteten Urkunden die ungeduldig von den Jugendwehren erwartete Siegerehrung vor der Antreteord-nung aller Wehren und recht zahlreichen Zuschauern durchgef\u00fchrt werden. Der Jugendfeu-erwehrausscheid und das Fichtenh\u00f6her Dorffest 2011 in Alt Mahlisch wird sich w\u00fcrdig in die Chronik der Ortswehr Alt Mahlisch einf\u00fcgen. Alle Organisatoren und die vielen Helfer k\u00f6nnen stolz auf das erfolgreich durchgef\u00fchrte Ereignis sein. Ein Wehrmutstropfen war die kurzfristige Absage am Wettbewerb durch die seit 1997 mit einem Freundschaftsvertrag verbundene polnische Gemeinde Losnow aus dem Gemeindeverband Klodawa. Alle Mitglieder der Wettbewerbsteams und ihre Betreuer bekamen anl\u00e4sslich der Siegerehrung eine Gedenkmedaille der FF Alt Mahlisch \u00fcberreicht. Ein ereignisreicher, erfolgreicher Tag in Alt Mahlisch, \u00fcber den man nicht nur in Fichteh\u00f6he noch eine Weile reden wird.<\/p>\n\n\t\t<style type=\"text\/css\">\n\t\t\t#gallery-1 {\n\t\t\t\tmargin: auto;\n\t\t\t}\n\t\t\t#gallery-1 .gallery-item {\n\t\t\t\tfloat: left;\n\t\t\t\tmargin-top: 10px;\n\t\t\t\ttext-align: center;\n\t\t\t\twidth: 25%;\n\t\t\t}\n\t\t\t#gallery-1 img {\n\t\t\t\tborder: 2px solid #cfcfcf;\n\t\t\t}\n\t\t\t#gallery-1 .gallery-caption {\n\t\t\t\tmargin-left: 0;\n\t\t\t}\n\t\t\t\/* see gallery_shortcode() in wp-includes\/media.php *\/\n\t\t<\/style>\n\t\t<div id='gallery-1' class='gallery galleryid-253 gallery-columns-4 gallery-size-thumbnail'><dl class='gallery-item'>\n\t\t\t<dt class='gallery-icon landscape'>\n\t\t\t\t<a href='https:\/\/kfv-mol.de\/Wordpress\/wp-content\/uploads\/2011\/06\/k-009-Wettkampfsiegerteam-JfW-Seelow.jpg'><img decoding=\"async\" width=\"150\" height=\"150\" data-src=\"https:\/\/kfv-mol.de\/Wordpress\/wp-content\/uploads\/2011\/06\/k-009-Wettkampfsiegerteam-JfW-Seelow-150x150.jpg\" class=\"attachment-thumbnail size-thumbnail lazyload\" alt=\"\" src=\"data:image\/svg+xml;base64,PHN2ZyB3aWR0aD0iMSIgaGVpZ2h0PSIxIiB4bWxucz0iaHR0cDovL3d3dy53My5vcmcvMjAwMC9zdmciPjwvc3ZnPg==\" style=\"--smush-placeholder-width: 150px; --smush-placeholder-aspect-ratio: 150\/150;\" \/><\/a>\n\t\t\t<\/dt><\/dl><dl class='gallery-item'>\n\t\t\t<dt class='gallery-icon landscape'>\n\t\t\t\t<a href='https:\/\/kfv-mol.de\/Wordpress\/wp-content\/uploads\/2011\/06\/k-006-Team-JfW-Dolgelin-I-2.Platz-6x40m.jpg'><img decoding=\"async\" width=\"150\" height=\"150\" data-src=\"https:\/\/kfv-mol.de\/Wordpress\/wp-content\/uploads\/2011\/06\/k-006-Team-JfW-Dolgelin-I-2.Platz-6x40m-150x150.jpg\" class=\"attachment-thumbnail size-thumbnail lazyload\" alt=\"\" src=\"data:image\/svg+xml;base64,PHN2ZyB3aWR0aD0iMSIgaGVpZ2h0PSIxIiB4bWxucz0iaHR0cDovL3d3dy53My5vcmcvMjAwMC9zdmciPjwvc3ZnPg==\" style=\"--smush-placeholder-width: 150px; --smush-placeholder-aspect-ratio: 150\/150;\" \/><\/a>\n\t\t\t<\/dt><\/dl><dl class='gallery-item'>\n\t\t\t<dt class='gallery-icon landscape'>\n\t\t\t\t<a href='https:\/\/kfv-mol.de\/Wordpress\/wp-content\/uploads\/2011\/06\/k-005-Gratulation-AD-Roswitha-Thiede.jpg'><img decoding=\"async\" width=\"150\" height=\"150\" data-src=\"https:\/\/kfv-mol.de\/Wordpress\/wp-content\/uploads\/2011\/06\/k-005-Gratulation-AD-Roswitha-Thiede-150x150.jpg\" class=\"attachment-thumbnail size-thumbnail lazyload\" alt=\"\" src=\"data:image\/svg+xml;base64,PHN2ZyB3aWR0aD0iMSIgaGVpZ2h0PSIxIiB4bWxucz0iaHR0cDovL3d3dy53My5vcmcvMjAwMC9zdmciPjwvc3ZnPg==\" style=\"--smush-placeholder-width: 150px; --smush-placeholder-aspect-ratio: 150\/150;\" \/><\/a>\n\t\t\t<\/dt><\/dl><dl class='gallery-item'>\n\t\t\t<dt class='gallery-icon landscape'>\n\t\t\t\t<a href='https:\/\/kfv-mol.de\/Wordpress\/wp-content\/uploads\/2011\/06\/k-008-JfW-4.-8-Platz-L\u00f6schangr..jpg'><img decoding=\"async\" width=\"150\" height=\"150\" data-src=\"https:\/\/kfv-mol.de\/Wordpress\/wp-content\/uploads\/2011\/06\/k-008-JfW-4.-8-Platz-L\u00f6schangr.-150x150.jpg\" class=\"attachment-thumbnail size-thumbnail lazyload\" alt=\"\" src=\"data:image\/svg+xml;base64,PHN2ZyB3aWR0aD0iMSIgaGVpZ2h0PSIxIiB4bWxucz0iaHR0cDovL3d3dy53My5vcmcvMjAwMC9zdmciPjwvc3ZnPg==\" style=\"--smush-placeholder-width: 150px; --smush-placeholder-aspect-ratio: 150\/150;\" \/><\/a>\n\t\t\t<\/dt><\/dl><br style=\"clear: both\" \/><dl class='gallery-item'>\n\t\t\t<dt class='gallery-icon landscape'>\n\t\t\t\t<a href='https:\/\/kfv-mol.de\/Wordpress\/wp-content\/uploads\/2011\/06\/k-001-Pokalgewinner-JfW-Seelow-1.Platz-L\u00f6schangriff+6x40m.jpg'><img decoding=\"async\" width=\"150\" height=\"150\" data-src=\"https:\/\/kfv-mol.de\/Wordpress\/wp-content\/uploads\/2011\/06\/k-001-Pokalgewinner-JfW-Seelow-1.Platz-L\u00f6schangriff+6x40m-150x150.jpg\" class=\"attachment-thumbnail size-thumbnail lazyload\" alt=\"\" src=\"data:image\/svg+xml;base64,PHN2ZyB3aWR0aD0iMSIgaGVpZ2h0PSIxIiB4bWxucz0iaHR0cDovL3d3dy53My5vcmcvMjAwMC9zdmciPjwvc3ZnPg==\" style=\"--smush-placeholder-width: 150px; --smush-placeholder-aspect-ratio: 150\/150;\" \/><\/a>\n\t\t\t<\/dt><\/dl><dl class='gallery-item'>\n\t\t\t<dt class='gallery-icon landscape'>\n\t\t\t\t<a href='https:\/\/kfv-mol.de\/Wordpress\/wp-content\/uploads\/2011\/06\/k-011-L\u00f6schangr.-JfW-Seelow-l\u00e4uft.jpg'><img decoding=\"async\" width=\"150\" height=\"150\" data-src=\"https:\/\/kfv-mol.de\/Wordpress\/wp-content\/uploads\/2011\/06\/k-011-L\u00f6schangr.-JfW-Seelow-l\u00e4uft-150x150.jpg\" class=\"attachment-thumbnail size-thumbnail lazyload\" alt=\"\" src=\"data:image\/svg+xml;base64,PHN2ZyB3aWR0aD0iMSIgaGVpZ2h0PSIxIiB4bWxucz0iaHR0cDovL3d3dy53My5vcmcvMjAwMC9zdmciPjwvc3ZnPg==\" style=\"--smush-placeholder-width: 150px; --smush-placeholder-aspect-ratio: 150\/150;\" \/><\/a>\n\t\t\t<\/dt><\/dl><dl class='gallery-item'>\n\t\t\t<dt class='gallery-icon landscape'>\n\t\t\t\t<a href='https:\/\/kfv-mol.de\/Wordpress\/wp-content\/uploads\/2011\/06\/k-004-Pokalgewinner-L\u00f6schangr.-1.-3-Platz.jpg'><img decoding=\"async\" width=\"150\" height=\"150\" data-src=\"https:\/\/kfv-mol.de\/Wordpress\/wp-content\/uploads\/2011\/06\/k-004-Pokalgewinner-L\u00f6schangr.-1.-3-Platz-150x150.jpg\" class=\"attachment-thumbnail size-thumbnail lazyload\" alt=\"\" src=\"data:image\/svg+xml;base64,PHN2ZyB3aWR0aD0iMSIgaGVpZ2h0PSIxIiB4bWxucz0iaHR0cDovL3d3dy53My5vcmcvMjAwMC9zdmciPjwvc3ZnPg==\" style=\"--smush-placeholder-width: 150px; --smush-placeholder-aspect-ratio: 150\/150;\" \/><\/a>\n\t\t\t<\/dt><\/dl><dl class='gallery-item'>\n\t\t\t<dt class='gallery-icon landscape'>\n\t\t\t\t<a href='https:\/\/kfv-mol.de\/Wordpress\/wp-content\/uploads\/2011\/06\/k-007-Kampf-am-Zielger\u00e4t-gegen-Wind.jpg'><img decoding=\"async\" width=\"150\" height=\"150\" data-src=\"https:\/\/kfv-mol.de\/Wordpress\/wp-content\/uploads\/2011\/06\/k-007-Kampf-am-Zielger\u00e4t-gegen-Wind-150x150.jpg\" class=\"attachment-thumbnail size-thumbnail lazyload\" alt=\"\" src=\"data:image\/svg+xml;base64,PHN2ZyB3aWR0aD0iMSIgaGVpZ2h0PSIxIiB4bWxucz0iaHR0cDovL3d3dy53My5vcmcvMjAwMC9zdmciPjwvc3ZnPg==\" style=\"--smush-placeholder-width: 150px; --smush-placeholder-aspect-ratio: 150\/150;\" \/><\/a>\n\t\t\t<\/dt><\/dl><br style=\"clear: both\" \/><dl class='gallery-item'>\n\t\t\t<dt class='gallery-icon landscape'>\n\t\t\t\t<a href='https:\/\/kfv-mol.de\/Wordpress\/wp-content\/uploads\/2011\/06\/k-012-Team-JfW-Libbenichen-I.jpg'><img decoding=\"async\" width=\"150\" height=\"150\" data-src=\"https:\/\/kfv-mol.de\/Wordpress\/wp-content\/uploads\/2011\/06\/k-012-Team-JfW-Libbenichen-I-150x150.jpg\" class=\"attachment-thumbnail size-thumbnail lazyload\" alt=\"\" src=\"data:image\/svg+xml;base64,PHN2ZyB3aWR0aD0iMSIgaGVpZ2h0PSIxIiB4bWxucz0iaHR0cDovL3d3dy53My5vcmcvMjAwMC9zdmciPjwvc3ZnPg==\" style=\"--smush-placeholder-width: 150px; --smush-placeholder-aspect-ratio: 150\/150;\" \/><\/a>\n\t\t\t<\/dt><\/dl><dl class='gallery-item'>\n\t\t\t<dt class='gallery-icon landscape'>\n\t\t\t\t<a href='https:\/\/kfv-mol.de\/Wordpress\/wp-content\/uploads\/2011\/06\/k-013-Team-JfW-Worin.jpg'><img decoding=\"async\" width=\"150\" height=\"150\" data-src=\"https:\/\/kfv-mol.de\/Wordpress\/wp-content\/uploads\/2011\/06\/k-013-Team-JfW-Worin-150x150.jpg\" class=\"attachment-thumbnail size-thumbnail lazyload\" alt=\"\" src=\"data:image\/svg+xml;base64,PHN2ZyB3aWR0aD0iMSIgaGVpZ2h0PSIxIiB4bWxucz0iaHR0cDovL3d3dy53My5vcmcvMjAwMC9zdmciPjwvc3ZnPg==\" style=\"--smush-placeholder-width: 150px; --smush-placeholder-aspect-ratio: 150\/150;\" \/><\/a>\n\t\t\t<\/dt><\/dl><dl class='gallery-item'>\n\t\t\t<dt class='gallery-icon landscape'>\n\t\t\t\t<a href='https:\/\/kfv-mol.de\/Wordpress\/wp-content\/uploads\/2011\/06\/k-003-Team-JfW-Niederjesar.jpg'><img decoding=\"async\" width=\"150\" height=\"150\" data-src=\"https:\/\/kfv-mol.de\/Wordpress\/wp-content\/uploads\/2011\/06\/k-003-Team-JfW-Niederjesar-150x150.jpg\" class=\"attachment-thumbnail size-thumbnail lazyload\" alt=\"\" src=\"data:image\/svg+xml;base64,PHN2ZyB3aWR0aD0iMSIgaGVpZ2h0PSIxIiB4bWxucz0iaHR0cDovL3d3dy53My5vcmcvMjAwMC9zdmciPjwvc3ZnPg==\" style=\"--smush-placeholder-width: 150px; --smush-placeholder-aspect-ratio: 150\/150;\" \/><\/a>\n\t\t\t<\/dt><\/dl><dl class='gallery-item'>\n\t\t\t<dt class='gallery-icon landscape'>\n\t\t\t\t<a href='https:\/\/kfv-mol.de\/Wordpress\/wp-content\/uploads\/2011\/06\/k-002-Team-JfW-Dolgelin-mit-Pokal+Urkunden.jpg'><img decoding=\"async\" width=\"150\" height=\"150\" data-src=\"https:\/\/kfv-mol.de\/Wordpress\/wp-content\/uploads\/2011\/06\/k-002-Team-JfW-Dolgelin-mit-Pokal+Urkunden-150x150.jpg\" class=\"attachment-thumbnail size-thumbnail lazyload\" alt=\"\" src=\"data:image\/svg+xml;base64,PHN2ZyB3aWR0aD0iMSIgaGVpZ2h0PSIxIiB4bWxucz0iaHR0cDovL3d3dy53My5vcmcvMjAwMC9zdmciPjwvc3ZnPg==\" style=\"--smush-placeholder-width: 150px; --smush-placeholder-aspect-ratio: 150\/150;\" \/><\/a>\n\t\t\t<\/dt><\/dl><br style=\"clear: both\" \/><dl class='gallery-item'>\n\t\t\t<dt class='gallery-icon landscape'>\n\t\t\t\t<a href='https:\/\/kfv-mol.de\/Wordpress\/wp-content\/uploads\/2011\/06\/k-010-Team-JfW-Dolgelin.jpg'><img decoding=\"async\" width=\"150\" height=\"150\" data-src=\"https:\/\/kfv-mol.de\/Wordpress\/wp-content\/uploads\/2011\/06\/k-010-Team-JfW-Dolgelin-150x150.jpg\" class=\"attachment-thumbnail size-thumbnail lazyload\" alt=\"\" src=\"data:image\/svg+xml;base64,PHN2ZyB3aWR0aD0iMSIgaGVpZ2h0PSIxIiB4bWxucz0iaHR0cDovL3d3dy53My5vcmcvMjAwMC9zdmciPjwvc3ZnPg==\" style=\"--smush-placeholder-width: 150px; --smush-placeholder-aspect-ratio: 150\/150;\" \/><\/a>\n\t\t\t<\/dt><\/dl>\n\t\t\t<br style='clear: both' \/>\n\t\t<\/div>\n\n<table border=\"0\" cellspacing=\"0\" cellpadding=\"0\" width=\"421\">\n<tbody>\n<tr>\n<td width=\"126\" valign=\"bottom\"><\/td>\n<td width=\"122\" valign=\"bottom\"><\/td>\n<td width=\"76\" valign=\"bottom\"><\/td>\n<td width=\"97\" valign=\"bottom\"><\/td>\n<\/tr>\n<tr>\n<td colspan=\"3\" width=\"324\" valign=\"bottom\"><strong> ERGEBNISSE 6x40m \u00a0JUGEND<\/strong><\/td>\n<td width=\"97\" valign=\"bottom\"><strong> <\/strong><\/td>\n<\/tr>\n<tr>\n<td width=\"126\" valign=\"bottom\">WEHR<\/td>\n<td width=\"122\" valign=\"bottom\">1.Lauf<\/td>\n<td width=\"76\" valign=\"bottom\">2.Lauf<\/td>\n<td width=\"97\" valign=\"bottom\">Platzierung<\/td>\n<\/tr>\n<tr>\n<td width=\"126\" valign=\"bottom\">Seelow<\/td>\n<td width=\"122\" valign=\"bottom\">00:56<\/td>\n<td width=\"76\" valign=\"bottom\">00:50<\/td>\n<td width=\"97\" valign=\"bottom\">1.Platz<\/td>\n<\/tr>\n<tr>\n<td width=\"126\" valign=\"bottom\">Dolgelin I<\/td>\n<td width=\"122\" valign=\"bottom\">00:58<\/td>\n<td width=\"76\" valign=\"bottom\">00:55<\/td>\n<td width=\"97\" valign=\"bottom\">2.Platz<\/td>\n<\/tr>\n<tr>\n<td width=\"126\" valign=\"bottom\">Libbenichen II<\/td>\n<td width=\"122\" valign=\"bottom\">01:01<\/td>\n<td width=\"76\" valign=\"bottom\">00:58<\/td>\n<td width=\"97\" valign=\"bottom\">3.Platz<\/td>\n<\/tr>\n<tr>\n<td width=\"126\" valign=\"bottom\">Dolgelin II<\/td>\n<td width=\"122\" valign=\"bottom\">01:07<\/td>\n<td width=\"76\" valign=\"bottom\">00:59<\/td>\n<td width=\"97\" valign=\"bottom\">4.Platz<\/td>\n<\/tr>\n<tr>\n<td width=\"126\" valign=\"bottom\">Niederjesar<\/td>\n<td width=\"122\" valign=\"bottom\">01:07<\/td>\n<td width=\"76\" valign=\"bottom\">01:04<\/td>\n<td width=\"97\" valign=\"bottom\">5.Platz<\/td>\n<\/tr>\n<tr>\n<td width=\"126\" valign=\"bottom\">Libbenichen I<\/td>\n<td width=\"122\" valign=\"bottom\">01:12<\/td>\n<td width=\"76\" valign=\"bottom\">01:07<\/td>\n<td width=\"97\" valign=\"bottom\">6.Platz<\/td>\n<\/tr>\n<tr>\n<td width=\"126\" valign=\"bottom\">Libbenichen III<\/td>\n<td width=\"122\" valign=\"bottom\">01:27<\/td>\n<td width=\"76\" valign=\"bottom\">01:11<\/td>\n<td width=\"97\" valign=\"bottom\">7.Platz<\/td>\n<\/tr>\n<tr>\n<td width=\"126\" valign=\"bottom\">Worin<\/td>\n<td width=\"122\" valign=\"bottom\">01:20<\/td>\n<td width=\"76\" valign=\"bottom\">01:14<\/td>\n<td width=\"97\" valign=\"bottom\">8.Platz<\/td>\n<\/tr>\n<\/tbody>\n<\/table>\n<p>Je Jugendwehr 2 L\u00e4ufe &#8211; der beste Lauf wurde gewertet<\/p>\n<table border=\"0\" cellspacing=\"0\" cellpadding=\"0\" width=\"421\">\n<tbody>\n<tr>\n<td colspan=\"4\" width=\"421\" valign=\"bottom\"><strong> ERGEBNISSE L\u00d6SCHANGRIFF   JUGEND<\/strong><\/td>\n<\/tr>\n<tr>\n<td width=\"126\" valign=\"bottom\">WEHR<\/td>\n<td width=\"122\" valign=\"bottom\">1.Lauf<\/td>\n<td width=\"76\" valign=\"bottom\">2.Lauf<\/td>\n<td width=\"97\" valign=\"bottom\">Platzierung<\/td>\n<\/tr>\n<tr>\n<td width=\"126\" valign=\"bottom\">Seelow<\/td>\n<td width=\"122\" valign=\"bottom\">27:70:00<\/td>\n<td width=\"76\" valign=\"bottom\">43:20:00<\/td>\n<td width=\"97\" valign=\"bottom\">1.Platz<\/td>\n<\/tr>\n<tr>\n<td width=\"126\" valign=\"bottom\">Libbenichen II<\/td>\n<td width=\"122\" valign=\"bottom\">37:80:00<\/td>\n<td width=\"76\" valign=\"bottom\">38:20:00<\/td>\n<td width=\"97\" valign=\"bottom\">2.Platz<\/td>\n<\/tr>\n<tr>\n<td width=\"126\" valign=\"bottom\">Libbenichen I<\/td>\n<td width=\"122\" valign=\"bottom\">38:10:00<\/td>\n<td width=\"76\" valign=\"bottom\">Abbruch<\/td>\n<td width=\"97\" valign=\"bottom\">3.Platz<\/td>\n<\/tr>\n<tr>\n<td width=\"126\" valign=\"bottom\">Dolgelin I<\/td>\n<td width=\"122\" valign=\"bottom\">52:40:00<\/td>\n<td width=\"76\" valign=\"bottom\">38:20:00<\/td>\n<td width=\"97\" valign=\"bottom\">4.Platz<\/td>\n<\/tr>\n<tr>\n<td width=\"126\" valign=\"bottom\">Libbenichen III<\/td>\n<td width=\"122\" valign=\"bottom\">43:90:00<\/td>\n<td width=\"76\" valign=\"bottom\">41.50:00<\/td>\n<td width=\"97\" valign=\"bottom\">5.Platz<\/td>\n<\/tr>\n<tr>\n<td width=\"126\" valign=\"bottom\">Niederjesar<\/td>\n<td width=\"122\" valign=\"bottom\">ohne Wertung<\/td>\n<td width=\"76\" valign=\"bottom\">54:59:00<\/td>\n<td width=\"97\" valign=\"bottom\">6.Platz<\/td>\n<\/tr>\n<tr>\n<td width=\"126\" valign=\"bottom\">Dolgelin II<\/td>\n<td width=\"122\" valign=\"bottom\">88:00:00<\/td>\n<td width=\"76\" valign=\"bottom\">57:40:00<\/td>\n<td width=\"97\" valign=\"bottom\">7.Platz<\/td>\n<\/tr>\n<tr>\n<td width=\"126\" valign=\"bottom\">Worin<\/td>\n<td width=\"122\" valign=\"bottom\">68:00:00<\/td>\n<td width=\"76\" valign=\"bottom\">66:50:00<\/td>\n<td width=\"97\" valign=\"bottom\">8.Platz<\/td>\n<\/tr>\n<tr>\n<td colspan=\"4\" width=\"421\" valign=\"bottom\">Je Disziplin 2 L\u00e4ufe &#8211; der beste Lauf wurde gewertet&nbsp;<\/p>\n<p>&nbsp;<\/p>\n<p>&nbsp;<\/p>\n<p>&nbsp;<\/p>\n<p>&nbsp;<\/p>\n<p>&nbsp;<\/p>\n<p>&nbsp;<\/p>\n<p>&nbsp;<\/p>\n<p>&nbsp;<\/p>\n<p>&nbsp;<\/p>\n<p>&nbsp;<\/p>\n<p>&nbsp;<\/p>\n<p>&nbsp;<\/p>\n<p>&nbsp;<\/p>\n<p>&nbsp;<\/p>\n<p>&nbsp;<\/td>\n<\/tr>\n<\/tbody>\n<\/table>\n","protected":false},"excerpt":{"rendered":"<p>In diesem Jahr feierte die Gemeinde Fichtenh\u00f6he ihr Dorffest im Ortsteil Alt Mahlisch, und das aus gutem Grund. Es ist der 100.Jahrestag der Gr\u00fcndung der Freiwilligen Feuerwehr. Das sollte geb\u00fchrend gefeiert werden.100 Jahre Feuerwehrgeschichte werden geschrieben und immer hat es bereitwillige und freiwillige Kameraden gegeben, die nicht nur im Einsatz-fall zur Stelle waren, sondern auch [&hellip;]<\/p>\n","protected":false},"author":1,"featured_media":0,"comment_status":"closed","ping_status":"closed","sticky":false,"template":"","format":"standard","meta":{"footnotes":""},"categories":[4,5],"tags":[],"class_list":["post-253","post","type-post","status-publish","format-standard","hentry","category-kreisfeuerwehrverband","category-kreisjugendfeuerwehr"],"_links":{"self":[{"href":"https:\/\/kfv-mol.de\/Wordpress\/wp-json\/wp\/v2\/posts\/253","targetHints":{"allow":["GET"]}}],"collection":[{"href":"https:\/\/kfv-mol.de\/Wordpress\/wp-json\/wp\/v2\/posts"}],"about":[{"href":"https:\/\/kfv-mol.de\/Wordpress\/wp-json\/wp\/v2\/types\/post"}],"author":[{"embeddable":true,"href":"https:\/\/kfv-mol.de\/Wordpress\/wp-json\/wp\/v2\/users\/1"}],"replies":[{"embeddable":true,"href":"https:\/\/kfv-mol.de\/Wordpress\/wp-json\/wp\/v2\/comments?post=253"}],"version-history":[{"count":0,"href":"https:\/\/kfv-mol.de\/Wordpress\/wp-json\/wp\/v2\/posts\/253\/revisions"}],"wp:attachment":[{"href":"https:\/\/kfv-mol.de\/Wordpress\/wp-json\/wp\/v2\/media?parent=253"}],"wp:term":[{"taxonomy":"category","embeddable":true,"href":"https:\/\/kfv-mol.de\/Wordpress\/wp-json\/wp\/v2\/categories?post=253"},{"taxonomy":"post_tag","embeddable":true,"href":"https:\/\/kfv-mol.de\/Wordpress\/wp-json\/wp\/v2\/tags?post=253"}],"curies":[{"name":"wp","href":"https:\/\/api.w.org\/{rel}","templated":true}]}}