{"id":234,"date":"2011-06-09T11:00:11","date_gmt":"2011-06-09T10:00:11","guid":{"rendered":"http:\/\/www.kfv-mol.de\/Wordpress\/?p=234"},"modified":"2011-06-09T11:06:55","modified_gmt":"2011-06-09T10:06:55","slug":"superschneller-loschangriff","status":"publish","type":"post","link":"https:\/\/kfv-mol.de\/Wordpress\/Artikel\/superschneller-loschangriff\/","title":{"rendered":"Superschneller L\u00f6schangriff"},"content":{"rendered":"<p>Marxdorf (moz-Lokalredaktion Seelow-Doris Steinkraus) Der Amtspokal ist der j\u00e4hrliche H\u00f6hepunkt im Feuerwehrsport der Wehren des Amtes Seelow-Land. In diesem Jahr fiel den Marxdorfern die Rolle des Gastgebers zu. Denn was w\u00fcrde sich besser als Rahmen anbieten als die Feierlichkeiten zum 100-j\u00e4hrigen Bestehen der Wehr. Dass die Feuerwehrleute gut in Form sind, bewiesen die hervorragenden Zeiten, die beim L\u00f6schangriff erreicht wurden. Alle acht M\u00e4nnermannschaften blieben in beiden Pokalentscheidungen unter einer Minute.<\/p>\n<p>&nbsp;<\/p>\n<p>Mit der Siegerzeit von 29,1 sec erreichten die Alt Mahlischer im Kampf um den Amtspokal ein Ergebnis, mit dem sie auch bei kreislichen und \u00fcberregionalen Wettbewerben ganz vorn mitmischen k\u00f6nnten.Auch die 31,1 sec der Zweitplatzierten Libbenichener unterstrichen die Leistungsf\u00e4higkeit der Truppe. Auf Platz drei landeten mit<\/p>\n<p>35,9 sec die Gastgeber, gefolgt von Lietzen (42,8), Worin (47,5), Falkenhagen (50,4), Neuentempel (52,3) und Dolgelin (58,9). Den offenen Pokal holten sich in einem spannenden Kopf-an-Kopf-Rennen die M\u00e4nner von Libbenichen mit der Klassezeit von 27,2 sec vor Gro\u00df-R\u00fcnz (27,5) und Alt Mahlisch (27,9). Die weiteren Platzierungen: Dolgelin, Marxdorf, Trebnitz, Falkenhagen, Lietzen, Jahnsfelde, Klodowa, Worin und Neuentempel. Im offenen Pokal waren die Zeiten insgesamt noch einmal besser. Der Letzte erreichte immerhin noch eine Zeit von 46,1 sec.<\/p>\n\n\t\t<style type=\"text\/css\">\n\t\t\t#gallery-1 {\n\t\t\t\tmargin: auto;\n\t\t\t}\n\t\t\t#gallery-1 .gallery-item {\n\t\t\t\tfloat: left;\n\t\t\t\tmargin-top: 10px;\n\t\t\t\ttext-align: center;\n\t\t\t\twidth: 33%;\n\t\t\t}\n\t\t\t#gallery-1 img {\n\t\t\t\tborder: 2px solid #cfcfcf;\n\t\t\t}\n\t\t\t#gallery-1 .gallery-caption {\n\t\t\t\tmargin-left: 0;\n\t\t\t}\n\t\t\t\/* see gallery_shortcode() in wp-includes\/media.php *\/\n\t\t<\/style>\n\t\t<div id='gallery-1' class='gallery galleryid-234 gallery-columns-3 gallery-size-thumbnail'><dl class='gallery-item'>\n\t\t\t<dt class='gallery-icon landscape'>\n\t\t\t\t<a href='https:\/\/kfv-mol.de\/Wordpress\/wp-content\/uploads\/2011\/06\/k-024-Marxdorf-Team-JfW-Falkenhagen-LB.jpg'><img decoding=\"async\" width=\"150\" height=\"150\" data-src=\"https:\/\/kfv-mol.de\/Wordpress\/wp-content\/uploads\/2011\/06\/k-024-Marxdorf-Team-JfW-Falkenhagen-LB-150x150.jpg\" class=\"attachment-thumbnail size-thumbnail lazyload\" alt=\"\" src=\"data:image\/svg+xml;base64,PHN2ZyB3aWR0aD0iMSIgaGVpZ2h0PSIxIiB4bWxucz0iaHR0cDovL3d3dy53My5vcmcvMjAwMC9zdmciPjwvc3ZnPg==\" style=\"--smush-placeholder-width: 150px; --smush-placeholder-aspect-ratio: 150\/150;\" \/><\/a>\n\t\t\t<\/dt><\/dl><dl class='gallery-item'>\n\t\t\t<dt class='gallery-icon landscape'>\n\t\t\t\t<a href='https:\/\/kfv-mol.de\/Wordpress\/wp-content\/uploads\/2011\/06\/k-029-Marxdorf-28.05.11-Dr\u00e4gerurkunde-2011.jpg'><img decoding=\"async\" width=\"150\" height=\"150\" data-src=\"https:\/\/kfv-mol.de\/Wordpress\/wp-content\/uploads\/2011\/06\/k-029-Marxdorf-28.05.11-Dr\u00e4gerurkunde-2011-150x150.jpg\" class=\"attachment-thumbnail size-thumbnail lazyload\" alt=\"\" src=\"data:image\/svg+xml;base64,PHN2ZyB3aWR0aD0iMSIgaGVpZ2h0PSIxIiB4bWxucz0iaHR0cDovL3d3dy53My5vcmcvMjAwMC9zdmciPjwvc3ZnPg==\" style=\"--smush-placeholder-width: 150px; --smush-placeholder-aspect-ratio: 150\/150;\" \/><\/a>\n\t\t\t<\/dt><\/dl><dl class='gallery-item'>\n\t\t\t<dt class='gallery-icon landscape'>\n\t\t\t\t<a href='https:\/\/kfv-mol.de\/Wordpress\/wp-content\/uploads\/2011\/06\/k-003-Marxdorf-Antreteordnung-28.05.11.jpg'><img decoding=\"async\" width=\"150\" height=\"150\" data-src=\"https:\/\/kfv-mol.de\/Wordpress\/wp-content\/uploads\/2011\/06\/k-003-Marxdorf-Antreteordnung-28.05.11-150x150.jpg\" class=\"attachment-thumbnail size-thumbnail lazyload\" alt=\"\" src=\"data:image\/svg+xml;base64,PHN2ZyB3aWR0aD0iMSIgaGVpZ2h0PSIxIiB4bWxucz0iaHR0cDovL3d3dy53My5vcmcvMjAwMC9zdmciPjwvc3ZnPg==\" style=\"--smush-placeholder-width: 150px; --smush-placeholder-aspect-ratio: 150\/150;\" \/><\/a>\n\t\t\t<\/dt><\/dl><br style=\"clear: both\" \/><dl class='gallery-item'>\n\t\t\t<dt class='gallery-icon landscape'>\n\t\t\t\t<a href='https:\/\/kfv-mol.de\/Wordpress\/wp-content\/uploads\/2011\/06\/k-025-Marxdorf-Wanderpokalgew.-FF-Alt-Mahlisch.jpg'><img decoding=\"async\" width=\"150\" height=\"150\" data-src=\"https:\/\/kfv-mol.de\/Wordpress\/wp-content\/uploads\/2011\/06\/k-025-Marxdorf-Wanderpokalgew.-FF-Alt-Mahlisch-150x150.jpg\" class=\"attachment-thumbnail size-thumbnail lazyload\" alt=\"\" src=\"data:image\/svg+xml;base64,PHN2ZyB3aWR0aD0iMSIgaGVpZ2h0PSIxIiB4bWxucz0iaHR0cDovL3d3dy53My5vcmcvMjAwMC9zdmciPjwvc3ZnPg==\" style=\"--smush-placeholder-width: 150px; --smush-placeholder-aspect-ratio: 150\/150;\" \/><\/a>\n\t\t\t<\/dt><\/dl><dl class='gallery-item'>\n\t\t\t<dt class='gallery-icon landscape'>\n\t\t\t\t<a href='https:\/\/kfv-mol.de\/Wordpress\/wp-content\/uploads\/2011\/06\/k-002-Marxdorf-Umzug-Marxdorf.jpg'><img decoding=\"async\" width=\"150\" height=\"150\" data-src=\"https:\/\/kfv-mol.de\/Wordpress\/wp-content\/uploads\/2011\/06\/k-002-Marxdorf-Umzug-Marxdorf-150x150.jpg\" class=\"attachment-thumbnail size-thumbnail lazyload\" alt=\"\" src=\"data:image\/svg+xml;base64,PHN2ZyB3aWR0aD0iMSIgaGVpZ2h0PSIxIiB4bWxucz0iaHR0cDovL3d3dy53My5vcmcvMjAwMC9zdmciPjwvc3ZnPg==\" style=\"--smush-placeholder-width: 150px; --smush-placeholder-aspect-ratio: 150\/150;\" \/><\/a>\n\t\t\t<\/dt><\/dl><dl class='gallery-item'>\n\t\t\t<dt class='gallery-icon landscape'>\n\t\t\t\t<a href='https:\/\/kfv-mol.de\/Wordpress\/wp-content\/uploads\/2011\/06\/k-030-Marxdorf-Team-FF-Dolgelin.jpg'><img decoding=\"async\" width=\"150\" height=\"150\" data-src=\"https:\/\/kfv-mol.de\/Wordpress\/wp-content\/uploads\/2011\/06\/k-030-Marxdorf-Team-FF-Dolgelin-150x150.jpg\" class=\"attachment-thumbnail size-thumbnail lazyload\" alt=\"\" src=\"data:image\/svg+xml;base64,PHN2ZyB3aWR0aD0iMSIgaGVpZ2h0PSIxIiB4bWxucz0iaHR0cDovL3d3dy53My5vcmcvMjAwMC9zdmciPjwvc3ZnPg==\" style=\"--smush-placeholder-width: 150px; --smush-placeholder-aspect-ratio: 150\/150;\" \/><\/a>\n\t\t\t<\/dt><\/dl><br style=\"clear: both\" \/><dl class='gallery-item'>\n\t\t\t<dt class='gallery-icon landscape'>\n\t\t\t\t<a href='https:\/\/kfv-mol.de\/Wordpress\/wp-content\/uploads\/2011\/06\/k-017-Marxdorf-Gewinner1.-7.Platz-LB.jpg'><img decoding=\"async\" width=\"150\" height=\"150\" data-src=\"https:\/\/kfv-mol.de\/Wordpress\/wp-content\/uploads\/2011\/06\/k-017-Marxdorf-Gewinner1.-7.Platz-LB-150x150.jpg\" class=\"attachment-thumbnail size-thumbnail lazyload\" alt=\"\" src=\"data:image\/svg+xml;base64,PHN2ZyB3aWR0aD0iMSIgaGVpZ2h0PSIxIiB4bWxucz0iaHR0cDovL3d3dy53My5vcmcvMjAwMC9zdmciPjwvc3ZnPg==\" style=\"--smush-placeholder-width: 150px; --smush-placeholder-aspect-ratio: 150\/150;\" \/><\/a>\n\t\t\t<\/dt><\/dl><dl class='gallery-item'>\n\t\t\t<dt class='gallery-icon landscape'>\n\t\t\t\t<a href='https:\/\/kfv-mol.de\/Wordpress\/wp-content\/uploads\/2011\/06\/k-032-Marxdorf-Geburtstags-Geschenke.jpg'><img decoding=\"async\" width=\"150\" height=\"150\" data-src=\"https:\/\/kfv-mol.de\/Wordpress\/wp-content\/uploads\/2011\/06\/k-032-Marxdorf-Geburtstags-Geschenke-150x150.jpg\" class=\"attachment-thumbnail size-thumbnail lazyload\" alt=\"\" src=\"data:image\/svg+xml;base64,PHN2ZyB3aWR0aD0iMSIgaGVpZ2h0PSIxIiB4bWxucz0iaHR0cDovL3d3dy53My5vcmcvMjAwMC9zdmciPjwvc3ZnPg==\" style=\"--smush-placeholder-width: 150px; --smush-placeholder-aspect-ratio: 150\/150;\" \/><\/a>\n\t\t\t<\/dt><\/dl>\n\t\t\t<br style='clear: both' \/>\n\t\t<\/div>\n\n<p>Den Jugendamtspokal m\u00e4nnlich erk\u00e4mpfte Libbenichen I vor Dolgelin II und Falkenhagen, gefolgt von Dolgelin I und Niedejesar. Bei den M\u00e4dchen traten nur zwei Mannschaften an und zwar aus den Jugendwehren Libbenichen und Worin. Die Libbenicherinnen holten sowohl den Amtswanderpokal als auch alle erste Pl\u00e4tze in den jeweiligen Einzeldisziplinen.<\/p>\n<p>Mit freundlicher Genehmigung von: <a href=\"http:\/\/www.moz.de\/\">www.moz.de<\/a><\/p>\n<p>Fotos:Bm Lutz Bergmann<\/p>\n<p>Mehr Fotos vom Amtsausscheid finden sie auf:<\/p>\n<p><a href=\"http:\/\/www.amt-seelow-land.de\/\">www.amt-seelow-land.de<\/a> unter dem Button Aktuelles, dann Schnappschuesse <a href=\"http:\/\/www.feuerwehr-seelow-land.de\/\">www.feuerwehr-seelow-land.de<\/a> unter dem Button Amtsausscheide mit Video.<\/p>\n<p>&nbsp;<\/p>\n<p>AUSZEICHNUNGEN UND BEF\u00d6RDERUNGEN AMTSAUSSCHEID IN MARXDORF AM 28.05.2011<\/p>\n<p>&nbsp;<\/p>\n<p>NAME VORNAME Ortswehr Auszeichn.<\/p>\n<p>1 H\u00f6femeier Benny Marxdorf Treue\u00a0\u00a0 10Jahre<\/p>\n<p>2 Fuhrig\u00a0 Helmut Libbenichen Treue 40 Jahre<\/p>\n<p>3 Gleichfeld Klaus Marxdorf Treue\u00a0 60 Jahre<\/p>\n<p>4 Pl\u00f6nzke Fritz Libbenichen Treue\u00a0 60 Jahre<\/p>\n<p>5 Fuhrmann Kurt Worin Treue\u00a0\u00a0\u00a0\u00a0\u00a0\u00a0\u00a0 60 Jahre<\/p>\n<p>&nbsp;<\/p>\n<p>1 Pohndorf Jens Neuntempel Ehrennadel KfV MOL<\/p>\n<p>2 D\u00e4mpfert Ralf Falkenhagen Ehrennadel KfV MOL<\/p>\n<p>3 Sch\u00fctze Mathias Dolgelin Ehrennadel KfV MOL<\/p>\n<p>&nbsp;<\/p>\n<p>1 Gebauer Wolfgang Marxdorf Urkunde<\/p>\n<p>2 Barentin Armin Marxdorf Urkunde<\/p>\n<p>3 Sch\u00fctze Christian Marxdorf Urkunde<\/p>\n<p>4 Sch\u00fctze Constantin Marxdorf Urkunde<\/p>\n<p>5 Gleichfeld Klaus Marxdorf Urkunde<\/p>\n<p>6 Bosse Wilhelm Marxdorf Urkunde<\/p>\n<p>7 Lehmann Helmut Marxdorf Urkunde<\/p>\n<p>&nbsp;<\/p>\n<p>1 Wilde Jeremias Marxdorf FM\u00a0 Bef\u00f6rder.<\/p>\n<p>2 Sch\u00fctze Mathias Marxdorf OFM\u00a0 Bef\u00f6rder.<\/p>\n<p>3 Klose Rene Marxdorf OFM\u00a0 Bef\u00f6rder.<\/p>\n<p>4 H\u00f6femeier Benny Marxdorf OFM\u00a0 Bef\u00f6rder.<\/p>\n<p>5 Barentin Guido Marxdorf HFM\u00a0 Bef\u00f6rder.<\/p>\n<p>6 Sch\u00fctze Volkmar Marxdorf BM\u00a0 Bef\u00f6rder.<\/p>\n","protected":false},"excerpt":{"rendered":"<p>Marxdorf (moz-Lokalredaktion Seelow-Doris Steinkraus) Der Amtspokal ist der j\u00e4hrliche H\u00f6hepunkt im Feuerwehrsport der Wehren des Amtes Seelow-Land. In diesem Jahr fiel den Marxdorfern die Rolle des Gastgebers zu. Denn was w\u00fcrde sich besser als Rahmen anbieten als die Feierlichkeiten zum 100-j\u00e4hrigen Bestehen der Wehr. Dass die Feuerwehrleute gut in Form sind, bewiesen die hervorragenden Zeiten, [&hellip;]<\/p>\n","protected":false},"author":1,"featured_media":0,"comment_status":"closed","ping_status":"closed","sticky":false,"template":"","format":"standard","meta":{"footnotes":""},"categories":[4],"tags":[],"class_list":["post-234","post","type-post","status-publish","format-standard","hentry","category-kreisfeuerwehrverband"],"_links":{"self":[{"href":"https:\/\/kfv-mol.de\/Wordpress\/wp-json\/wp\/v2\/posts\/234","targetHints":{"allow":["GET"]}}],"collection":[{"href":"https:\/\/kfv-mol.de\/Wordpress\/wp-json\/wp\/v2\/posts"}],"about":[{"href":"https:\/\/kfv-mol.de\/Wordpress\/wp-json\/wp\/v2\/types\/post"}],"author":[{"embeddable":true,"href":"https:\/\/kfv-mol.de\/Wordpress\/wp-json\/wp\/v2\/users\/1"}],"replies":[{"embeddable":true,"href":"https:\/\/kfv-mol.de\/Wordpress\/wp-json\/wp\/v2\/comments?post=234"}],"version-history":[{"count":0,"href":"https:\/\/kfv-mol.de\/Wordpress\/wp-json\/wp\/v2\/posts\/234\/revisions"}],"wp:attachment":[{"href":"https:\/\/kfv-mol.de\/Wordpress\/wp-json\/wp\/v2\/media?parent=234"}],"wp:term":[{"taxonomy":"category","embeddable":true,"href":"https:\/\/kfv-mol.de\/Wordpress\/wp-json\/wp\/v2\/categories?post=234"},{"taxonomy":"post_tag","embeddable":true,"href":"https:\/\/kfv-mol.de\/Wordpress\/wp-json\/wp\/v2\/tags?post=234"}],"curies":[{"name":"wp","href":"https:\/\/api.w.org\/{rel}","templated":true}]}}