{"id":212,"date":"2011-06-07T11:04:24","date_gmt":"2011-06-07T10:04:24","guid":{"rendered":"http:\/\/www.kfv-mol.de\/Wordpress\/?p=212"},"modified":"2011-06-07T20:06:47","modified_gmt":"2011-06-07T19:06:47","slug":"jubilaum-ff-hermersdorf","status":"publish","type":"post","link":"https:\/\/kfv-mol.de\/Wordpress\/Artikel\/jubilaum-ff-hermersdorf\/","title":{"rendered":"Jubil\u00e4um FF Hermersdorf"},"content":{"rendered":"<p>Quelle: Detlef Klementz 06.06.2011 07:34 Uhr<br \/>\nRed. Strausberg, strausberg-red@moz.de<\/p>\n<p>Hermersdorf (moz) Die Freiwillige Feuerwehr Hermersdorf hat am Wochenende ihr 100. Jubil\u00e4um gefeiert \u2013 und mit ihr der ganze M\u00fcncheberger Ortsteil. Die Wehr hat sich einen lang gehegten Wunsch erf\u00fcllt: eine Traditionsfahne.<\/p>\n<p><a href=\"https:\/\/kfv-mol.de\/Wordpress\/wp-content\/uploads\/2011\/06\/FF-Hermersdorf.jpg\">\n\t\t<style type=\"text\/css\">\n\t\t\t#gallery-1 {\n\t\t\t\tmargin: auto;\n\t\t\t}\n\t\t\t#gallery-1 .gallery-item {\n\t\t\t\tfloat: left;\n\t\t\t\tmargin-top: 10px;\n\t\t\t\ttext-align: center;\n\t\t\t\twidth: 33%;\n\t\t\t}\n\t\t\t#gallery-1 img {\n\t\t\t\tborder: 2px solid #cfcfcf;\n\t\t\t}\n\t\t\t#gallery-1 .gallery-caption {\n\t\t\t\tmargin-left: 0;\n\t\t\t}\n\t\t\t\/* see gallery_shortcode() in wp-includes\/media.php *\/\n\t\t<\/style>\n\t\t<div id='gallery-1' class='gallery galleryid-212 gallery-columns-3 gallery-size-thumbnail'><dl class='gallery-item'>\n\t\t\t<dt class='gallery-icon landscape'>\n\t\t\t\t<a href='https:\/\/kfv-mol.de\/Wordpress\/wp-content\/uploads\/2011\/06\/04.06.11.jpg'><img decoding=\"async\" width=\"150\" height=\"150\" data-src=\"https:\/\/kfv-mol.de\/Wordpress\/wp-content\/uploads\/2011\/06\/04.06.11-150x150.jpg\" class=\"attachment-thumbnail size-thumbnail lazyload\" alt=\"\" src=\"data:image\/svg+xml;base64,PHN2ZyB3aWR0aD0iMSIgaGVpZ2h0PSIxIiB4bWxucz0iaHR0cDovL3d3dy53My5vcmcvMjAwMC9zdmciPjwvc3ZnPg==\" style=\"--smush-placeholder-width: 150px; --smush-placeholder-aspect-ratio: 150\/150;\" \/><\/a>\n\t\t\t<\/dt><\/dl><dl class='gallery-item'>\n\t\t\t<dt class='gallery-icon landscape'>\n\t\t\t\t<a href='https:\/\/kfv-mol.de\/Wordpress\/wp-content\/uploads\/2011\/06\/L\u00f6schangriff-04.06.11.jpg'><img decoding=\"async\" width=\"150\" height=\"150\" data-src=\"https:\/\/kfv-mol.de\/Wordpress\/wp-content\/uploads\/2011\/06\/L\u00f6schangriff-04.06.11-150x150.jpg\" class=\"attachment-thumbnail size-thumbnail lazyload\" alt=\"\" src=\"data:image\/svg+xml;base64,PHN2ZyB3aWR0aD0iMSIgaGVpZ2h0PSIxIiB4bWxucz0iaHR0cDovL3d3dy53My5vcmcvMjAwMC9zdmciPjwvc3ZnPg==\" style=\"--smush-placeholder-width: 150px; --smush-placeholder-aspect-ratio: 150\/150;\" \/><\/a>\n\t\t\t<\/dt><\/dl><dl class='gallery-item'>\n\t\t\t<dt class='gallery-icon landscape'>\n\t\t\t\t<a href='https:\/\/kfv-mol.de\/Wordpress\/wp-content\/uploads\/2011\/06\/neue-Standarte.jpg'><img decoding=\"async\" width=\"150\" height=\"150\" data-src=\"https:\/\/kfv-mol.de\/Wordpress\/wp-content\/uploads\/2011\/06\/neue-Standarte-150x150.jpg\" class=\"attachment-thumbnail size-thumbnail lazyload\" alt=\"\" src=\"data:image\/svg+xml;base64,PHN2ZyB3aWR0aD0iMSIgaGVpZ2h0PSIxIiB4bWxucz0iaHR0cDovL3d3dy53My5vcmcvMjAwMC9zdmciPjwvc3ZnPg==\" style=\"--smush-placeholder-width: 150px; --smush-placeholder-aspect-ratio: 150\/150;\" \/><\/a>\n\t\t\t<\/dt><\/dl><br style=\"clear: both\" \/><dl class='gallery-item'>\n\t\t\t<dt class='gallery-icon landscape'>\n\t\t\t\t<a href='https:\/\/kfv-mol.de\/Wordpress\/wp-content\/uploads\/2011\/06\/FF-Hermersdorf.jpg'><img decoding=\"async\" width=\"150\" height=\"150\" data-src=\"https:\/\/kfv-mol.de\/Wordpress\/wp-content\/uploads\/2011\/06\/FF-Hermersdorf-150x150.jpg\" class=\"attachment-thumbnail size-thumbnail lazyload\" alt=\"\" src=\"data:image\/svg+xml;base64,PHN2ZyB3aWR0aD0iMSIgaGVpZ2h0PSIxIiB4bWxucz0iaHR0cDovL3d3dy53My5vcmcvMjAwMC9zdmciPjwvc3ZnPg==\" style=\"--smush-placeholder-width: 150px; --smush-placeholder-aspect-ratio: 150\/150;\" \/><\/a>\n\t\t\t<\/dt><\/dl><dl class='gallery-item'>\n\t\t\t<dt class='gallery-icon landscape'>\n\t\t\t\t<a href='https:\/\/kfv-mol.de\/Wordpress\/wp-content\/uploads\/2011\/06\/P1050324.jpg'><img decoding=\"async\" width=\"150\" height=\"150\" data-src=\"https:\/\/kfv-mol.de\/Wordpress\/wp-content\/uploads\/2011\/06\/P1050324-150x150.jpg\" class=\"attachment-thumbnail size-thumbnail lazyload\" alt=\"\" src=\"data:image\/svg+xml;base64,PHN2ZyB3aWR0aD0iMSIgaGVpZ2h0PSIxIiB4bWxucz0iaHR0cDovL3d3dy53My5vcmcvMjAwMC9zdmciPjwvc3ZnPg==\" style=\"--smush-placeholder-width: 150px; --smush-placeholder-aspect-ratio: 150\/150;\" \/><\/a>\n\t\t\t<\/dt><\/dl><dl class='gallery-item'>\n\t\t\t<dt class='gallery-icon landscape'>\n\t\t\t\t<a href='https:\/\/kfv-mol.de\/Wordpress\/wp-content\/uploads\/2011\/06\/Kitagruppe04.06.11.jpg'><img decoding=\"async\" width=\"150\" height=\"150\" data-src=\"https:\/\/kfv-mol.de\/Wordpress\/wp-content\/uploads\/2011\/06\/Kitagruppe04.06.11-150x150.jpg\" class=\"attachment-thumbnail size-thumbnail lazyload\" alt=\"\" src=\"data:image\/svg+xml;base64,PHN2ZyB3aWR0aD0iMSIgaGVpZ2h0PSIxIiB4bWxucz0iaHR0cDovL3d3dy53My5vcmcvMjAwMC9zdmciPjwvc3ZnPg==\" style=\"--smush-placeholder-width: 150px; --smush-placeholder-aspect-ratio: 150\/150;\" \/><\/a>\n\t\t\t<\/dt><\/dl><br style=\"clear: both\" \/>\n\t\t<\/div>\n<\/p>\n<p><\/a><\/p>\n<p><a href=\"https:\/\/kfv-mol.de\/Wordpress\/wp-content\/uploads\/2011\/06\/FF-Hermersdorf.jpg\"> <\/a><\/p>\n<p><a href=\"https:\/\/kfv-mol.de\/Wordpress\/wp-content\/uploads\/2011\/06\/FF-Hermersdorf.jpg\"><\/a><\/p>\n<p><a href=\"https:\/\/kfv-mol.de\/Wordpress\/wp-content\/uploads\/2011\/06\/FF-Hermersdorf.jpg\"> <\/a><\/p>\n<p><a href=\"https:\/\/kfv-mol.de\/Wordpress\/wp-content\/uploads\/2011\/06\/FF-Hermersdorf.jpg\"><\/a><br \/>\nBis weit nach Mitternacht ging es am Sonnabend im Festzelt bei bester Stimmung hoch her. Begonnen hatte der Tag mit einem Umzug der Feuerwehren der Stadt M\u00fcncheberg. Dann trugen die Ortswehren den 10. Stadtpokal aus. Neun M\u00e4nner-Teams waren dabei, hinzu kamen erstmals die Strausberger als Gastmannschaft. Der Pokal ging an die gemischte Mannschaft von Trebnitz\/Jahnsfelde. Die zweit- bzw. drittbeste Zeit beim L\u00f6schangriff erreichten M\u00fcncheberg I und M\u00fcncheberg II. Die Gastgeber mussten sich mit Platz acht zufrieden geben. Von den beiden Frauen-Teams konnte sich M\u00fcncheberg vor Trebnitz\/Jahnsfelde platzieren.<br \/>\nBei den sechs angetretenen Jugendfeuerwehren setzte sich Jahnsfelde\/Trebnitz vor M\u00fcncheberg II und Eggersdorf durch.<br \/>\nUnfreiwillige Attraktion war kurzzeitig ein Rettungshubschrauber. Der war angefordert fordern, nachdem eine M\u00fcncheberger Feuerwehrfrau pl\u00f6tzlich ziemliche Kreislaufprobleme bekommen hatte. \u201eFl\u00fcssigkeitsmangel\u201c stellte der Notarzt fest. Angesichts der Hitze und der Schwei\u00df treibenden Ausr\u00fcstung hatte sie offenbar nicht ausreichend getrunken. Ein sp\u00e4ter eingetroffener Rettungswagen nahm die Geschw\u00e4chte dann mit.<br \/>\nDie gute Stimmung kehrte rasch zur\u00fcck. Zum weiteren Jubil\u00e4umsprogramm geh\u00f6rten unter anderem ein Volleyballturnier, eine Technikschau und ein Platzkonzert der Feuerwehrkapelle Fredersdorf.<br \/>\nBereits am Freitagabend war zu einer offiziellen Feier ins Festzelt geladen worden. Gekommen waren neben anderen der Pr\u00e4sident des Landesfeuerwehrverbandes Manfred Gerdes und Heinz Rudolph von der Landesfeuerwehrschule. Ortswehrf\u00fchrer Markus Hohmann hatte die Rednerliste mit einem kurzen geschichtlichen Abriss er\u00f6ffnet, der Stadt f\u00fcr die Hilfe und den Familienangeh\u00f6rigen f\u00fcr ihr Verst\u00e4ndnis gedankt.<br \/>\nB\u00fcrgermeisterin Uta Barkusky w\u00fcrdigte wie auch Ortsvorsteher J\u00fcrgen Langer die ehrenamtliche Arbeit der Feuerwehrleute, die \u201e365 Tage im Jahr abrufbar\u201c seien. Sie sprach von ehrlicher Zusammenarbeit mit hei\u00dfen Diskussionen und kritischen Bemerkungen, die \u201eimmer sachorientiert\u201c sei. Vizevorsitzender Marcel Schmidt hatte die Ehrenurkunde seines Kreisfeuerwehrverbandes mitgebracht. Stadtwehrf\u00fchrer Carsten Greim verk\u00fcndete die Bef\u00f6rderung von Markus Hohmann zum Oberbrandmeister. Der k\u00fcndigte sp\u00e4ter ein ganz besonderes Geschenk an, das sich die Ortswehr dank tatkr\u00e4ftiger Sponsorenhilfe selbst zum Jubil\u00e4um machte \u2013 eine Traditionsfahne. Und die Stadtverwaltung erf\u00fcllte der Hermersdorfer Feuerwehr mit einer Digitalkamera schlie\u00dflich noch einen anderen lang gehegten Wunsch.<\/p>\n","protected":false},"excerpt":{"rendered":"<p>Quelle: Detlef Klementz 06.06.2011 07:34 Uhr Red. Strausberg, strausberg-red@moz.de Hermersdorf (moz) Die Freiwillige Feuerwehr Hermersdorf hat am Wochenende ihr 100. Jubil\u00e4um gefeiert \u2013 und mit ihr der ganze M\u00fcncheberger Ortsteil. Die Wehr hat sich einen lang gehegten Wunsch erf\u00fcllt: eine Traditionsfahne. Bis weit nach Mitternacht ging es am Sonnabend im Festzelt bei bester Stimmung hoch [&hellip;]<\/p>\n","protected":false},"author":1,"featured_media":0,"comment_status":"closed","ping_status":"closed","sticky":false,"template":"","format":"gallery","meta":{"footnotes":""},"categories":[4,5],"tags":[],"class_list":["post-212","post","type-post","status-publish","format-gallery","hentry","category-kreisfeuerwehrverband","category-kreisjugendfeuerwehr","post_format-post-format-gallery"],"_links":{"self":[{"href":"https:\/\/kfv-mol.de\/Wordpress\/wp-json\/wp\/v2\/posts\/212","targetHints":{"allow":["GET"]}}],"collection":[{"href":"https:\/\/kfv-mol.de\/Wordpress\/wp-json\/wp\/v2\/posts"}],"about":[{"href":"https:\/\/kfv-mol.de\/Wordpress\/wp-json\/wp\/v2\/types\/post"}],"author":[{"embeddable":true,"href":"https:\/\/kfv-mol.de\/Wordpress\/wp-json\/wp\/v2\/users\/1"}],"replies":[{"embeddable":true,"href":"https:\/\/kfv-mol.de\/Wordpress\/wp-json\/wp\/v2\/comments?post=212"}],"version-history":[{"count":0,"href":"https:\/\/kfv-mol.de\/Wordpress\/wp-json\/wp\/v2\/posts\/212\/revisions"}],"wp:attachment":[{"href":"https:\/\/kfv-mol.de\/Wordpress\/wp-json\/wp\/v2\/media?parent=212"}],"wp:term":[{"taxonomy":"category","embeddable":true,"href":"https:\/\/kfv-mol.de\/Wordpress\/wp-json\/wp\/v2\/categories?post=212"},{"taxonomy":"post_tag","embeddable":true,"href":"https:\/\/kfv-mol.de\/Wordpress\/wp-json\/wp\/v2\/tags?post=212"}],"curies":[{"name":"wp","href":"https:\/\/api.w.org\/{rel}","templated":true}]}}