{"id":195,"date":"2011-05-09T20:50:50","date_gmt":"2011-05-09T19:50:50","guid":{"rendered":"http:\/\/www.kfv-mol.de\/Wordpress\/?p=195"},"modified":"2011-05-09T20:50:50","modified_gmt":"2011-05-09T19:50:50","slug":"feuerwehrausscheid-losno-07-05-11","status":"publish","type":"post","link":"https:\/\/kfv-mol.de\/Wordpress\/Artikel\/feuerwehrausscheid-losno-07-05-11\/","title":{"rendered":"Feuerwehrausscheid Losno 07.05.11"},"content":{"rendered":"<p>Der Einladung unserer polnischen Partnergemeinde Klodawa zum Feuerwehrwettkampf 2011 folgten dieses Jahr ein Team der Freiwilligen Feuerwehr Alt Mahlisch anl\u00e4sslich des 60.Geburtstages der Freiwilligen Feuerwehr Losno unter F\u00fchrung des Ortswehrf\u00fchrers Diethard Schulze. Unter idealen Witterungsbedingungen starteten um 07.00 Uhr zwei Busse vom Treffpunkt FF Alt Mahlisch in bester Stimmung in Richtung Staatsgrenze, um wie geplant kurz vor 09.00 Uhr in der Gemeinde Losno einzutreffen. Das offizielle vierk\u00f6pfige Team der\u00a0 Amtsverwaltung wurde in Vertretung der Amtsdirektorin durch den Bauamtsleiter Peter Steinicke gef\u00fchrt. Anstelle der sonst mitreisenden Abordnung der Jugendfeuerwehr des Amtes freuten sich 8 aufgeweckte M\u00e4dchen im Alter von 8-15 Jahren von der Tanzgruppe Dancing-Queens unter Leitung der Jugendsozialarbeiterin Tina Rahnenf\u00fchrer auf ihren geplanten Auftritt vor gro\u00dfem Publikum. Wie immer wurden wir durch unsere polnischen Gastgeber herzlich empfangen und vor Ort liebevoll mit Imbiss und Getr\u00e4nken betreut.<\/p>\n<p>&nbsp;<\/p>\n<p>Nach den nun mal notwendigen Ansprachen der Offiziellen wurden ansprechen-de Gastgeschenke ausgetauscht. Eine ganze Reihe von Kameradinnen und Kameraden der einzelnen Ortswehren der Gemeinde Klodawa wurden f\u00fcr ihre vorbildliche Feuerwehr-arbeit \u00f6ffentlich ausgezeichnet und bef\u00f6rdert durch Herrn Jozef Kruczkowski, die Verwal-tungschefin Anna Molodciak\u00a0 und die Amtsbrandmeisterin Bozena Popowska. Als \u00dcberra-schung haben die Kameraden der FF Alt Mahlisch der gastgebenden Wehr Losno einen Satz Feuerwehr T-Shirts mit Druck \u201eFF Alt Mahlisch\u201c \u00fcberreicht. Vom Team Alt Mahlisch wurden mehrere Kameraden mit Erinnerungsgeschenken und Urkunden f\u00fcr ihre im Heimatort geleistete Feuerwehrarbeit geehrt.<\/p>\n<p>&nbsp;<\/p>\n<p>Nach entsprechender Einweisung der Mannschaftsleiter der anwesenden Ortswehren durch die polnischen Wettkampfleiter und dem Abschreiten der Staffelstrecke begannen die Wettk\u00e4mpfe z\u00fcgig mit nur je einem Lauf, welcher aber sitzen muss. Die deutsche Mannschaft startete wie auch in Seelow-Land \u00fcblich (f\u00fcr die ausl\u00e4ndischen Gastmann-schaften) als letztes Team. Die au\u00dferhalb des offiziellen Wettkampfes der polnischen Mannschaften laufende deutsche Mannschaft\u00a0 lieferte eine traumhafte Zeit beim L\u00f6schan-griff \u201enass\u201c ab. Im Gegensatz zum Vorjahr durfte wieder jede Wehr mit ihrer eigenen Tragkraftspritze in der Disziplin L\u00f6schan-griff \u201enass\u201c starten.Zur sichtbaren Freude der Alt Mahlischer Kameraden erzielten sie mit 00:36:47 eine Traumzeit. (Mit dieser Zeit h\u00e4tten sie zum Beispiel im letzten Seelower Nachtpokal den 2.Platz von ca.32 Teams erk\u00e4mpft). Als \u00dcberraschung\u00a0 stellte sich der Einsatz einer Bambiniwehr aus Losno mit Kids unter 6 Jahren!! heraus, welche unter lautstarker Anteilnahme der Zuschauer einen richtigen kleinen L\u00f6schangriff boten. Die sichtbare Begeisterung der kleinen L\u00f6schzwerge in ihrer tollen Hupfbekleidung mit rotem Helm war nicht nur f\u00fcr mich der emotionale H\u00f6hepunkt des Wettbewerbes!<\/p>\n\n\t\t<style type=\"text\/css\">\n\t\t\t#gallery-1 {\n\t\t\t\tmargin: auto;\n\t\t\t}\n\t\t\t#gallery-1 .gallery-item {\n\t\t\t\tfloat: left;\n\t\t\t\tmargin-top: 10px;\n\t\t\t\ttext-align: center;\n\t\t\t\twidth: 25%;\n\t\t\t}\n\t\t\t#gallery-1 img {\n\t\t\t\tborder: 2px solid #cfcfcf;\n\t\t\t}\n\t\t\t#gallery-1 .gallery-caption {\n\t\t\t\tmargin-left: 0;\n\t\t\t}\n\t\t\t\/* see gallery_shortcode() in wp-includes\/media.php *\/\n\t\t<\/style>\n\t\t<div id='gallery-1' class='gallery galleryid-195 gallery-columns-4 gallery-size-thumbnail'><dl class='gallery-item'>\n\t\t\t<dt class='gallery-icon landscape'>\n\t\t\t\t<a href='https:\/\/kfv-mol.de\/Wordpress\/wp-content\/uploads\/2011\/05\/k-100_7282-L\u00f6schangriff-L\u00e4uft.jpg'><img decoding=\"async\" width=\"150\" height=\"150\" data-src=\"https:\/\/kfv-mol.de\/Wordpress\/wp-content\/uploads\/2011\/05\/k-100_7282-L\u00f6schangriff-L\u00e4uft-150x150.jpg\" class=\"attachment-thumbnail size-thumbnail lazyload\" alt=\"\" src=\"data:image\/svg+xml;base64,PHN2ZyB3aWR0aD0iMSIgaGVpZ2h0PSIxIiB4bWxucz0iaHR0cDovL3d3dy53My5vcmcvMjAwMC9zdmciPjwvc3ZnPg==\" style=\"--smush-placeholder-width: 150px; --smush-placeholder-aspect-ratio: 150\/150;\" \/><\/a>\n\t\t\t<\/dt><\/dl><dl class='gallery-item'>\n\t\t\t<dt class='gallery-icon landscape'>\n\t\t\t\t<a href='https:\/\/kfv-mol.de\/Wordpress\/wp-content\/uploads\/2011\/05\/k-100_7247-Gruppenfoto.jpg'><img decoding=\"async\" width=\"150\" height=\"150\" data-src=\"https:\/\/kfv-mol.de\/Wordpress\/wp-content\/uploads\/2011\/05\/k-100_7247-Gruppenfoto-150x150.jpg\" class=\"attachment-thumbnail size-thumbnail lazyload\" alt=\"\" src=\"data:image\/svg+xml;base64,PHN2ZyB3aWR0aD0iMSIgaGVpZ2h0PSIxIiB4bWxucz0iaHR0cDovL3d3dy53My5vcmcvMjAwMC9zdmciPjwvc3ZnPg==\" style=\"--smush-placeholder-width: 150px; --smush-placeholder-aspect-ratio: 150\/150;\" \/><\/a>\n\t\t\t<\/dt><\/dl><dl class='gallery-item'>\n\t\t\t<dt class='gallery-icon landscape'>\n\t\t\t\t<a href='https:\/\/kfv-mol.de\/Wordpress\/wp-content\/uploads\/2011\/05\/k-100_7278-Wettkampfteam-FF-Alt-Mahlisch.jpg'><img decoding=\"async\" width=\"150\" height=\"150\" data-src=\"https:\/\/kfv-mol.de\/Wordpress\/wp-content\/uploads\/2011\/05\/k-100_7278-Wettkampfteam-FF-Alt-Mahlisch-150x150.jpg\" class=\"attachment-thumbnail size-thumbnail lazyload\" alt=\"\" src=\"data:image\/svg+xml;base64,PHN2ZyB3aWR0aD0iMSIgaGVpZ2h0PSIxIiB4bWxucz0iaHR0cDovL3d3dy53My5vcmcvMjAwMC9zdmciPjwvc3ZnPg==\" style=\"--smush-placeholder-width: 150px; --smush-placeholder-aspect-ratio: 150\/150;\" \/><\/a>\n\t\t\t<\/dt><\/dl><dl class='gallery-item'>\n\t\t\t<dt class='gallery-icon landscape'>\n\t\t\t\t<a href='https:\/\/kfv-mol.de\/Wordpress\/wp-content\/uploads\/2011\/05\/k-100_7211-Antreteordnung.jpg'><img decoding=\"async\" width=\"150\" height=\"150\" data-src=\"https:\/\/kfv-mol.de\/Wordpress\/wp-content\/uploads\/2011\/05\/k-100_7211-Antreteordnung-150x150.jpg\" class=\"attachment-thumbnail size-thumbnail lazyload\" alt=\"\" src=\"data:image\/svg+xml;base64,PHN2ZyB3aWR0aD0iMSIgaGVpZ2h0PSIxIiB4bWxucz0iaHR0cDovL3d3dy53My5vcmcvMjAwMC9zdmciPjwvc3ZnPg==\" style=\"--smush-placeholder-width: 150px; --smush-placeholder-aspect-ratio: 150\/150;\" \/><\/a>\n\t\t\t<\/dt><\/dl><br style=\"clear: both\" \/><dl class='gallery-item'>\n\t\t\t<dt class='gallery-icon landscape'>\n\t\t\t\t<a href='https:\/\/kfv-mol.de\/Wordpress\/wp-content\/uploads\/2011\/05\/k-100_7258-Bambini-Zwerge-Losno.jpg'><img decoding=\"async\" width=\"150\" height=\"150\" data-src=\"https:\/\/kfv-mol.de\/Wordpress\/wp-content\/uploads\/2011\/05\/k-100_7258-Bambini-Zwerge-Losno-150x150.jpg\" class=\"attachment-thumbnail size-thumbnail lazyload\" alt=\"\" src=\"data:image\/svg+xml;base64,PHN2ZyB3aWR0aD0iMSIgaGVpZ2h0PSIxIiB4bWxucz0iaHR0cDovL3d3dy53My5vcmcvMjAwMC9zdmciPjwvc3ZnPg==\" style=\"--smush-placeholder-width: 150px; --smush-placeholder-aspect-ratio: 150\/150;\" \/><\/a>\n\t\t\t<\/dt><\/dl>\n\t\t\t<br style='clear: both' \/>\n\t\t<\/div>\n\n<p>Die Freiwillige Feuerwehr Alt Mahlisch hat\u00a0 in Losno das Amt Seelow-Land mit einer ak-zeptablen feuerwehrtechnischen Leistung und einer guten Mannschaftsdisziplin perfekt vertreten. Unter dem Beifall und Jubel der vielen Zuschauer konnte die Gastgeberwehr Losno als Sieger des Wettbe-werbes vom 07.Mai 2011 ausgezeichnet werden. Alle freuen sich schon auf ein Wiedersehen am Samstag, den 28.05.2011 zum gro\u00dfen Feuerwehr Amtsaus-scheid in der Gemeinde Vierlinden, Ortsteil Marxdorf, anl\u00e4sslich des 100.Geburtstages der FF Marxdorf.Nach der traditionellen Siegerehrung der Mannschaften vor gro\u00dfem Publikum durften zum kulturellen Teil des Tages mit Chorauftritten auch die M\u00e4dels der Tanzgruppe Dancing-Queens\u00a0 ihr Programm auff\u00fchren, wof\u00fcr die aufgeregten Kids unter Tina Rahnenf\u00fchrer viel Beifall ernteten. In bester Stimmung mit einer Menge von Eindr\u00fccken, vielen Gespr\u00e4chen, einem kr\u00e4ftigen Umtrunk und tollen Erlebnissen konnte das deutsche Team planm\u00e4\u00dfig und diszipliniert die Heimreise Richtung\u00a0 Seelow-Land antreten. Unser Dank gilt dem tollen Organisationsteam der Gemeinde Losno, welches durch ihre wohl nicht zu \u00fcberbietende Gast-freundschaft und Betreuung\u00a0 die lebendige Partnerschaft der\u00a0 Gemeinde Klodawa und des Amtes Seelow-Land sichtbar demonstrierte.<\/p>\n<p>iA. Bm Lutz Bergmann<\/p>\n<p>Verantwortlich f\u00fcr \u00d6ffentlichkeitsarbeit der<\/p>\n<p>Freiwilligen Feuerwehr des Amtes Seelow-Land<\/p>\n<p>Fotos:Bm Lutz Bergmann<\/p>\n","protected":false},"excerpt":{"rendered":"<p>Der Einladung unserer polnischen Partnergemeinde Klodawa zum Feuerwehrwettkampf 2011 folgten dieses Jahr ein Team der Freiwilligen Feuerwehr Alt Mahlisch anl\u00e4sslich des 60.Geburtstages der Freiwilligen Feuerwehr Losno unter F\u00fchrung des Ortswehrf\u00fchrers Diethard Schulze. Unter idealen Witterungsbedingungen starteten um 07.00 Uhr zwei Busse vom Treffpunkt FF Alt Mahlisch in bester Stimmung in Richtung Staatsgrenze, um wie geplant [&hellip;]<\/p>\n","protected":false},"author":1,"featured_media":0,"comment_status":"closed","ping_status":"closed","sticky":false,"template":"","format":"standard","meta":{"footnotes":""},"categories":[4,5],"tags":[],"class_list":["post-195","post","type-post","status-publish","format-standard","hentry","category-kreisfeuerwehrverband","category-kreisjugendfeuerwehr"],"_links":{"self":[{"href":"https:\/\/kfv-mol.de\/Wordpress\/wp-json\/wp\/v2\/posts\/195","targetHints":{"allow":["GET"]}}],"collection":[{"href":"https:\/\/kfv-mol.de\/Wordpress\/wp-json\/wp\/v2\/posts"}],"about":[{"href":"https:\/\/kfv-mol.de\/Wordpress\/wp-json\/wp\/v2\/types\/post"}],"author":[{"embeddable":true,"href":"https:\/\/kfv-mol.de\/Wordpress\/wp-json\/wp\/v2\/users\/1"}],"replies":[{"embeddable":true,"href":"https:\/\/kfv-mol.de\/Wordpress\/wp-json\/wp\/v2\/comments?post=195"}],"version-history":[{"count":0,"href":"https:\/\/kfv-mol.de\/Wordpress\/wp-json\/wp\/v2\/posts\/195\/revisions"}],"wp:attachment":[{"href":"https:\/\/kfv-mol.de\/Wordpress\/wp-json\/wp\/v2\/media?parent=195"}],"wp:term":[{"taxonomy":"category","embeddable":true,"href":"https:\/\/kfv-mol.de\/Wordpress\/wp-json\/wp\/v2\/categories?post=195"},{"taxonomy":"post_tag","embeddable":true,"href":"https:\/\/kfv-mol.de\/Wordpress\/wp-json\/wp\/v2\/tags?post=195"}],"curies":[{"name":"wp","href":"https:\/\/api.w.org\/{rel}","templated":true}]}}