{"id":1923,"date":"2017-01-17T14:32:34","date_gmt":"2017-01-17T13:32:34","guid":{"rendered":"http:\/\/www.kfv-mol.de\/Wordpress\/?p=1923"},"modified":"2017-01-17T14:32:34","modified_gmt":"2017-01-17T13:32:34","slug":"zukunft-der-freiwilligen-feuerwehren-diskutieren","status":"publish","type":"post","link":"https:\/\/kfv-mol.de\/Wordpress\/Artikel\/zukunft-der-freiwilligen-feuerwehren-diskutieren\/","title":{"rendered":"Zukunft der Freiwilligen Feuerwehren diskutieren"},"content":{"rendered":"<p>Der Landesfeuerwehrverband Brandenburg e.V. l\u00e4dt alle Kameradinnen und Kameraden des Landes ein,<br \/>\ngemeinsam \u00fcber die Zukunft unserer Feuerwehren im Land zu diskutieren. In 5 Regionalkonferenzen<br \/>\nwollen wir mit Euch ins Gespr\u00e4ch kommen. Wir freuen uns auf Eure Anmeldungen!<\/p>\n<p><a href=\"https:\/\/kfv-mol.de\/Wordpress\/wp-content\/uploads\/2017\/01\/16142800_1374863789218409_5398865007186117512_n.jpg\"><img decoding=\"async\" class=\"aligncenter size-full wp-image-1924 lazyload\" data-src=\"https:\/\/kfv-mol.de\/Wordpress\/wp-content\/uploads\/2017\/01\/16142800_1374863789218409_5398865007186117512_n.jpg\" alt=\"16142800_1374863789218409_5398865007186117512_n\" width=\"877\" height=\"620\" data-srcset=\"https:\/\/kfv-mol.de\/Wordpress\/wp-content\/uploads\/2017\/01\/16142800_1374863789218409_5398865007186117512_n.jpg 877w, https:\/\/kfv-mol.de\/Wordpress\/wp-content\/uploads\/2017\/01\/16142800_1374863789218409_5398865007186117512_n-300x212.jpg 300w, https:\/\/kfv-mol.de\/Wordpress\/wp-content\/uploads\/2017\/01\/16142800_1374863789218409_5398865007186117512_n-768x543.jpg 768w\" data-sizes=\"(max-width: 877px) 100vw, 877px\" src=\"data:image\/svg+xml;base64,PHN2ZyB3aWR0aD0iMSIgaGVpZ2h0PSIxIiB4bWxucz0iaHR0cDovL3d3dy53My5vcmcvMjAwMC9zdmciPjwvc3ZnPg==\" style=\"--smush-placeholder-width: 877px; --smush-placeholder-aspect-ratio: 877\/620;\" \/><\/a>Anmeldungen mit:<\/p>\n<p><a href=\"https:\/\/kfv-mol.de\/Wordpress\/wp-content\/uploads\/2017\/01\/Infoblatt_Regio-Konferenzen_online-ausf\u00fcllbar.pdf\">Infoblatt_Regio-Konferenzen_online ausf\u00fcllbar<\/a><\/p>\n","protected":false},"excerpt":{"rendered":"<p>Der Landesfeuerwehrverband Brandenburg e.V. l\u00e4dt alle Kameradinnen und Kameraden des Landes ein, gemeinsam \u00fcber die Zukunft unserer Feuerwehren im Land zu diskutieren. In 5 Regionalkonferenzen wollen wir mit Euch ins Gespr\u00e4ch kommen. Wir freuen uns auf Eure Anmeldungen! Anmeldungen mit: Infoblatt_Regio-Konferenzen_online ausf\u00fcllbar<\/p>\n","protected":false},"author":3,"featured_media":0,"comment_status":"closed","ping_status":"closed","sticky":false,"template":"","format":"standard","meta":{"footnotes":""},"categories":[1],"tags":[],"class_list":["post-1923","post","type-post","status-publish","format-standard","hentry","category-sonstige"],"_links":{"self":[{"href":"https:\/\/kfv-mol.de\/Wordpress\/wp-json\/wp\/v2\/posts\/1923","targetHints":{"allow":["GET"]}}],"collection":[{"href":"https:\/\/kfv-mol.de\/Wordpress\/wp-json\/wp\/v2\/posts"}],"about":[{"href":"https:\/\/kfv-mol.de\/Wordpress\/wp-json\/wp\/v2\/types\/post"}],"author":[{"embeddable":true,"href":"https:\/\/kfv-mol.de\/Wordpress\/wp-json\/wp\/v2\/users\/3"}],"replies":[{"embeddable":true,"href":"https:\/\/kfv-mol.de\/Wordpress\/wp-json\/wp\/v2\/comments?post=1923"}],"version-history":[{"count":0,"href":"https:\/\/kfv-mol.de\/Wordpress\/wp-json\/wp\/v2\/posts\/1923\/revisions"}],"wp:attachment":[{"href":"https:\/\/kfv-mol.de\/Wordpress\/wp-json\/wp\/v2\/media?parent=1923"}],"wp:term":[{"taxonomy":"category","embeddable":true,"href":"https:\/\/kfv-mol.de\/Wordpress\/wp-json\/wp\/v2\/categories?post=1923"},{"taxonomy":"post_tag","embeddable":true,"href":"https:\/\/kfv-mol.de\/Wordpress\/wp-json\/wp\/v2\/tags?post=1923"}],"curies":[{"name":"wp","href":"https:\/\/api.w.org\/{rel}","templated":true}]}}