{"id":1914,"date":"2016-12-19T11:02:37","date_gmt":"2016-12-19T10:02:37","guid":{"rendered":"http:\/\/www.kfv-mol.de\/Wordpress\/?p=1914"},"modified":"2016-12-19T11:02:37","modified_gmt":"2016-12-19T10:02:37","slug":"frohe-festtage","status":"publish","type":"post","link":"https:\/\/kfv-mol.de\/Wordpress\/Artikel\/frohe-festtage\/","title":{"rendered":"Frohe Festtage"},"content":{"rendered":"<p>Der Vorstand des Kreisfeuerwehrverbandes M\u00e4rkisch -Oderland w\u00fcnscht allen Mitgliedern der Freiwilligen Feuerwehren sowie allen Freunden und Unterst\u00fctzern ein friedvolles Weihnachten und ein gl\u00fcckliches und gesundes neues Jahr 2017. F\u00fcr die Mitwirkung an unseren Vorhaben und eure Einsatzbereitschaft zum Schutz und zur Hilfe unserer B\u00fcrger bedanken wir uns sehr herzlich.<\/p>\n<p><a href=\"https:\/\/kfv-mol.de\/Wordpress\/wp-content\/uploads\/2016\/12\/weihnacht_feuerwehr_1.jpg\"><img decoding=\"async\" class=\"aligncenter size-medium wp-image-1916 lazyload\" data-src=\"https:\/\/kfv-mol.de\/Wordpress\/wp-content\/uploads\/2016\/12\/weihnacht_feuerwehr_1-254x300.jpg\" alt=\"weihnacht_feuerwehr_1\" width=\"254\" height=\"300\" data-srcset=\"https:\/\/kfv-mol.de\/Wordpress\/wp-content\/uploads\/2016\/12\/weihnacht_feuerwehr_1-254x300.jpg 254w, https:\/\/kfv-mol.de\/Wordpress\/wp-content\/uploads\/2016\/12\/weihnacht_feuerwehr_1.jpg 300w\" data-sizes=\"(max-width: 254px) 100vw, 254px\" src=\"data:image\/svg+xml;base64,PHN2ZyB3aWR0aD0iMSIgaGVpZ2h0PSIxIiB4bWxucz0iaHR0cDovL3d3dy53My5vcmcvMjAwMC9zdmciPjwvc3ZnPg==\" style=\"--smush-placeholder-width: 254px; --smush-placeholder-aspect-ratio: 254\/300;\" \/><\/a><\/p>\n","protected":false},"excerpt":{"rendered":"<p>Der Vorstand des Kreisfeuerwehrverbandes M\u00e4rkisch -Oderland w\u00fcnscht allen Mitgliedern der Freiwilligen Feuerwehren sowie allen Freunden und Unterst\u00fctzern ein friedvolles Weihnachten und ein gl\u00fcckliches und gesundes neues Jahr 2017. F\u00fcr die Mitwirkung an unseren Vorhaben und eure Einsatzbereitschaft zum Schutz und zur Hilfe unserer B\u00fcrger bedanken wir uns sehr herzlich.<\/p>\n","protected":false},"author":3,"featured_media":1915,"comment_status":"closed","ping_status":"closed","sticky":false,"template":"","format":"standard","meta":{"footnotes":""},"categories":[1],"tags":[],"class_list":["post-1914","post","type-post","status-publish","format-standard","has-post-thumbnail","hentry","category-sonstige"],"_links":{"self":[{"href":"https:\/\/kfv-mol.de\/Wordpress\/wp-json\/wp\/v2\/posts\/1914","targetHints":{"allow":["GET"]}}],"collection":[{"href":"https:\/\/kfv-mol.de\/Wordpress\/wp-json\/wp\/v2\/posts"}],"about":[{"href":"https:\/\/kfv-mol.de\/Wordpress\/wp-json\/wp\/v2\/types\/post"}],"author":[{"embeddable":true,"href":"https:\/\/kfv-mol.de\/Wordpress\/wp-json\/wp\/v2\/users\/3"}],"replies":[{"embeddable":true,"href":"https:\/\/kfv-mol.de\/Wordpress\/wp-json\/wp\/v2\/comments?post=1914"}],"version-history":[{"count":0,"href":"https:\/\/kfv-mol.de\/Wordpress\/wp-json\/wp\/v2\/posts\/1914\/revisions"}],"wp:featuredmedia":[{"embeddable":true,"href":"https:\/\/kfv-mol.de\/Wordpress\/wp-json\/wp\/v2\/media\/1915"}],"wp:attachment":[{"href":"https:\/\/kfv-mol.de\/Wordpress\/wp-json\/wp\/v2\/media?parent=1914"}],"wp:term":[{"taxonomy":"category","embeddable":true,"href":"https:\/\/kfv-mol.de\/Wordpress\/wp-json\/wp\/v2\/categories?post=1914"},{"taxonomy":"post_tag","embeddable":true,"href":"https:\/\/kfv-mol.de\/Wordpress\/wp-json\/wp\/v2\/tags?post=1914"}],"curies":[{"name":"wp","href":"https:\/\/api.w.org\/{rel}","templated":true}]}}