{"id":1903,"date":"2016-12-04T11:26:41","date_gmt":"2016-12-04T10:26:41","guid":{"rendered":"http:\/\/www.kfv-mol.de\/Wordpress\/?p=1903"},"modified":"2016-12-04T11:26:41","modified_gmt":"2016-12-04T10:26:41","slug":"weihnachtsfeier-der-alters-und-ehrenabteilung-in-wriezen","status":"publish","type":"post","link":"https:\/\/kfv-mol.de\/Wordpress\/Artikel\/weihnachtsfeier-der-alters-und-ehrenabteilung-in-wriezen\/","title":{"rendered":"Weihnachtsfeier der Alters- und Ehrenabteilung in Wriezen"},"content":{"rendered":"<div class=\"subHeader\">\n<p id=\"299_0\" class=\"Text\">Wriezen (MOZ) Der Speiseraum der Salvador-Allende-Oberschule bot am Mittwoch ausreichend Platz f\u00fcr seine 152\u00a0Besucher. In den Jahren zuvor mussten einige Mitglieder der Alters- und Ehrenabteilungen der Feuerwehren im Altkreis Bad Freienwalde durch Platzmangel auf die Weihnachtsfeier verzichten &#8211; diesmal nicht.<\/p>\n<\/div>\n<div id=\"imgContainer\" class=\"testDiv\"><a href=\"http:\/\/www.moz.de\/bild-ansicht\/dg\/0\/3\/1534591\/1026728124\/\"> <img decoding=\"async\" title=\"Gen\u00fcgend Platz f\u00fcr 152 Mitglieder\n\" data-src=\"http:\/\/www.moz.de\/fileadmin\/_processed_\/csm_1026728124_1400c41f45.jpg\" width=\"260\" height=\"158\" src=\"data:image\/svg+xml;base64,PHN2ZyB3aWR0aD0iMSIgaGVpZ2h0PSIxIiB4bWxucz0iaHR0cDovL3d3dy53My5vcmcvMjAwMC9zdmciPjwvc3ZnPg==\" class=\"lazyload\" style=\"--smush-placeholder-width: 260px; --smush-placeholder-aspect-ratio: 260\/158;\" \/><\/a><span id=\"imgcopyright\" class=\"h4teaser lightGrey upperCase\"><\/span><\/div>\n<div class=\"textDefaultOuter\">\n<p id=\"348_1\" class=\"Text\">Es war eine Premiere und eine gute Entscheidung, befanden Renate und Winfried Rosenfeld. In diesem Jahr hatte die Stadt Wriezen den Mitgliedern der Alters- und Ehrenabteilungen der Feuerwehren des Altkreises Bad Freienwalde den Speiseraum der Grund- und Oberschule &#8222;Salvador Allende&#8220; f\u00fcr ihre allj\u00e4hrliche Weihnachtsfeier zur Verf\u00fcgung gestellt.<\/p>\n<p id=\"683_2\" class=\"Text\">&#8222;Hier haben wir gen\u00fcgend Platz&#8220;, sagte Renate Rosenfeld, die die Veranstaltung seit neun Jahren mit ihrem Mann organisiert. Eine Warteliste habe es deshalb in diesem Jahr nicht gegeben. &#8222;In den vergangenen Jahren war es etwas eng, als wir in Schiffm\u00fchle gefeiert haben und ich manche G\u00e4ste wegen Platzmangels auf die Warteliste setzen musste&#8220;, sagte die Haselbergerin. 152 Frauen und M\u00e4nner der Alters- und Ehrenabteilungen hatten schlie\u00dflich am Mittwoch ihren Weg in den Speiseraum der Schule gefunden und sich die Einstimmung auf das Weihnachtsfest nicht entgehen lassen. Den Auftakt in das Programm gaben die Erstkl\u00e4ssler der Grundschule mit Weihnachtsliedern und Gedichten.<\/p>\n<p id=\"479_3\" class=\"Text\">Wriezens B\u00fcrgermeister Uwe Siebert und Karsten Birkholz, Amtsdirektor des Amtes Barnim-Oderbruch, &#8211; Bad Freienwaldes B\u00fcrgermeister Ralf Lehmann lie\u00df sich entschuldigen &#8211; bedankten sich bei den Rosenfelds f\u00fcr die Organisation. &#8222;Es gibt einige Herausforderungen, die sich die Mitglieder auf den kommenden Versammlungen stellen m\u00fcssen&#8220;, sagte Uwe Siebert. Dazu geh\u00f6re unter anderem, wie die Abteilungen begonnen haben und wie die jungen Mitglieder nun mit diesem Erbe umgehen.<\/p>\n<p id=\"367_4\" class=\"Text\">Letztmalig vom Kreisfeuerwehrverband ausgezeichnet wurden Wehrmitglieder f\u00fcr ihre Treuen Dienste. Im Mai diesen Jahres wurde festgelegt, dass die Ehrungen bis zur 80-j\u00e4hrigen Mitgliedschaft in neun Stufen geregelt werden, erkl\u00e4rte Renate Rosenfeld. Die Zust\u00e4ndigkeit daf\u00fcr war den Tr\u00e4gern des Brandschutzes \u00fcbertragen worden, also den Landkreisen und Kommunen.<\/p>\n<p id=\"511_5\" class=\"Text\">\u00dcber eine Medaille f\u00fcr ihr Engagement konnten sich nichtsdestotrotz Werner Grundmann (Feuerwehr Wriezen), Dieter Schwanz (Feuerwehr Bralitz) und G\u00fcnter Fiddecke (Feuerwehr Bliesdorf) freuen. Der ehemalige Amtswehrf\u00fchrer Grundmann nutzte in diesem Zusammenhang die Gelegenheit, an ein Jubil\u00e4um im kommenden Jahr zu erinnern. &#8222;Im n\u00e4chsten Jahr ist das Oderhochwasser 20 Jahre her&#8220;, sagte Grundmann. &#8222;Damals haben die Kameraden ordentlich mit angepackt. Ich hoffe, das wird nicht vergessen&#8220;, f\u00fcgte er hinzu.<\/p>\n<p id=\"203_6\" class=\"Text\">Bei der traditionellen Spendensammlung der Weihnachtsfeier kamen 210 Euro zusammen. Die Summe soll an den Zoo Altreetz gehen, erkl\u00e4rte Renate Rosenfeld, um das Behindertendorf des Zoos zu unterst\u00fctzen.<\/p>\n<p class=\"Text\">Katrin Hartmann, MOZ &#8211; <span class=\"h4teaser lightGrey upperCase\">Redaktion Bad Freienwalde <\/span><\/p>\n<\/div>\n","protected":false},"excerpt":{"rendered":"<p>Wriezen (MOZ) Der Speiseraum der Salvador-Allende-Oberschule bot am Mittwoch ausreichend Platz f\u00fcr seine 152\u00a0Besucher. In den Jahren zuvor mussten einige Mitglieder der Alters- und Ehrenabteilungen der Feuerwehren im Altkreis Bad Freienwalde durch Platzmangel auf die Weihnachtsfeier verzichten &#8211; diesmal nicht. Es war eine Premiere und eine gute Entscheidung, befanden Renate und Winfried Rosenfeld. In diesem [&hellip;]<\/p>\n","protected":false},"author":3,"featured_media":0,"comment_status":"closed","ping_status":"closed","sticky":false,"template":"","format":"standard","meta":{"footnotes":""},"categories":[1],"tags":[],"class_list":["post-1903","post","type-post","status-publish","format-standard","hentry","category-sonstige"],"_links":{"self":[{"href":"https:\/\/kfv-mol.de\/Wordpress\/wp-json\/wp\/v2\/posts\/1903","targetHints":{"allow":["GET"]}}],"collection":[{"href":"https:\/\/kfv-mol.de\/Wordpress\/wp-json\/wp\/v2\/posts"}],"about":[{"href":"https:\/\/kfv-mol.de\/Wordpress\/wp-json\/wp\/v2\/types\/post"}],"author":[{"embeddable":true,"href":"https:\/\/kfv-mol.de\/Wordpress\/wp-json\/wp\/v2\/users\/3"}],"replies":[{"embeddable":true,"href":"https:\/\/kfv-mol.de\/Wordpress\/wp-json\/wp\/v2\/comments?post=1903"}],"version-history":[{"count":0,"href":"https:\/\/kfv-mol.de\/Wordpress\/wp-json\/wp\/v2\/posts\/1903\/revisions"}],"wp:attachment":[{"href":"https:\/\/kfv-mol.de\/Wordpress\/wp-json\/wp\/v2\/media?parent=1903"}],"wp:term":[{"taxonomy":"category","embeddable":true,"href":"https:\/\/kfv-mol.de\/Wordpress\/wp-json\/wp\/v2\/categories?post=1903"},{"taxonomy":"post_tag","embeddable":true,"href":"https:\/\/kfv-mol.de\/Wordpress\/wp-json\/wp\/v2\/tags?post=1903"}],"curies":[{"name":"wp","href":"https:\/\/api.w.org\/{rel}","templated":true}]}}