{"id":1891,"date":"2016-11-23T11:35:10","date_gmt":"2016-11-23T10:35:10","guid":{"rendered":"http:\/\/www.kfv-mol.de\/Wordpress\/?p=1891"},"modified":"2016-11-23T13:24:31","modified_gmt":"2016-11-23T12:24:31","slug":"ehrenamtsempfang-des-kreistages-maerkisch-oderland","status":"publish","type":"post","link":"https:\/\/kfv-mol.de\/Wordpress\/Artikel\/ehrenamtsempfang-des-kreistages-maerkisch-oderland\/","title":{"rendered":"Ehrenamtsempfang des Kreistages M\u00e4rkisch-Oderland"},"content":{"rendered":"<p>Anl\u00e4\u00dflich des Tages des Ehrenamtes gaben der Kreistag und der Landrat am 22.11.2016 einen Empfang f\u00fcr verdiente Feuerwehrsportler, Trainer, Jugendfeuerwehrbetreuer und F\u00fchrungskr\u00e4fte des Kreises M\u00e4rkisch -Oderland einen festlichen Empfang mit Abendessen im Kunstspeicher Friedersdorf.<\/p>\n<p><a href=\"https:\/\/kfv-mol.de\/Wordpress\/wp-content\/uploads\/2016\/11\/1-IMG_2522.jpg\"><img decoding=\"async\" class=\"aligncenter size-full wp-image-1892 lazyload\" data-src=\"https:\/\/kfv-mol.de\/Wordpress\/wp-content\/uploads\/2016\/11\/1-IMG_2522.jpg\" alt=\"1-img_2522\" width=\"1600\" height=\"1200\" data-srcset=\"https:\/\/kfv-mol.de\/Wordpress\/wp-content\/uploads\/2016\/11\/1-IMG_2522.jpg 1600w, https:\/\/kfv-mol.de\/Wordpress\/wp-content\/uploads\/2016\/11\/1-IMG_2522-300x225.jpg 300w, https:\/\/kfv-mol.de\/Wordpress\/wp-content\/uploads\/2016\/11\/1-IMG_2522-768x576.jpg 768w, https:\/\/kfv-mol.de\/Wordpress\/wp-content\/uploads\/2016\/11\/1-IMG_2522-1024x768.jpg 1024w\" data-sizes=\"(max-width: 1600px) 100vw, 1600px\" src=\"data:image\/svg+xml;base64,PHN2ZyB3aWR0aD0iMSIgaGVpZ2h0PSIxIiB4bWxucz0iaHR0cDovL3d3dy53My5vcmcvMjAwMC9zdmciPjwvc3ZnPg==\" style=\"--smush-placeholder-width: 1600px; --smush-placeholder-aspect-ratio: 1600\/1200;\" \/><\/a><\/p>\n<p>Die Vorsitzende des Kreistages Frau Dr. Sibille Bock und der Landrat Herr Gernot Schmidt sowie einige Kreistagsabgeordnete begr\u00fc\u00dften die Kameradinnen und Kameraden und \u00fcberreichten dem Feuerwehrsport-Team MOL eine Fahne des Landkreises. Damit k\u00f6nnen sie 2017 bei der Feuerwehrolympiade im \u00f6sterreichischem Villach den Kreis w\u00fcrdig repr\u00e4sentieren.<\/p>\n<p>Insbesondere f\u00fcr ihre hervorragenden Ergebnisse bei den Deutschen Feuerwehrmeisterschaften in Rostock und den Landesmeisterschaften der Jugendfeuerwehren in Doberlug-Kirchhain \u00fcberreichten der Vorsitzende des KFV Kamerad Hans-Dieter Kandzia und der Kreisbrandmeister Kamerad Rossow Auszeichnungen an die beteiligten Kameradinnen und Kameraden:<\/p>\n<ol>\n<li><strong> Deutsches Feuerwehr-Ehrenkreuz in Bronze<\/strong><\/li>\n<\/ol>\n<ul>\n<li>Gerd Giese,<\/li>\n<li>Andreas Zwick<\/li>\n<li>Alexander Krenz<\/li>\n<\/ul>\n<p><a href=\"https:\/\/kfv-mol.de\/Wordpress\/wp-content\/uploads\/2016\/11\/3-IMG_2533.jpg\"><img decoding=\"async\" class=\"aligncenter size-medium wp-image-1893 lazyload\" data-src=\"https:\/\/kfv-mol.de\/Wordpress\/wp-content\/uploads\/2016\/11\/3-IMG_2533-300x225.jpg\" alt=\"3-img_2533\" width=\"300\" height=\"225\" data-srcset=\"https:\/\/kfv-mol.de\/Wordpress\/wp-content\/uploads\/2016\/11\/3-IMG_2533-300x225.jpg 300w, https:\/\/kfv-mol.de\/Wordpress\/wp-content\/uploads\/2016\/11\/3-IMG_2533-768x576.jpg 768w, https:\/\/kfv-mol.de\/Wordpress\/wp-content\/uploads\/2016\/11\/3-IMG_2533-1024x768.jpg 1024w, https:\/\/kfv-mol.de\/Wordpress\/wp-content\/uploads\/2016\/11\/3-IMG_2533.jpg 1600w\" data-sizes=\"(max-width: 300px) 100vw, 300px\" src=\"data:image\/svg+xml;base64,PHN2ZyB3aWR0aD0iMSIgaGVpZ2h0PSIxIiB4bWxucz0iaHR0cDovL3d3dy53My5vcmcvMjAwMC9zdmciPjwvc3ZnPg==\" style=\"--smush-placeholder-width: 300px; --smush-placeholder-aspect-ratio: 300\/225;\" \/><\/a><\/p>\n<ol start=\"2\">\n<li><strong> Feuerwehr-Ehrenkreuz des Landesfeuerwehrverbandes Brandenburg<\/strong><\/li>\n<\/ol>\n<ul>\n<li><strong>\u00a0<\/strong>Lutz Reincke<\/li>\n<\/ul>\n<ol start=\"3\">\n<li><strong> Feuerwehr-Ehrenzeichen des Kreisfeuerwehrverbandes MOL<\/strong><\/li>\n<\/ol>\n<ul>\n<li>Diana Ahnert<\/li>\n<li>Matthias Pl\u00f6nzke<\/li>\n<li>Sebastian Zwick<\/li>\n<\/ul>\n<p><a href=\"https:\/\/kfv-mol.de\/Wordpress\/wp-content\/uploads\/2016\/11\/4-IMG_2538.jpg\"><img decoding=\"async\" class=\"aligncenter size-medium wp-image-1894 lazyload\" data-src=\"https:\/\/kfv-mol.de\/Wordpress\/wp-content\/uploads\/2016\/11\/4-IMG_2538-300x221.jpg\" alt=\"4-img_2538\" width=\"300\" height=\"221\" data-srcset=\"https:\/\/kfv-mol.de\/Wordpress\/wp-content\/uploads\/2016\/11\/4-IMG_2538-300x221.jpg 300w, https:\/\/kfv-mol.de\/Wordpress\/wp-content\/uploads\/2016\/11\/4-IMG_2538-768x566.jpg 768w, https:\/\/kfv-mol.de\/Wordpress\/wp-content\/uploads\/2016\/11\/4-IMG_2538-1024x754.jpg 1024w, https:\/\/kfv-mol.de\/Wordpress\/wp-content\/uploads\/2016\/11\/4-IMG_2538.jpg 1157w\" data-sizes=\"(max-width: 300px) 100vw, 300px\" src=\"data:image\/svg+xml;base64,PHN2ZyB3aWR0aD0iMSIgaGVpZ2h0PSIxIiB4bWxucz0iaHR0cDovL3d3dy53My5vcmcvMjAwMC9zdmciPjwvc3ZnPg==\" style=\"--smush-placeholder-width: 300px; --smush-placeholder-aspect-ratio: 300\/221;\" \/><\/a><\/p>\n<ol start=\"4\">\n<li><strong> Ehrennadel des Kreisfeuerwehrverbandes MOL in Gold<\/strong><\/li>\n<\/ol>\n<ul>\n<li>Cindy Ahnert<\/li>\n<li>Lisa L\u00f6bl<\/li>\n<li>Maik Berger<\/li>\n<li>Toni Bittner<\/li>\n<li>Michael Grunzke<\/li>\n<li>Patrick Piater<\/li>\n<li>Steven Dietrich<\/li>\n<li>Mike Lipke<\/li>\n<\/ul>\n<p><a href=\"https:\/\/kfv-mol.de\/Wordpress\/wp-content\/uploads\/2016\/11\/5-IMG_2543.jpg\"><img decoding=\"async\" class=\"aligncenter size-medium wp-image-1895 lazyload\" data-src=\"https:\/\/kfv-mol.de\/Wordpress\/wp-content\/uploads\/2016\/11\/5-IMG_2543-300x200.jpg\" alt=\"5-img_2543\" width=\"300\" height=\"200\" data-srcset=\"https:\/\/kfv-mol.de\/Wordpress\/wp-content\/uploads\/2016\/11\/5-IMG_2543-300x200.jpg 300w, https:\/\/kfv-mol.de\/Wordpress\/wp-content\/uploads\/2016\/11\/5-IMG_2543-768x511.jpg 768w, https:\/\/kfv-mol.de\/Wordpress\/wp-content\/uploads\/2016\/11\/5-IMG_2543-1024x681.jpg 1024w, https:\/\/kfv-mol.de\/Wordpress\/wp-content\/uploads\/2016\/11\/5-IMG_2543.jpg 1439w\" data-sizes=\"(max-width: 300px) 100vw, 300px\" src=\"data:image\/svg+xml;base64,PHN2ZyB3aWR0aD0iMSIgaGVpZ2h0PSIxIiB4bWxucz0iaHR0cDovL3d3dy53My5vcmcvMjAwMC9zdmciPjwvc3ZnPg==\" style=\"--smush-placeholder-width: 300px; --smush-placeholder-aspect-ratio: 300\/200;\" \/><\/a> <a href=\"https:\/\/kfv-mol.de\/Wordpress\/wp-content\/uploads\/2016\/11\/9-IMG_2557.jpg\"><img decoding=\"async\" class=\"aligncenter size-medium wp-image-1896 lazyload\" data-src=\"https:\/\/kfv-mol.de\/Wordpress\/wp-content\/uploads\/2016\/11\/9-IMG_2557-300x225.jpg\" alt=\"9-img_2557\" width=\"300\" height=\"225\" data-srcset=\"https:\/\/kfv-mol.de\/Wordpress\/wp-content\/uploads\/2016\/11\/9-IMG_2557-300x225.jpg 300w, https:\/\/kfv-mol.de\/Wordpress\/wp-content\/uploads\/2016\/11\/9-IMG_2557-768x576.jpg 768w, https:\/\/kfv-mol.de\/Wordpress\/wp-content\/uploads\/2016\/11\/9-IMG_2557-1024x768.jpg 1024w, https:\/\/kfv-mol.de\/Wordpress\/wp-content\/uploads\/2016\/11\/9-IMG_2557.jpg 1600w\" data-sizes=\"(max-width: 300px) 100vw, 300px\" src=\"data:image\/svg+xml;base64,PHN2ZyB3aWR0aD0iMSIgaGVpZ2h0PSIxIiB4bWxucz0iaHR0cDovL3d3dy53My5vcmcvMjAwMC9zdmciPjwvc3ZnPg==\" style=\"--smush-placeholder-width: 300px; --smush-placeholder-aspect-ratio: 300\/225;\" \/><\/a><\/p>\n<ol start=\"5\">\n<li><strong> Ehrennadel des Kreisfeuerwehrverbandes MOL in Silber<\/strong><\/li>\n<\/ol>\n<ul>\n<li>Eileen Hildebrand<\/li>\n<li>Erik Oldinski<\/li>\n<li>Lucas Kerger<\/li>\n<li>Christian Mlosch<\/li>\n<li>Siegbert Schulz<\/li>\n<\/ul>\n<p><a href=\"https:\/\/kfv-mol.de\/Wordpress\/wp-content\/uploads\/2016\/11\/IMG_2544.jpg\"><img decoding=\"async\" class=\"aligncenter size-medium wp-image-1897 lazyload\" data-src=\"https:\/\/kfv-mol.de\/Wordpress\/wp-content\/uploads\/2016\/11\/IMG_2544-300x200.jpg\" alt=\"img_2544\" width=\"300\" height=\"200\" data-srcset=\"https:\/\/kfv-mol.de\/Wordpress\/wp-content\/uploads\/2016\/11\/IMG_2544-300x200.jpg 300w, https:\/\/kfv-mol.de\/Wordpress\/wp-content\/uploads\/2016\/11\/IMG_2544-768x512.jpg 768w, https:\/\/kfv-mol.de\/Wordpress\/wp-content\/uploads\/2016\/11\/IMG_2544-1024x683.jpg 1024w, https:\/\/kfv-mol.de\/Wordpress\/wp-content\/uploads\/2016\/11\/IMG_2544.jpg 1416w\" data-sizes=\"(max-width: 300px) 100vw, 300px\" src=\"data:image\/svg+xml;base64,PHN2ZyB3aWR0aD0iMSIgaGVpZ2h0PSIxIiB4bWxucz0iaHR0cDovL3d3dy53My5vcmcvMjAwMC9zdmciPjwvc3ZnPg==\" style=\"--smush-placeholder-width: 300px; --smush-placeholder-aspect-ratio: 300\/200;\" \/><\/a><\/p>\n<p>Der Kreisjugendfeuerwehrwart Kamerad Janko Poplien zeichnete au\u00dferdem<\/p>\n<ul>\n<li>Lars Kollmorgen<\/li>\n<\/ul>\n<p>mit der <strong>Ehrennadel der Kreisjugendfeuerwehr in Silber<\/strong> aus.<\/p>\n<p><a href=\"https:\/\/kfv-mol.de\/Wordpress\/wp-content\/uploads\/2016\/11\/IMG_2550.jpg\"><img decoding=\"async\" class=\"aligncenter size-medium wp-image-1898 lazyload\" data-src=\"https:\/\/kfv-mol.de\/Wordpress\/wp-content\/uploads\/2016\/11\/IMG_2550-300x225.jpg\" alt=\"img_2550\" width=\"300\" height=\"225\" data-srcset=\"https:\/\/kfv-mol.de\/Wordpress\/wp-content\/uploads\/2016\/11\/IMG_2550-300x225.jpg 300w, https:\/\/kfv-mol.de\/Wordpress\/wp-content\/uploads\/2016\/11\/IMG_2550-768x576.jpg 768w, https:\/\/kfv-mol.de\/Wordpress\/wp-content\/uploads\/2016\/11\/IMG_2550-1024x768.jpg 1024w, https:\/\/kfv-mol.de\/Wordpress\/wp-content\/uploads\/2016\/11\/IMG_2550.jpg 1600w\" data-sizes=\"(max-width: 300px) 100vw, 300px\" src=\"data:image\/svg+xml;base64,PHN2ZyB3aWR0aD0iMSIgaGVpZ2h0PSIxIiB4bWxucz0iaHR0cDovL3d3dy53My5vcmcvMjAwMC9zdmciPjwvc3ZnPg==\" style=\"--smush-placeholder-width: 300px; --smush-placeholder-aspect-ratio: 300\/225;\" \/><\/a><\/p>\n<p>Alle ausgezeichneten Kameradinnen und Kameraden erhielten au\u00dferdem vom Landkreis eine Dankesurkunde mit Wappenanstecker und einer Ehrenplakette aus Mei\u00dfener Porzelan.<\/p>\n","protected":false},"excerpt":{"rendered":"<p>Anl\u00e4\u00dflich des Tages des Ehrenamtes gaben der Kreistag und der Landrat am 22.11.2016 einen Empfang f\u00fcr verdiente Feuerwehrsportler, Trainer, Jugendfeuerwehrbetreuer und F\u00fchrungskr\u00e4fte des Kreises M\u00e4rkisch -Oderland einen festlichen Empfang mit Abendessen im Kunstspeicher Friedersdorf. Die Vorsitzende des Kreistages Frau Dr. Sibille Bock und der Landrat Herr Gernot Schmidt sowie einige Kreistagsabgeordnete begr\u00fc\u00dften die Kameradinnen und [&hellip;]<\/p>\n","protected":false},"author":3,"featured_media":1673,"comment_status":"closed","ping_status":"closed","sticky":false,"template":"","format":"standard","meta":{"footnotes":""},"categories":[1],"tags":[],"class_list":["post-1891","post","type-post","status-publish","format-standard","has-post-thumbnail","hentry","category-sonstige"],"_links":{"self":[{"href":"https:\/\/kfv-mol.de\/Wordpress\/wp-json\/wp\/v2\/posts\/1891","targetHints":{"allow":["GET"]}}],"collection":[{"href":"https:\/\/kfv-mol.de\/Wordpress\/wp-json\/wp\/v2\/posts"}],"about":[{"href":"https:\/\/kfv-mol.de\/Wordpress\/wp-json\/wp\/v2\/types\/post"}],"author":[{"embeddable":true,"href":"https:\/\/kfv-mol.de\/Wordpress\/wp-json\/wp\/v2\/users\/3"}],"replies":[{"embeddable":true,"href":"https:\/\/kfv-mol.de\/Wordpress\/wp-json\/wp\/v2\/comments?post=1891"}],"version-history":[{"count":0,"href":"https:\/\/kfv-mol.de\/Wordpress\/wp-json\/wp\/v2\/posts\/1891\/revisions"}],"wp:featuredmedia":[{"embeddable":true,"href":"https:\/\/kfv-mol.de\/Wordpress\/wp-json\/wp\/v2\/media\/1673"}],"wp:attachment":[{"href":"https:\/\/kfv-mol.de\/Wordpress\/wp-json\/wp\/v2\/media?parent=1891"}],"wp:term":[{"taxonomy":"category","embeddable":true,"href":"https:\/\/kfv-mol.de\/Wordpress\/wp-json\/wp\/v2\/categories?post=1891"},{"taxonomy":"post_tag","embeddable":true,"href":"https:\/\/kfv-mol.de\/Wordpress\/wp-json\/wp\/v2\/tags?post=1891"}],"curies":[{"name":"wp","href":"https:\/\/api.w.org\/{rel}","templated":true}]}}