{"id":1830,"date":"2016-10-23T10:26:57","date_gmt":"2016-10-23T09:26:57","guid":{"rendered":"http:\/\/www.kfv-mol.de\/Wordpress\/?p=1830"},"modified":"2016-10-23T10:26:57","modified_gmt":"2016-10-23T09:26:57","slug":"70-gruendungsjubilaeum-der-ff-debno-in-polen","status":"publish","type":"post","link":"https:\/\/kfv-mol.de\/Wordpress\/Artikel\/70-gruendungsjubilaeum-der-ff-debno-in-polen\/","title":{"rendered":"70. Gr\u00fcndungsjubil\u00e4um der FF Debno in Polen"},"content":{"rendered":"<p>Am 22.10.2016 fuhren 6 Kameraden aus M\u00e4rkisch-Oderland nach Debno auf der anderen Seite der Oder.<\/p>\n<p>Die Freiwillige Feuerwehr Debno ist die Partnerfeuerwehr von Strausberg und feierte ihren 70. Gr\u00fcndungstag. Der Leiter der FF Debno Tadeusz Nowak ist gleichzeitig Vorsitzender des Kreisfeuerwehrverbandes, so da\u00df der Delegation auch zwei Kameraden des Vorstandes unseres Kreisfeuerwehrverbandes angeh\u00f6rten.<\/p>\n<p>Nach der Begr\u00fc\u00dfung in der Berufsfeuerwache Debno wurde zur Kirche marschiert, hier fand ein katholischer Gottesdienst mit Segnung der Kameraden und ihres Handwerkzeuges statt.<\/p>\n<p>Im Kulturhaus der Stadt Debno wurde dann der Festakt zum Jubil\u00e4um durchgef\u00fchrt, mit Reden, Ehrungen und dem \u00dcberreichen von Geschenken.<\/p>\n<p>Der Stadtwehrf\u00fchrer von Strausberg Uwe Schmidt und der Vorsitzende des Kreisfeuerwehrverbandes MOL Hans-Dieter Kandzia gratulierten herzlich und \u00fcberreichten ebenfalls Pr\u00e4sente.<\/p>\n<p>Au\u00dfer Honorationen von Stadt, Kreis und auch Wojewodschaft nahmen auch Delegationen von der niederl\u00e4ndischen Feuerwehr, der Berliner Feuerwehr und dem THW Seelow an der Veranstaltung teil.<\/p>\n<p>Nach einem \u00fcppigem Mahl und scharfen Getr\u00e4nken verabschiedeten wir uns mit dem Versprechen unsere Zusammenarbeit auch k\u00fcnftig fortzusetzen.<\/p>\n\n\t\t<style type=\"text\/css\">\n\t\t\t#gallery-1 {\n\t\t\t\tmargin: auto;\n\t\t\t}\n\t\t\t#gallery-1 .gallery-item {\n\t\t\t\tfloat: left;\n\t\t\t\tmargin-top: 10px;\n\t\t\t\ttext-align: center;\n\t\t\t\twidth: 33%;\n\t\t\t}\n\t\t\t#gallery-1 img {\n\t\t\t\tborder: 2px solid #cfcfcf;\n\t\t\t}\n\t\t\t#gallery-1 .gallery-caption {\n\t\t\t\tmargin-left: 0;\n\t\t\t}\n\t\t\t\/* see gallery_shortcode() in wp-includes\/media.php *\/\n\t\t<\/style>\n\t\t<div id='gallery-1' class='gallery galleryid-1830 gallery-columns-3 gallery-size-medium'><dl class='gallery-item'>\n\t\t\t<dt class='gallery-icon portrait'>\n\t\t\t\t<a href='https:\/\/kfv-mol.de\/Wordpress\/Artikel\/70-gruendungsjubilaeum-der-ff-debno-in-polen\/img-20161022-wa0000\/'><img decoding=\"async\" width=\"200\" height=\"300\" data-src=\"https:\/\/kfv-mol.de\/Wordpress\/wp-content\/uploads\/2016\/10\/IMG-20161022-WA0000-200x300.jpg\" class=\"attachment-medium size-medium lazyload\" alt=\"\" data-srcset=\"https:\/\/kfv-mol.de\/Wordpress\/wp-content\/uploads\/2016\/10\/IMG-20161022-WA0000-200x300.jpg 200w, https:\/\/kfv-mol.de\/Wordpress\/wp-content\/uploads\/2016\/10\/IMG-20161022-WA0000.jpg 420w\" data-sizes=\"(max-width: 200px) 100vw, 200px\" src=\"data:image\/svg+xml;base64,PHN2ZyB3aWR0aD0iMSIgaGVpZ2h0PSIxIiB4bWxucz0iaHR0cDovL3d3dy53My5vcmcvMjAwMC9zdmciPjwvc3ZnPg==\" style=\"--smush-placeholder-width: 200px; --smush-placeholder-aspect-ratio: 200\/300;\" \/><\/a>\n\t\t\t<\/dt><\/dl><dl class='gallery-item'>\n\t\t\t<dt class='gallery-icon landscape'>\n\t\t\t\t<a href='https:\/\/kfv-mol.de\/Wordpress\/Artikel\/70-gruendungsjubilaeum-der-ff-debno-in-polen\/img-20161022-wa0004\/'><img decoding=\"async\" width=\"300\" height=\"200\" data-src=\"https:\/\/kfv-mol.de\/Wordpress\/wp-content\/uploads\/2016\/10\/IMG-20161022-WA0004-300x200.jpg\" class=\"attachment-medium size-medium lazyload\" alt=\"\" data-srcset=\"https:\/\/kfv-mol.de\/Wordpress\/wp-content\/uploads\/2016\/10\/IMG-20161022-WA0004-300x200.jpg 300w, https:\/\/kfv-mol.de\/Wordpress\/wp-content\/uploads\/2016\/10\/IMG-20161022-WA0004-768x511.jpg 768w, https:\/\/kfv-mol.de\/Wordpress\/wp-content\/uploads\/2016\/10\/IMG-20161022-WA0004.jpg 886w\" data-sizes=\"(max-width: 300px) 100vw, 300px\" src=\"data:image\/svg+xml;base64,PHN2ZyB3aWR0aD0iMSIgaGVpZ2h0PSIxIiB4bWxucz0iaHR0cDovL3d3dy53My5vcmcvMjAwMC9zdmciPjwvc3ZnPg==\" style=\"--smush-placeholder-width: 300px; --smush-placeholder-aspect-ratio: 300\/200;\" \/><\/a>\n\t\t\t<\/dt><\/dl><dl class='gallery-item'>\n\t\t\t<dt class='gallery-icon portrait'>\n\t\t\t\t<a href='https:\/\/kfv-mol.de\/Wordpress\/Artikel\/70-gruendungsjubilaeum-der-ff-debno-in-polen\/img-20161022-wa0006\/'><img decoding=\"async\" width=\"200\" height=\"300\" data-src=\"https:\/\/kfv-mol.de\/Wordpress\/wp-content\/uploads\/2016\/10\/IMG-20161022-WA0006-200x300.jpg\" class=\"attachment-medium size-medium lazyload\" alt=\"\" data-srcset=\"https:\/\/kfv-mol.de\/Wordpress\/wp-content\/uploads\/2016\/10\/IMG-20161022-WA0006-200x300.jpg 200w, https:\/\/kfv-mol.de\/Wordpress\/wp-content\/uploads\/2016\/10\/IMG-20161022-WA0006.jpg 380w\" data-sizes=\"(max-width: 200px) 100vw, 200px\" src=\"data:image\/svg+xml;base64,PHN2ZyB3aWR0aD0iMSIgaGVpZ2h0PSIxIiB4bWxucz0iaHR0cDovL3d3dy53My5vcmcvMjAwMC9zdmciPjwvc3ZnPg==\" style=\"--smush-placeholder-width: 200px; --smush-placeholder-aspect-ratio: 200\/300;\" \/><\/a>\n\t\t\t<\/dt><\/dl><br style=\"clear: both\" \/>\n\t\t<\/div>\n\n","protected":false},"excerpt":{"rendered":"<p>Am 22.10.2016 fuhren 6 Kameraden aus M\u00e4rkisch-Oderland nach Debno auf der anderen Seite der Oder. Die Freiwillige Feuerwehr Debno ist die Partnerfeuerwehr von Strausberg und feierte ihren 70. Gr\u00fcndungstag. Der Leiter der FF Debno Tadeusz Nowak ist gleichzeitig Vorsitzender des Kreisfeuerwehrverbandes, so da\u00df der Delegation auch zwei Kameraden des Vorstandes unseres Kreisfeuerwehrverbandes angeh\u00f6rten. Nach der [&hellip;]<\/p>\n","protected":false},"author":3,"featured_media":1831,"comment_status":"closed","ping_status":"closed","sticky":false,"template":"","format":"standard","meta":{"footnotes":""},"categories":[1],"tags":[],"class_list":["post-1830","post","type-post","status-publish","format-standard","has-post-thumbnail","hentry","category-sonstige"],"_links":{"self":[{"href":"https:\/\/kfv-mol.de\/Wordpress\/wp-json\/wp\/v2\/posts\/1830","targetHints":{"allow":["GET"]}}],"collection":[{"href":"https:\/\/kfv-mol.de\/Wordpress\/wp-json\/wp\/v2\/posts"}],"about":[{"href":"https:\/\/kfv-mol.de\/Wordpress\/wp-json\/wp\/v2\/types\/post"}],"author":[{"embeddable":true,"href":"https:\/\/kfv-mol.de\/Wordpress\/wp-json\/wp\/v2\/users\/3"}],"replies":[{"embeddable":true,"href":"https:\/\/kfv-mol.de\/Wordpress\/wp-json\/wp\/v2\/comments?post=1830"}],"version-history":[{"count":0,"href":"https:\/\/kfv-mol.de\/Wordpress\/wp-json\/wp\/v2\/posts\/1830\/revisions"}],"wp:featuredmedia":[{"embeddable":true,"href":"https:\/\/kfv-mol.de\/Wordpress\/wp-json\/wp\/v2\/media\/1831"}],"wp:attachment":[{"href":"https:\/\/kfv-mol.de\/Wordpress\/wp-json\/wp\/v2\/media?parent=1830"}],"wp:term":[{"taxonomy":"category","embeddable":true,"href":"https:\/\/kfv-mol.de\/Wordpress\/wp-json\/wp\/v2\/categories?post=1830"},{"taxonomy":"post_tag","embeddable":true,"href":"https:\/\/kfv-mol.de\/Wordpress\/wp-json\/wp\/v2\/tags?post=1830"}],"curies":[{"name":"wp","href":"https:\/\/api.w.org\/{rel}","templated":true}]}}