{"id":180,"date":"2011-04-18T19:14:13","date_gmt":"2011-04-18T18:14:13","guid":{"rendered":"http:\/\/www.kfv-mol.de\/Wordpress\/?p=180"},"modified":"2011-04-19T14:53:03","modified_gmt":"2011-04-19T13:53:03","slug":"hauptausschuss-des-kfv-mol-tagte-am-16-04-11-in-pritzhagen","status":"publish","type":"post","link":"https:\/\/kfv-mol.de\/Wordpress\/Artikel\/hauptausschuss-des-kfv-mol-tagte-am-16-04-11-in-pritzhagen\/","title":{"rendered":"Hauptausschuss des KFV MOL tagte am 16.04.11 in Pritzhagen"},"content":{"rendered":"<p>Der Hauptausschuss des Kreisfeuerwehrverbandes setzt sich aus dem Vorstand, den Fachausschu\u00dfleitern und den benannten Vertretern der \u00c4mter und amtsfreien St\u00e4dte und Gemeinden zusammen. Er tritt in der Regel einmal im Jahr zusammen, um den Bericht des Vorstandes entgegenzunehmen, die Haushaltsrechnung des Vorjahres und den Haushaltsplan des laufenden Jahres zu best\u00e4tigen und andere wichtige Beschl\u00fcsse zu fassen.<\/p>\n<p><a href=\"https:\/\/kfv-mol.de\/Wordpress\/wp-content\/uploads\/2011\/04\/IMG_0107.jpg\"><img decoding=\"async\" class=\"aligncenter size-medium wp-image-182 lazyload\" title=\"Haupausschuss 16.4.2011\" data-src=\"https:\/\/kfv-mol.de\/Wordpress\/wp-content\/uploads\/2011\/04\/IMG_0107-300x224.jpg\" alt=\"\" width=\"300\" height=\"224\" data-srcset=\"https:\/\/kfv-mol.de\/Wordpress\/wp-content\/uploads\/2011\/04\/IMG_0107-300x224.jpg 300w, https:\/\/kfv-mol.de\/Wordpress\/wp-content\/uploads\/2011\/04\/IMG_0107.jpg 1024w\" data-sizes=\"(max-width: 300px) 100vw, 300px\" src=\"data:image\/svg+xml;base64,PHN2ZyB3aWR0aD0iMSIgaGVpZ2h0PSIxIiB4bWxucz0iaHR0cDovL3d3dy53My5vcmcvMjAwMC9zdmciPjwvc3ZnPg==\" style=\"--smush-placeholder-width: 300px; --smush-placeholder-aspect-ratio: 300\/224;\" \/><\/a><\/p>\n<p>Leider waren aus folgenden \u00c4mtern, St\u00e4dten und Gemeinden keine Vertreter an der diesj\u00e4hrigen HA-Sitzung anwesend:<\/p>\n<ul>\n<li>Amt      Lebus<\/li>\n<li>Amt      Falkenberg\/H\u00f6he<\/li>\n<li>Stadt      Altlandsberg<\/li>\n<li>Stadt      Bad Freienwalde<\/li>\n<\/ul>\n<p>Der Bericht des Vorstandes ist als Anlage beigef\u00fcgt.<\/p>\n<p>Die Haushaltsrechnung 2010 und der Haushaltsplan 2011 wurden best\u00e4tigt.<\/p>\n<p>&nbsp;<\/p>\n<p>Der Landrat Gernot Schmidt hat sich bei allen Feuerwehren des Kreises f\u00fcr ihre Einsatzbereitschaft bedankt, dies gilt insbesondere f\u00fcr die Hochwassereins\u00e4tze 2010\/11. Er\u00a0setzt auch weiterhin auf uns als wichtigste St\u00fctze in der Katastrophenabwehr, da es ja k\u00fcnftig keine wehrpflichtigen Soldaten mehr gibt.<\/p>\n<p><a href=\"https:\/\/kfv-mol.de\/Wordpress\/wp-content\/uploads\/2011\/04\/Herr-Harms-bei-der-\u00dcbergabe-des-symbolischen-Schecks-1.jpg\"><img decoding=\"async\" class=\"aligncenter size-medium wp-image-181 lazyload\" title=\"Herr Harms bei der \u00dcbergabe des symbolischen Schecks 1\" data-src=\"https:\/\/kfv-mol.de\/Wordpress\/wp-content\/uploads\/2011\/04\/Herr-Harms-bei-der-\u00dcbergabe-des-symbolischen-Schecks-1-300x224.jpg\" alt=\"\" width=\"300\" height=\"224\" data-srcset=\"https:\/\/kfv-mol.de\/Wordpress\/wp-content\/uploads\/2011\/04\/Herr-Harms-bei-der-\u00dcbergabe-des-symbolischen-Schecks-1-300x224.jpg 300w, https:\/\/kfv-mol.de\/Wordpress\/wp-content\/uploads\/2011\/04\/Herr-Harms-bei-der-\u00dcbergabe-des-symbolischen-Schecks-1.jpg 1024w\" data-sizes=\"(max-width: 300px) 100vw, 300px\" src=\"data:image\/svg+xml;base64,PHN2ZyB3aWR0aD0iMSIgaGVpZ2h0PSIxIiB4bWxucz0iaHR0cDovL3d3dy53My5vcmcvMjAwMC9zdmciPjwvc3ZnPg==\" style=\"--smush-placeholder-width: 300px; --smush-placeholder-aspect-ratio: 300\/224;\" \/><\/a><\/p>\n<p>Der Vorstandsvorsitzende der Sparkasse MOL, Herr Harms \u00fcberreichte dem KFV einen symbolischen Scheck in Form eines kombinierten Schaumrohres mit einer Sparb\u00fcchse. Infolge dieser Spende ist der KFV in der Lage den Feuerwehren wieder\u00a0finanzielle Zuwendungen auf Antrag zu Jubil\u00e4en und anderen \u00f6ffentlichen Veranstaltungen zu erteilen.<\/p>\n<p><span style=\"font-family: Arial; font-size: x-small;\"><br \/>\n<\/span><\/p>\n<p>Der Vorsitzende zeichnete den Strausberger Stadtbrandmeister Uwe Schmidt und die Schriftf\u00fchrerin im KFV-Vorstand Elfriede Kochan<\/p>\n<p>mit der Ehrennadel des KFV in Silber bzw. Gold f\u00fcr ihre aktive Unterst\u00fctzung bei der Verbandsarbeit aus.<\/p>\n<p><a href=\"https:\/\/kfv-mol.de\/Wordpress\/wp-content\/uploads\/2011\/04\/Bericht-HA-2011.pdf\">Bericht HA 2011<\/a><\/p>\n<p>&nbsp;<\/p>\n<p>Hans-Dieter Kandzia<br \/>\nVorsitzender<br \/>\nKreisfeuerwehrverband MOL e.V.<\/p>\n","protected":false},"excerpt":{"rendered":"<p>Der Hauptausschuss des Kreisfeuerwehrverbandes setzt sich aus dem Vorstand, den Fachausschu\u00dfleitern und den benannten Vertretern der \u00c4mter und amtsfreien St\u00e4dte und Gemeinden zusammen. Er tritt in der Regel einmal im Jahr zusammen, um den Bericht des Vorstandes entgegenzunehmen, die Haushaltsrechnung des Vorjahres und den Haushaltsplan des laufenden Jahres zu best\u00e4tigen und andere wichtige Beschl\u00fcsse zu [&hellip;]<\/p>\n","protected":false},"author":1,"featured_media":0,"comment_status":"closed","ping_status":"closed","sticky":false,"template":"","format":"standard","meta":{"footnotes":""},"categories":[4],"tags":[],"class_list":["post-180","post","type-post","status-publish","format-standard","hentry","category-kreisfeuerwehrverband"],"_links":{"self":[{"href":"https:\/\/kfv-mol.de\/Wordpress\/wp-json\/wp\/v2\/posts\/180","targetHints":{"allow":["GET"]}}],"collection":[{"href":"https:\/\/kfv-mol.de\/Wordpress\/wp-json\/wp\/v2\/posts"}],"about":[{"href":"https:\/\/kfv-mol.de\/Wordpress\/wp-json\/wp\/v2\/types\/post"}],"author":[{"embeddable":true,"href":"https:\/\/kfv-mol.de\/Wordpress\/wp-json\/wp\/v2\/users\/1"}],"replies":[{"embeddable":true,"href":"https:\/\/kfv-mol.de\/Wordpress\/wp-json\/wp\/v2\/comments?post=180"}],"version-history":[{"count":0,"href":"https:\/\/kfv-mol.de\/Wordpress\/wp-json\/wp\/v2\/posts\/180\/revisions"}],"wp:attachment":[{"href":"https:\/\/kfv-mol.de\/Wordpress\/wp-json\/wp\/v2\/media?parent=180"}],"wp:term":[{"taxonomy":"category","embeddable":true,"href":"https:\/\/kfv-mol.de\/Wordpress\/wp-json\/wp\/v2\/categories?post=180"},{"taxonomy":"post_tag","embeddable":true,"href":"https:\/\/kfv-mol.de\/Wordpress\/wp-json\/wp\/v2\/tags?post=180"}],"curies":[{"name":"wp","href":"https:\/\/api.w.org\/{rel}","templated":true}]}}