{"id":1793,"date":"2016-09-07T10:39:20","date_gmt":"2016-09-07T09:39:20","guid":{"rendered":"http:\/\/www.kfv-mol.de\/Wordpress\/?p=1793"},"modified":"2016-09-15T09:46:59","modified_gmt":"2016-09-15T08:46:59","slug":"der-kfv-hat-sich-auf-dem-brandenburg-tag-2016-praesentiert","status":"publish","type":"post","link":"https:\/\/kfv-mol.de\/Wordpress\/Artikel\/der-kfv-hat-sich-auf-dem-brandenburg-tag-2016-praesentiert\/","title":{"rendered":"Der KFV hat sich auf dem Brandenburg-Tag 2016 pr\u00e4sentiert"},"content":{"rendered":"<p>Der Kreisfeuerwehrverband MOL hat sich in Hoppegarten auf dem Brandenburg-Tag erfolgreich pr\u00e4sentiert. Als Bestandteil der Ehrenamtsmeile hat er an einem Stand seine Arbeit insbesondere auf dem Gebieten Jugendfeuerwehrarbeit, Feuerwehrsport, Feuerwehrhistorik und Alters- und Ehrenabteilung anschaulich zeigen k\u00f6nnen. Der Landesfeuerwehrverband Brandenburg hat dies am Nachbarstand mit Brandschutzerziehung und dem Werben um Frauen in die Feuerwehr erg\u00e4nzt.<\/p>\n<p>Beide St\u00e4nde wurden von vielen Besuchern angesteuert. Als besondere G\u00e4ste konnten wir den Innenminister Karl-Heinz Schr\u00f6ter, den Pr\u00e4sidenten des LFV Werner-Siegwart Schippel und den Landesbranddirektor Heinz Rudolph begr\u00fc\u00dfen. Auch Politiker wie den Vorsitzenden der Landes-CDU Ingo Senftleben und die parl. Gesch\u00e4ftsf\u00fchrerin der Gr\u00fcnen-Fraktion des Landtages Ursula Nonnemacher sowie die B\u00fcrgermeister von Neuenhagen und M\u00fcncheberg besuchten uns.<\/p>\n<p>Der Ministerpr\u00e4sident Dr. Dietmar Woidke \u00fcberreichte uns pers\u00f6nlich eine Dankesurkunde f\u00fcr unsere Teilnahme am Brandenburg-Tag.<\/p>\n<p>Im Gegensatz zu einigen anderen Vereinen haben wir beide Tage durchgehalten, daran haben insbesondere Kameradin Gudrun P\u00fcschel und die Kameraden Frank G\u00fcnzler, Gerd -Uwe Klopsch, Eberhard Patschke und Klaus- Peter P\u00fcschel Anteil.<\/p>\n<p>Feuerwehren aus MOL, insbesondere aus Hoppegarten, Vogelsdorf, Neuenhagen und R\u00fcdersdorf waren waren vor Ort f\u00fcr die Sicherheit t\u00e4tig. Die Feuerwehrtechnik wurde den Besuchern durch die LSTE demonstriert.<\/p>\n\n\t\t<style type=\"text\/css\">\n\t\t\t#gallery-1 {\n\t\t\t\tmargin: auto;\n\t\t\t}\n\t\t\t#gallery-1 .gallery-item {\n\t\t\t\tfloat: left;\n\t\t\t\tmargin-top: 10px;\n\t\t\t\ttext-align: center;\n\t\t\t\twidth: 33%;\n\t\t\t}\n\t\t\t#gallery-1 img {\n\t\t\t\tborder: 2px solid #cfcfcf;\n\t\t\t}\n\t\t\t#gallery-1 .gallery-caption {\n\t\t\t\tmargin-left: 0;\n\t\t\t}\n\t\t\t\/* see gallery_shortcode() in wp-includes\/media.php *\/\n\t\t<\/style>\n\t\t<div id='gallery-1' class='gallery galleryid-1793 gallery-columns-3 gallery-size-full'><dl class='gallery-item'>\n\t\t\t<dt class='gallery-icon landscape'>\n\t\t\t\t<a href='https:\/\/kfv-mol.de\/Wordpress\/Artikel\/der-kfv-hat-sich-auf-dem-brandenburg-tag-2016-praesentiert\/gudrun-mit-mp\/'><img decoding=\"async\" width=\"960\" height=\"540\" data-src=\"https:\/\/kfv-mol.de\/Wordpress\/wp-content\/uploads\/2016\/09\/Gudrun-mit-MP.jpg\" class=\"attachment-full size-full lazyload\" alt=\"\" data-srcset=\"https:\/\/kfv-mol.de\/Wordpress\/wp-content\/uploads\/2016\/09\/Gudrun-mit-MP.jpg 960w, https:\/\/kfv-mol.de\/Wordpress\/wp-content\/uploads\/2016\/09\/Gudrun-mit-MP-300x169.jpg 300w, https:\/\/kfv-mol.de\/Wordpress\/wp-content\/uploads\/2016\/09\/Gudrun-mit-MP-768x432.jpg 768w\" data-sizes=\"(max-width: 960px) 100vw, 960px\" src=\"data:image\/svg+xml;base64,PHN2ZyB3aWR0aD0iMSIgaGVpZ2h0PSIxIiB4bWxucz0iaHR0cDovL3d3dy53My5vcmcvMjAwMC9zdmciPjwvc3ZnPg==\" style=\"--smush-placeholder-width: 960px; --smush-placeholder-aspect-ratio: 960\/540;\" \/><\/a>\n\t\t\t<\/dt><\/dl><dl class='gallery-item'>\n\t\t\t<dt class='gallery-icon landscape'>\n\t\t\t\t<a href='https:\/\/kfv-mol.de\/Wordpress\/Artikel\/der-kfv-hat-sich-auf-dem-brandenburg-tag-2016-praesentiert\/kfv-im-gepraech\/'><img decoding=\"async\" width=\"960\" height=\"540\" data-src=\"https:\/\/kfv-mol.de\/Wordpress\/wp-content\/uploads\/2016\/09\/KFV-im-Gepr\u00e4ch.jpg\" class=\"attachment-full size-full lazyload\" alt=\"\" data-srcset=\"https:\/\/kfv-mol.de\/Wordpress\/wp-content\/uploads\/2016\/09\/KFV-im-Gepr\u00e4ch.jpg 960w, https:\/\/kfv-mol.de\/Wordpress\/wp-content\/uploads\/2016\/09\/KFV-im-Gepr\u00e4ch-300x169.jpg 300w, https:\/\/kfv-mol.de\/Wordpress\/wp-content\/uploads\/2016\/09\/KFV-im-Gepr\u00e4ch-768x432.jpg 768w\" data-sizes=\"(max-width: 960px) 100vw, 960px\" src=\"data:image\/svg+xml;base64,PHN2ZyB3aWR0aD0iMSIgaGVpZ2h0PSIxIiB4bWxucz0iaHR0cDovL3d3dy53My5vcmcvMjAwMC9zdmciPjwvc3ZnPg==\" style=\"--smush-placeholder-width: 960px; --smush-placeholder-aspect-ratio: 960\/540;\" \/><\/a>\n\t\t\t<\/dt><\/dl><dl class='gallery-item'>\n\t\t\t<dt class='gallery-icon landscape'>\n\t\t\t\t<a href='https:\/\/kfv-mol.de\/Wordpress\/Artikel\/der-kfv-hat-sich-auf-dem-brandenburg-tag-2016-praesentiert\/lbd-am-brandhaus\/'><img decoding=\"async\" width=\"960\" height=\"540\" data-src=\"https:\/\/kfv-mol.de\/Wordpress\/wp-content\/uploads\/2016\/09\/LBD-am-Brandhaus.jpg\" class=\"attachment-full size-full lazyload\" alt=\"\" data-srcset=\"https:\/\/kfv-mol.de\/Wordpress\/wp-content\/uploads\/2016\/09\/LBD-am-Brandhaus.jpg 960w, https:\/\/kfv-mol.de\/Wordpress\/wp-content\/uploads\/2016\/09\/LBD-am-Brandhaus-300x169.jpg 300w, https:\/\/kfv-mol.de\/Wordpress\/wp-content\/uploads\/2016\/09\/LBD-am-Brandhaus-768x432.jpg 768w\" data-sizes=\"(max-width: 960px) 100vw, 960px\" src=\"data:image\/svg+xml;base64,PHN2ZyB3aWR0aD0iMSIgaGVpZ2h0PSIxIiB4bWxucz0iaHR0cDovL3d3dy53My5vcmcvMjAwMC9zdmciPjwvc3ZnPg==\" style=\"--smush-placeholder-width: 960px; --smush-placeholder-aspect-ratio: 960\/540;\" \/><\/a>\n\t\t\t<\/dt><\/dl><br style=\"clear: both\" \/>\n\t\t<\/div>\n\n\n\t\t<style type=\"text\/css\">\n\t\t\t#gallery-2 {\n\t\t\t\tmargin: auto;\n\t\t\t}\n\t\t\t#gallery-2 .gallery-item {\n\t\t\t\tfloat: left;\n\t\t\t\tmargin-top: 10px;\n\t\t\t\ttext-align: center;\n\t\t\t\twidth: 33%;\n\t\t\t}\n\t\t\t#gallery-2 img {\n\t\t\t\tborder: 2px solid #cfcfcf;\n\t\t\t}\n\t\t\t#gallery-2 .gallery-caption {\n\t\t\t\tmargin-left: 0;\n\t\t\t}\n\t\t\t\/* see gallery_shortcode() in wp-includes\/media.php *\/\n\t\t<\/style>\n\t\t<div id='gallery-2' class='gallery galleryid-1793 gallery-columns-3 gallery-size-medium'><dl class='gallery-item'>\n\t\t\t<dt class='gallery-icon portrait'>\n\t\t\t\t<a href='https:\/\/kfv-mol.de\/Wordpress\/Artikel\/der-kfv-hat-sich-auf-dem-brandenburg-tag-2016-praesentiert\/20160903_083816\/'><img decoding=\"async\" width=\"169\" height=\"300\" data-src=\"https:\/\/kfv-mol.de\/Wordpress\/wp-content\/uploads\/2016\/09\/20160903_083816-169x300.jpg\" class=\"attachment-medium size-medium lazyload\" alt=\"\" data-srcset=\"https:\/\/kfv-mol.de\/Wordpress\/wp-content\/uploads\/2016\/09\/20160903_083816-169x300.jpg 169w, https:\/\/kfv-mol.de\/Wordpress\/wp-content\/uploads\/2016\/09\/20160903_083816-768x1365.jpg 768w, https:\/\/kfv-mol.de\/Wordpress\/wp-content\/uploads\/2016\/09\/20160903_083816-576x1024.jpg 576w\" data-sizes=\"(max-width: 169px) 100vw, 169px\" src=\"data:image\/svg+xml;base64,PHN2ZyB3aWR0aD0iMSIgaGVpZ2h0PSIxIiB4bWxucz0iaHR0cDovL3d3dy53My5vcmcvMjAwMC9zdmciPjwvc3ZnPg==\" style=\"--smush-placeholder-width: 169px; --smush-placeholder-aspect-ratio: 169\/300;\" \/><\/a>\n\t\t\t<\/dt><\/dl><dl class='gallery-item'>\n\t\t\t<dt class='gallery-icon portrait'>\n\t\t\t\t<a href='https:\/\/kfv-mol.de\/Wordpress\/Artikel\/der-kfv-hat-sich-auf-dem-brandenburg-tag-2016-praesentiert\/20160903_083856_001\/'><img decoding=\"async\" width=\"169\" height=\"300\" data-src=\"https:\/\/kfv-mol.de\/Wordpress\/wp-content\/uploads\/2016\/09\/20160903_083856_001-169x300.jpg\" class=\"attachment-medium size-medium lazyload\" alt=\"\" data-srcset=\"https:\/\/kfv-mol.de\/Wordpress\/wp-content\/uploads\/2016\/09\/20160903_083856_001-169x300.jpg 169w, https:\/\/kfv-mol.de\/Wordpress\/wp-content\/uploads\/2016\/09\/20160903_083856_001-768x1365.jpg 768w, https:\/\/kfv-mol.de\/Wordpress\/wp-content\/uploads\/2016\/09\/20160903_083856_001-576x1024.jpg 576w\" data-sizes=\"(max-width: 169px) 100vw, 169px\" src=\"data:image\/svg+xml;base64,PHN2ZyB3aWR0aD0iMSIgaGVpZ2h0PSIxIiB4bWxucz0iaHR0cDovL3d3dy53My5vcmcvMjAwMC9zdmciPjwvc3ZnPg==\" style=\"--smush-placeholder-width: 169px; --smush-placeholder-aspect-ratio: 169\/300;\" \/><\/a>\n\t\t\t<\/dt><\/dl><dl class='gallery-item'>\n\t\t\t<dt class='gallery-icon landscape'>\n\t\t\t\t<a href='https:\/\/kfv-mol.de\/Wordpress\/Artikel\/der-kfv-hat-sich-auf-dem-brandenburg-tag-2016-praesentiert\/20160903_083915\/'><img decoding=\"async\" width=\"300\" height=\"169\" data-src=\"https:\/\/kfv-mol.de\/Wordpress\/wp-content\/uploads\/2016\/09\/20160903_083915-300x169.jpg\" class=\"attachment-medium size-medium lazyload\" alt=\"\" data-srcset=\"https:\/\/kfv-mol.de\/Wordpress\/wp-content\/uploads\/2016\/09\/20160903_083915-300x169.jpg 300w, https:\/\/kfv-mol.de\/Wordpress\/wp-content\/uploads\/2016\/09\/20160903_083915-768x432.jpg 768w, https:\/\/kfv-mol.de\/Wordpress\/wp-content\/uploads\/2016\/09\/20160903_083915-1024x576.jpg 1024w\" data-sizes=\"(max-width: 300px) 100vw, 300px\" src=\"data:image\/svg+xml;base64,PHN2ZyB3aWR0aD0iMSIgaGVpZ2h0PSIxIiB4bWxucz0iaHR0cDovL3d3dy53My5vcmcvMjAwMC9zdmciPjwvc3ZnPg==\" style=\"--smush-placeholder-width: 300px; --smush-placeholder-aspect-ratio: 300\/169;\" \/><\/a>\n\t\t\t<\/dt><\/dl><br style=\"clear: both\" \/><dl class='gallery-item'>\n\t\t\t<dt class='gallery-icon portrait'>\n\t\t\t\t<a href='https:\/\/kfv-mol.de\/Wordpress\/Artikel\/der-kfv-hat-sich-auf-dem-brandenburg-tag-2016-praesentiert\/20160903_083942\/'><img decoding=\"async\" width=\"169\" height=\"300\" data-src=\"https:\/\/kfv-mol.de\/Wordpress\/wp-content\/uploads\/2016\/09\/20160903_083942-169x300.jpg\" class=\"attachment-medium size-medium lazyload\" alt=\"\" data-srcset=\"https:\/\/kfv-mol.de\/Wordpress\/wp-content\/uploads\/2016\/09\/20160903_083942-169x300.jpg 169w, https:\/\/kfv-mol.de\/Wordpress\/wp-content\/uploads\/2016\/09\/20160903_083942-768x1365.jpg 768w, https:\/\/kfv-mol.de\/Wordpress\/wp-content\/uploads\/2016\/09\/20160903_083942-576x1024.jpg 576w\" data-sizes=\"(max-width: 169px) 100vw, 169px\" src=\"data:image\/svg+xml;base64,PHN2ZyB3aWR0aD0iMSIgaGVpZ2h0PSIxIiB4bWxucz0iaHR0cDovL3d3dy53My5vcmcvMjAwMC9zdmciPjwvc3ZnPg==\" style=\"--smush-placeholder-width: 169px; --smush-placeholder-aspect-ratio: 169\/300;\" \/><\/a>\n\t\t\t<\/dt><\/dl><dl class='gallery-item'>\n\t\t\t<dt class='gallery-icon landscape'>\n\t\t\t\t<a href='https:\/\/kfv-mol.de\/Wordpress\/Artikel\/der-kfv-hat-sich-auf-dem-brandenburg-tag-2016-praesentiert\/20160903_084003_001\/'><img decoding=\"async\" width=\"300\" height=\"169\" data-src=\"https:\/\/kfv-mol.de\/Wordpress\/wp-content\/uploads\/2016\/09\/20160903_084003_001-300x169.jpg\" class=\"attachment-medium size-medium lazyload\" alt=\"\" data-srcset=\"https:\/\/kfv-mol.de\/Wordpress\/wp-content\/uploads\/2016\/09\/20160903_084003_001-300x169.jpg 300w, https:\/\/kfv-mol.de\/Wordpress\/wp-content\/uploads\/2016\/09\/20160903_084003_001-768x432.jpg 768w, https:\/\/kfv-mol.de\/Wordpress\/wp-content\/uploads\/2016\/09\/20160903_084003_001-1024x576.jpg 1024w\" data-sizes=\"(max-width: 300px) 100vw, 300px\" src=\"data:image\/svg+xml;base64,PHN2ZyB3aWR0aD0iMSIgaGVpZ2h0PSIxIiB4bWxucz0iaHR0cDovL3d3dy53My5vcmcvMjAwMC9zdmciPjwvc3ZnPg==\" style=\"--smush-placeholder-width: 300px; --smush-placeholder-aspect-ratio: 300\/169;\" \/><\/a>\n\t\t\t<\/dt><\/dl><dl class='gallery-item'>\n\t\t\t<dt class='gallery-icon landscape'>\n\t\t\t\t<a href='https:\/\/kfv-mol.de\/Wordpress\/Artikel\/der-kfv-hat-sich-auf-dem-brandenburg-tag-2016-praesentiert\/20160903_131724\/'><img decoding=\"async\" width=\"300\" height=\"169\" data-src=\"https:\/\/kfv-mol.de\/Wordpress\/wp-content\/uploads\/2016\/09\/20160903_131724-300x169.jpg\" class=\"attachment-medium size-medium lazyload\" alt=\"\" data-srcset=\"https:\/\/kfv-mol.de\/Wordpress\/wp-content\/uploads\/2016\/09\/20160903_131724-300x169.jpg 300w, https:\/\/kfv-mol.de\/Wordpress\/wp-content\/uploads\/2016\/09\/20160903_131724-768x432.jpg 768w, https:\/\/kfv-mol.de\/Wordpress\/wp-content\/uploads\/2016\/09\/20160903_131724-1024x576.jpg 1024w\" data-sizes=\"(max-width: 300px) 100vw, 300px\" src=\"data:image\/svg+xml;base64,PHN2ZyB3aWR0aD0iMSIgaGVpZ2h0PSIxIiB4bWxucz0iaHR0cDovL3d3dy53My5vcmcvMjAwMC9zdmciPjwvc3ZnPg==\" style=\"--smush-placeholder-width: 300px; --smush-placeholder-aspect-ratio: 300\/169;\" \/><\/a>\n\t\t\t<\/dt><\/dl><br style=\"clear: both\" \/><dl class='gallery-item'>\n\t\t\t<dt class='gallery-icon landscape'>\n\t\t\t\t<a href='https:\/\/kfv-mol.de\/Wordpress\/Artikel\/der-kfv-hat-sich-auf-dem-brandenburg-tag-2016-praesentiert\/20160903_140809\/'><img decoding=\"async\" width=\"300\" height=\"169\" data-src=\"https:\/\/kfv-mol.de\/Wordpress\/wp-content\/uploads\/2016\/09\/20160903_140809-300x169.jpg\" class=\"attachment-medium size-medium lazyload\" alt=\"\" data-srcset=\"https:\/\/kfv-mol.de\/Wordpress\/wp-content\/uploads\/2016\/09\/20160903_140809-300x169.jpg 300w, https:\/\/kfv-mol.de\/Wordpress\/wp-content\/uploads\/2016\/09\/20160903_140809-768x432.jpg 768w, https:\/\/kfv-mol.de\/Wordpress\/wp-content\/uploads\/2016\/09\/20160903_140809-1024x576.jpg 1024w\" data-sizes=\"(max-width: 300px) 100vw, 300px\" src=\"data:image\/svg+xml;base64,PHN2ZyB3aWR0aD0iMSIgaGVpZ2h0PSIxIiB4bWxucz0iaHR0cDovL3d3dy53My5vcmcvMjAwMC9zdmciPjwvc3ZnPg==\" style=\"--smush-placeholder-width: 300px; --smush-placeholder-aspect-ratio: 300\/169;\" \/><\/a>\n\t\t\t<\/dt><\/dl><dl class='gallery-item'>\n\t\t\t<dt class='gallery-icon landscape'>\n\t\t\t\t<a href='https:\/\/kfv-mol.de\/Wordpress\/Artikel\/der-kfv-hat-sich-auf-dem-brandenburg-tag-2016-praesentiert\/p1030183\/'><img decoding=\"async\" width=\"300\" height=\"225\" data-src=\"https:\/\/kfv-mol.de\/Wordpress\/wp-content\/uploads\/2016\/09\/P1030183-300x225.jpg\" class=\"attachment-medium size-medium lazyload\" alt=\"\" data-srcset=\"https:\/\/kfv-mol.de\/Wordpress\/wp-content\/uploads\/2016\/09\/P1030183-300x225.jpg 300w, https:\/\/kfv-mol.de\/Wordpress\/wp-content\/uploads\/2016\/09\/P1030183-768x576.jpg 768w, https:\/\/kfv-mol.de\/Wordpress\/wp-content\/uploads\/2016\/09\/P1030183.jpg 800w\" data-sizes=\"(max-width: 300px) 100vw, 300px\" src=\"data:image\/svg+xml;base64,PHN2ZyB3aWR0aD0iMSIgaGVpZ2h0PSIxIiB4bWxucz0iaHR0cDovL3d3dy53My5vcmcvMjAwMC9zdmciPjwvc3ZnPg==\" style=\"--smush-placeholder-width: 300px; --smush-placeholder-aspect-ratio: 300\/225;\" \/><\/a>\n\t\t\t<\/dt><\/dl>\n\t\t\t<br style='clear: both' \/>\n\t\t<\/div>\n\n<p>&nbsp;<\/p>\n","protected":false},"excerpt":{"rendered":"<p>Der Kreisfeuerwehrverband MOL hat sich in Hoppegarten auf dem Brandenburg-Tag erfolgreich pr\u00e4sentiert. Als Bestandteil der Ehrenamtsmeile hat er an einem Stand seine Arbeit insbesondere auf dem Gebieten Jugendfeuerwehrarbeit, Feuerwehrsport, Feuerwehrhistorik und Alters- und Ehrenabteilung anschaulich zeigen k\u00f6nnen. Der Landesfeuerwehrverband Brandenburg hat dies am Nachbarstand mit Brandschutzerziehung und dem Werben um Frauen in die Feuerwehr erg\u00e4nzt. [&hellip;]<\/p>\n","protected":false},"author":3,"featured_media":1794,"comment_status":"closed","ping_status":"closed","sticky":false,"template":"","format":"standard","meta":{"footnotes":""},"categories":[1],"tags":[],"class_list":["post-1793","post","type-post","status-publish","format-standard","has-post-thumbnail","hentry","category-sonstige"],"_links":{"self":[{"href":"https:\/\/kfv-mol.de\/Wordpress\/wp-json\/wp\/v2\/posts\/1793","targetHints":{"allow":["GET"]}}],"collection":[{"href":"https:\/\/kfv-mol.de\/Wordpress\/wp-json\/wp\/v2\/posts"}],"about":[{"href":"https:\/\/kfv-mol.de\/Wordpress\/wp-json\/wp\/v2\/types\/post"}],"author":[{"embeddable":true,"href":"https:\/\/kfv-mol.de\/Wordpress\/wp-json\/wp\/v2\/users\/3"}],"replies":[{"embeddable":true,"href":"https:\/\/kfv-mol.de\/Wordpress\/wp-json\/wp\/v2\/comments?post=1793"}],"version-history":[{"count":0,"href":"https:\/\/kfv-mol.de\/Wordpress\/wp-json\/wp\/v2\/posts\/1793\/revisions"}],"wp:featuredmedia":[{"embeddable":true,"href":"https:\/\/kfv-mol.de\/Wordpress\/wp-json\/wp\/v2\/media\/1794"}],"wp:attachment":[{"href":"https:\/\/kfv-mol.de\/Wordpress\/wp-json\/wp\/v2\/media?parent=1793"}],"wp:term":[{"taxonomy":"category","embeddable":true,"href":"https:\/\/kfv-mol.de\/Wordpress\/wp-json\/wp\/v2\/categories?post=1793"},{"taxonomy":"post_tag","embeddable":true,"href":"https:\/\/kfv-mol.de\/Wordpress\/wp-json\/wp\/v2\/tags?post=1793"}],"curies":[{"name":"wp","href":"https:\/\/api.w.org\/{rel}","templated":true}]}}