{"id":1783,"date":"2016-08-03T10:44:08","date_gmt":"2016-08-03T09:44:08","guid":{"rendered":"http:\/\/www.kfv-mol.de\/Wordpress\/?p=1783"},"modified":"2016-08-03T10:44:08","modified_gmt":"2016-08-03T09:44:08","slug":"erfolgreiche-feuerwehrsportler-aus-mol-bei-den-deutschen-meisterschaften-in-rostock","status":"publish","type":"post","link":"https:\/\/kfv-mol.de\/Wordpress\/Artikel\/erfolgreiche-feuerwehrsportler-aus-mol-bei-den-deutschen-meisterschaften-in-rostock\/","title":{"rendered":"Erfolgreiche Feuerwehrsportler aus MOL bei den Deutschen Meisterschaften in Rostock"},"content":{"rendered":"<p>Bei den Deutschen Meisterschaften im Feuerwehrsport in Rostock haben unsere Feuerwehrsportler und -sportlerinnen hervorrragende Leistungen erzielt. Unsere M\u00e4nner vom Team MOL konnten als Kreisauswahl fast alle L\u00e4nderauswahl-Mannschaften hinter sich lassen und erreichten in der Gesamtwertung den 2. Platz.<\/p>\n<p>Im L\u00f6schangriff wurden sie sogar Deutscher Meister! Den Meistertitel in der U 20 -Wertung im Hakenleistersteigen und im Zweikampf sicherte sich Kamerad Eric Oldinski aus der FF Zeschdorf.<\/p>\n<p>Auch unsere Frauen, Diana und Cindy Ahnert aus der FF Buckow, Eileen Hildebrand aus der FF Genschmar und Lisa L\u00f6bl aus der FF Jahnsfelde haben gro\u00dfen Anteil an den Erfolgen der 3 Brandenburg -Teams.<\/p>\n<p>Alle Mannschaften haben weitere vordere Pl\u00e4tze belegt.<\/p>\n<p>Diese Leistungen f\u00fchrten dazu, da\u00df das M\u00e4nner des Teams MOL und die Frauen des Teams Brandenburg 1+2 zu der Feuerwehrolympiade 2017 nach Villach in \u00d6sterreich fahren d\u00fcrfen.<\/p>\n<p>Ergebnisse siehe https:\/\/dm.feuerwehrsport-statistik.de\/score\/results<\/p>\n\n\t\t<style type=\"text\/css\">\n\t\t\t#gallery-1 {\n\t\t\t\tmargin: auto;\n\t\t\t}\n\t\t\t#gallery-1 .gallery-item {\n\t\t\t\tfloat: left;\n\t\t\t\tmargin-top: 10px;\n\t\t\t\ttext-align: center;\n\t\t\t\twidth: 25%;\n\t\t\t}\n\t\t\t#gallery-1 img {\n\t\t\t\tborder: 2px solid #cfcfcf;\n\t\t\t}\n\t\t\t#gallery-1 .gallery-caption {\n\t\t\t\tmargin-left: 0;\n\t\t\t}\n\t\t\t\/* see gallery_shortcode() in wp-includes\/media.php *\/\n\t\t<\/style>\n\t\t<div id='gallery-1' class='gallery galleryid-1783 gallery-columns-4 gallery-size-thumbnail'><dl class='gallery-item'>\n\t\t\t<dt class='gallery-icon landscape'>\n\t\t\t\t<a href='https:\/\/kfv-mol.de\/Wordpress\/Artikel\/erfolgreiche-feuerwehrsportler-aus-mol-bei-den-deutschen-meisterschaften-in-rostock\/13872719_994818110616376_3646374767283504791_n\/'><img decoding=\"async\" width=\"150\" height=\"150\" data-src=\"https:\/\/kfv-mol.de\/Wordpress\/wp-content\/uploads\/2016\/08\/13872719_994818110616376_3646374767283504791_n-150x150.jpg\" class=\"attachment-thumbnail size-thumbnail lazyload\" alt=\"\" data-srcset=\"https:\/\/kfv-mol.de\/Wordpress\/wp-content\/uploads\/2016\/08\/13872719_994818110616376_3646374767283504791_n-150x150.jpg 150w, https:\/\/kfv-mol.de\/Wordpress\/wp-content\/uploads\/2016\/08\/13872719_994818110616376_3646374767283504791_n-96x96.jpg 96w, https:\/\/kfv-mol.de\/Wordpress\/wp-content\/uploads\/2016\/08\/13872719_994818110616376_3646374767283504791_n-24x24.jpg 24w, https:\/\/kfv-mol.de\/Wordpress\/wp-content\/uploads\/2016\/08\/13872719_994818110616376_3646374767283504791_n-36x36.jpg 36w, https:\/\/kfv-mol.de\/Wordpress\/wp-content\/uploads\/2016\/08\/13872719_994818110616376_3646374767283504791_n-48x48.jpg 48w, https:\/\/kfv-mol.de\/Wordpress\/wp-content\/uploads\/2016\/08\/13872719_994818110616376_3646374767283504791_n-64x64.jpg 64w\" data-sizes=\"(max-width: 150px) 100vw, 150px\" src=\"data:image\/svg+xml;base64,PHN2ZyB3aWR0aD0iMSIgaGVpZ2h0PSIxIiB4bWxucz0iaHR0cDovL3d3dy53My5vcmcvMjAwMC9zdmciPjwvc3ZnPg==\" style=\"--smush-placeholder-width: 150px; --smush-placeholder-aspect-ratio: 150\/150;\" \/><\/a>\n\t\t\t<\/dt><\/dl><dl class='gallery-item'>\n\t\t\t<dt class='gallery-icon landscape'>\n\t\t\t\t<a href='https:\/\/kfv-mol.de\/Wordpress\/Artikel\/erfolgreiche-feuerwehrsportler-aus-mol-bei-den-deutschen-meisterschaften-in-rostock\/13879352_1050299328379760_1025521739908696676_n\/'><img decoding=\"async\" width=\"150\" height=\"150\" data-src=\"https:\/\/kfv-mol.de\/Wordpress\/wp-content\/uploads\/2016\/08\/13879352_1050299328379760_1025521739908696676_n-150x150.jpg\" class=\"attachment-thumbnail size-thumbnail lazyload\" alt=\"\" data-srcset=\"https:\/\/kfv-mol.de\/Wordpress\/wp-content\/uploads\/2016\/08\/13879352_1050299328379760_1025521739908696676_n-150x150.jpg 150w, https:\/\/kfv-mol.de\/Wordpress\/wp-content\/uploads\/2016\/08\/13879352_1050299328379760_1025521739908696676_n-96x96.jpg 96w, https:\/\/kfv-mol.de\/Wordpress\/wp-content\/uploads\/2016\/08\/13879352_1050299328379760_1025521739908696676_n-24x24.jpg 24w, https:\/\/kfv-mol.de\/Wordpress\/wp-content\/uploads\/2016\/08\/13879352_1050299328379760_1025521739908696676_n-36x36.jpg 36w, https:\/\/kfv-mol.de\/Wordpress\/wp-content\/uploads\/2016\/08\/13879352_1050299328379760_1025521739908696676_n-48x48.jpg 48w, https:\/\/kfv-mol.de\/Wordpress\/wp-content\/uploads\/2016\/08\/13879352_1050299328379760_1025521739908696676_n-64x64.jpg 64w\" data-sizes=\"(max-width: 150px) 100vw, 150px\" src=\"data:image\/svg+xml;base64,PHN2ZyB3aWR0aD0iMSIgaGVpZ2h0PSIxIiB4bWxucz0iaHR0cDovL3d3dy53My5vcmcvMjAwMC9zdmciPjwvc3ZnPg==\" style=\"--smush-placeholder-width: 150px; --smush-placeholder-aspect-ratio: 150\/150;\" \/><\/a>\n\t\t\t<\/dt><\/dl><dl class='gallery-item'>\n\t\t\t<dt class='gallery-icon landscape'>\n\t\t\t\t<a href='https:\/\/kfv-mol.de\/Wordpress\/Artikel\/erfolgreiche-feuerwehrsportler-aus-mol-bei-den-deutschen-meisterschaften-in-rostock\/ctiflogohp\/'><img decoding=\"async\" width=\"150\" height=\"150\" data-src=\"https:\/\/kfv-mol.de\/Wordpress\/wp-content\/uploads\/2016\/08\/CTIFLogoHP-150x150.jpg\" class=\"attachment-thumbnail size-thumbnail lazyload\" alt=\"\" data-srcset=\"https:\/\/kfv-mol.de\/Wordpress\/wp-content\/uploads\/2016\/08\/CTIFLogoHP-150x150.jpg 150w, https:\/\/kfv-mol.de\/Wordpress\/wp-content\/uploads\/2016\/08\/CTIFLogoHP-96x96.jpg 96w, https:\/\/kfv-mol.de\/Wordpress\/wp-content\/uploads\/2016\/08\/CTIFLogoHP-24x24.jpg 24w, https:\/\/kfv-mol.de\/Wordpress\/wp-content\/uploads\/2016\/08\/CTIFLogoHP-36x36.jpg 36w, https:\/\/kfv-mol.de\/Wordpress\/wp-content\/uploads\/2016\/08\/CTIFLogoHP-48x48.jpg 48w, https:\/\/kfv-mol.de\/Wordpress\/wp-content\/uploads\/2016\/08\/CTIFLogoHP-64x64.jpg 64w\" data-sizes=\"(max-width: 150px) 100vw, 150px\" src=\"data:image\/svg+xml;base64,PHN2ZyB3aWR0aD0iMSIgaGVpZ2h0PSIxIiB4bWxucz0iaHR0cDovL3d3dy53My5vcmcvMjAwMC9zdmciPjwvc3ZnPg==\" style=\"--smush-placeholder-width: 150px; --smush-placeholder-aspect-ratio: 150\/150;\" \/><\/a>\n\t\t\t<\/dt><\/dl><dl class='gallery-item'>\n\t\t\t<dt class='gallery-icon landscape'>\n\t\t\t\t<a href='https:\/\/kfv-mol.de\/Wordpress\/Artikel\/erfolgreiche-feuerwehrsportler-aus-mol-bei-den-deutschen-meisterschaften-in-rostock\/deutscher-m-la\/'><img decoding=\"async\" width=\"150\" height=\"150\" data-src=\"https:\/\/kfv-mol.de\/Wordpress\/wp-content\/uploads\/2016\/08\/Deutscher-M-LA-150x150.jpg\" class=\"attachment-thumbnail size-thumbnail lazyload\" alt=\"\" data-srcset=\"https:\/\/kfv-mol.de\/Wordpress\/wp-content\/uploads\/2016\/08\/Deutscher-M-LA-150x150.jpg 150w, https:\/\/kfv-mol.de\/Wordpress\/wp-content\/uploads\/2016\/08\/Deutscher-M-LA-96x96.jpg 96w, https:\/\/kfv-mol.de\/Wordpress\/wp-content\/uploads\/2016\/08\/Deutscher-M-LA-24x24.jpg 24w, https:\/\/kfv-mol.de\/Wordpress\/wp-content\/uploads\/2016\/08\/Deutscher-M-LA-36x36.jpg 36w, https:\/\/kfv-mol.de\/Wordpress\/wp-content\/uploads\/2016\/08\/Deutscher-M-LA-48x48.jpg 48w, https:\/\/kfv-mol.de\/Wordpress\/wp-content\/uploads\/2016\/08\/Deutscher-M-LA-64x64.jpg 64w\" data-sizes=\"(max-width: 150px) 100vw, 150px\" src=\"data:image\/svg+xml;base64,PHN2ZyB3aWR0aD0iMSIgaGVpZ2h0PSIxIiB4bWxucz0iaHR0cDovL3d3dy53My5vcmcvMjAwMC9zdmciPjwvc3ZnPg==\" style=\"--smush-placeholder-width: 150px; --smush-placeholder-aspect-ratio: 150\/150;\" \/><\/a>\n\t\t\t<\/dt><\/dl><br style=\"clear: both\" \/>\n\t\t<\/div>\n\n","protected":false},"excerpt":{"rendered":"<p>Bei den Deutschen Meisterschaften im Feuerwehrsport in Rostock haben unsere Feuerwehrsportler und -sportlerinnen hervorrragende Leistungen erzielt. Unsere M\u00e4nner vom Team MOL konnten als Kreisauswahl fast alle L\u00e4nderauswahl-Mannschaften hinter sich lassen und erreichten in der Gesamtwertung den 2. Platz. Im L\u00f6schangriff wurden sie sogar Deutscher Meister! Den Meistertitel in der U 20 -Wertung im Hakenleistersteigen und [&hellip;]<\/p>\n","protected":false},"author":3,"featured_media":1784,"comment_status":"closed","ping_status":"closed","sticky":false,"template":"","format":"standard","meta":{"footnotes":""},"categories":[1],"tags":[],"class_list":["post-1783","post","type-post","status-publish","format-standard","has-post-thumbnail","hentry","category-sonstige"],"_links":{"self":[{"href":"https:\/\/kfv-mol.de\/Wordpress\/wp-json\/wp\/v2\/posts\/1783","targetHints":{"allow":["GET"]}}],"collection":[{"href":"https:\/\/kfv-mol.de\/Wordpress\/wp-json\/wp\/v2\/posts"}],"about":[{"href":"https:\/\/kfv-mol.de\/Wordpress\/wp-json\/wp\/v2\/types\/post"}],"author":[{"embeddable":true,"href":"https:\/\/kfv-mol.de\/Wordpress\/wp-json\/wp\/v2\/users\/3"}],"replies":[{"embeddable":true,"href":"https:\/\/kfv-mol.de\/Wordpress\/wp-json\/wp\/v2\/comments?post=1783"}],"version-history":[{"count":0,"href":"https:\/\/kfv-mol.de\/Wordpress\/wp-json\/wp\/v2\/posts\/1783\/revisions"}],"wp:featuredmedia":[{"embeddable":true,"href":"https:\/\/kfv-mol.de\/Wordpress\/wp-json\/wp\/v2\/media\/1784"}],"wp:attachment":[{"href":"https:\/\/kfv-mol.de\/Wordpress\/wp-json\/wp\/v2\/media?parent=1783"}],"wp:term":[{"taxonomy":"category","embeddable":true,"href":"https:\/\/kfv-mol.de\/Wordpress\/wp-json\/wp\/v2\/categories?post=1783"},{"taxonomy":"post_tag","embeddable":true,"href":"https:\/\/kfv-mol.de\/Wordpress\/wp-json\/wp\/v2\/tags?post=1783"}],"curies":[{"name":"wp","href":"https:\/\/api.w.org\/{rel}","templated":true}]}}