{"id":1766,"date":"2016-07-12T09:12:09","date_gmt":"2016-07-12T08:12:09","guid":{"rendered":"http:\/\/www.kfv-mol.de\/Wordpress\/?p=1766"},"modified":"2016-07-13T11:10:27","modified_gmt":"2016-07-13T10:10:27","slug":"26-mol-kreismeisterschaft-im-feuerwehrsport","status":"publish","type":"post","link":"https:\/\/kfv-mol.de\/Wordpress\/Artikel\/26-mol-kreismeisterschaft-im-feuerwehrsport\/","title":{"rendered":"26. MOL-Kreismeisterschaft im Feuerwehrsport"},"content":{"rendered":"<div>\n<p>26. MOL-Kreismeisterschaft im Feuerwehrsport<\/p>\n<p>Am Sonnabend, dem 09. Juli 2016 trafen sich die besten Feuerwehrsportlerinnen und \u2013 sportler des Landkreises M\u00e4rkisch-Oderland zu ihrer 26. Kreismeisterschaft auf dem Sportplatz in Genschmar im Oderbruch.<\/p>\n<p>Der Vorsitzende des Kreisfeuerwehrverbandes MOL Hans-Dieter Kandzia er\u00f6ffnete die Wettk\u00e4mpfe und w\u00fcnschte allen Aktiven beste Erfolge. Die weitere organisatorische Durchf\u00fchrung \u00fcbernahm der Fachausschussleiter Wettbewerbe des KFV Andreas Zwick als Leiter der Wettk\u00e4mpfe.<\/p>\n<p>Bei sch\u00f6nstem Wettkampfwetter wurden folgende Kreismeister ermittelt:<\/p>\n<ul>\n<li>Hakenleitersteigen M\u00e4nner: Erik Oldinski<\/li>\n<li>Hakenleitersteigen Frauen: Cindy Ahnert<\/li>\n<li>100 m Hindernisbahn M\u00e4nner: Patrick Piater<\/li>\n<li>100 m Hindernisbahn Frauen: Cindy Ahnert<\/li>\n<li>Gruppenstafette: FF Buckow<\/li>\n<li>4 x 100 m Staffel M\u00e4nner: FF Genschmar I<\/li>\n<li>4 x 100 m Staffel Frauen: FF Buckow<\/li>\n<li>L\u00f6schangriff M\u00e4nner: FF Genschmar II<\/li>\n<li>L\u00f6schangriff Frauen: \u201eM\u00e4rkische Findlinge\u201c<\/li>\n<\/ul>\n<p>Die Siegerehrungen nahmen am Nachmittag der Landrat Herr Gernot Schmidt, der stellvertretende Kreisbrandmeister Klaus-Peter P\u00fcschel und der Vorsitzende des KFV Hans-Dieter Kandzia vor.<\/p>\n<p>Den neuen Wanderpokal des Landrates f\u00fcr die beste M\u00e4nnermannschaft holte die FF Genschmar. Den Pokal des Vorsitzenden des KFV f\u00fcr die beste Frauenmannschaft sicherte sich zum 3. Mal die FF Buckow.<\/p>\n<p>Der KFV-Vorsitzende bedankte sich den Wettk\u00e4mpfern und Schiedsrichtern f\u00fcr die fairen und z\u00fcgig absolvierten Wettk\u00e4mpfe und bei den Kameradinnen und Kameraden der FF Genschmar und des Feuerwehrf\u00f6rdervereins Genschmar f\u00fcr die hervorragende Vorbereitung und Durchf\u00fchrung der Kreismeisterschaften. Er verabschiedete die Teilnehmer an den Deutschen Meisterschaften in Rostock mit den besten W\u00fcnschen.<\/p>\n<p>Hier die Gesamtauswertung:<a href=\"https:\/\/kfv-mol.de\/Wordpress\/wp-content\/uploads\/2016\/07\/2016-Kreismeisterschaft-Auswertung.pdf\">2016 Kreismeisterschaft Auswertung<\/a><\/p>\n<p><a href=\"https:\/\/kfv-mol.de\/Wordpress\/wp-content\/uploads\/2016\/07\/Bild1.jpg\"><img decoding=\"async\" class=\"aligncenter size-full wp-image-1767 lazyload\" data-src=\"https:\/\/kfv-mol.de\/Wordpress\/wp-content\/uploads\/2016\/07\/Bild1.jpg\" alt=\"Bild1\" width=\"583\" height=\"632\" data-srcset=\"https:\/\/kfv-mol.de\/Wordpress\/wp-content\/uploads\/2016\/07\/Bild1.jpg 583w, https:\/\/kfv-mol.de\/Wordpress\/wp-content\/uploads\/2016\/07\/Bild1-277x300.jpg 277w\" data-sizes=\"(max-width: 583px) 100vw, 583px\" src=\"data:image\/svg+xml;base64,PHN2ZyB3aWR0aD0iMSIgaGVpZ2h0PSIxIiB4bWxucz0iaHR0cDovL3d3dy53My5vcmcvMjAwMC9zdmciPjwvc3ZnPg==\" style=\"--smush-placeholder-width: 583px; --smush-placeholder-aspect-ratio: 583\/632;\" \/><\/a> <a href=\"https:\/\/kfv-mol.de\/Wordpress\/wp-content\/uploads\/2016\/07\/Bild2.jpg\"><img decoding=\"async\" class=\"aligncenter size-full wp-image-1768 lazyload\" data-src=\"https:\/\/kfv-mol.de\/Wordpress\/wp-content\/uploads\/2016\/07\/Bild2.jpg\" alt=\"Bild2\" width=\"632\" height=\"422\" data-srcset=\"https:\/\/kfv-mol.de\/Wordpress\/wp-content\/uploads\/2016\/07\/Bild2.jpg 632w, https:\/\/kfv-mol.de\/Wordpress\/wp-content\/uploads\/2016\/07\/Bild2-300x200.jpg 300w\" data-sizes=\"(max-width: 632px) 100vw, 632px\" src=\"data:image\/svg+xml;base64,PHN2ZyB3aWR0aD0iMSIgaGVpZ2h0PSIxIiB4bWxucz0iaHR0cDovL3d3dy53My5vcmcvMjAwMC9zdmciPjwvc3ZnPg==\" style=\"--smush-placeholder-width: 632px; --smush-placeholder-aspect-ratio: 632\/422;\" \/><\/a><a href=\"https:\/\/kfv-mol.de\/Wordpress\/wp-content\/uploads\/2016\/07\/Bild2-1.jpg\"><img decoding=\"async\" class=\"aligncenter size-full wp-image-1775 lazyload\" data-src=\"https:\/\/kfv-mol.de\/Wordpress\/wp-content\/uploads\/2016\/07\/Bild2-1.jpg\" alt=\"Bild2\" width=\"632\" height=\"422\" data-srcset=\"https:\/\/kfv-mol.de\/Wordpress\/wp-content\/uploads\/2016\/07\/Bild2-1.jpg 632w, https:\/\/kfv-mol.de\/Wordpress\/wp-content\/uploads\/2016\/07\/Bild2-1-300x200.jpg 300w\" data-sizes=\"(max-width: 632px) 100vw, 632px\" src=\"data:image\/svg+xml;base64,PHN2ZyB3aWR0aD0iMSIgaGVpZ2h0PSIxIiB4bWxucz0iaHR0cDovL3d3dy53My5vcmcvMjAwMC9zdmciPjwvc3ZnPg==\" style=\"--smush-placeholder-width: 632px; --smush-placeholder-aspect-ratio: 632\/422;\" \/><\/a><\/p>\n<\/div>\n<hr \/>\n","protected":false},"excerpt":{"rendered":"<p>26. MOL-Kreismeisterschaft im Feuerwehrsport Am Sonnabend, dem 09. Juli 2016 trafen sich die besten Feuerwehrsportlerinnen und \u2013 sportler des Landkreises M\u00e4rkisch-Oderland zu ihrer 26. Kreismeisterschaft auf dem Sportplatz in Genschmar im Oderbruch. Der Vorsitzende des Kreisfeuerwehrverbandes MOL Hans-Dieter Kandzia er\u00f6ffnete die Wettk\u00e4mpfe und w\u00fcnschte allen Aktiven beste Erfolge. Die weitere organisatorische Durchf\u00fchrung \u00fcbernahm der Fachausschussleiter [&hellip;]<\/p>\n","protected":false},"author":3,"featured_media":1770,"comment_status":"closed","ping_status":"closed","sticky":false,"template":"","format":"standard","meta":{"footnotes":""},"categories":[1],"tags":[],"class_list":["post-1766","post","type-post","status-publish","format-standard","has-post-thumbnail","hentry","category-sonstige"],"_links":{"self":[{"href":"https:\/\/kfv-mol.de\/Wordpress\/wp-json\/wp\/v2\/posts\/1766","targetHints":{"allow":["GET"]}}],"collection":[{"href":"https:\/\/kfv-mol.de\/Wordpress\/wp-json\/wp\/v2\/posts"}],"about":[{"href":"https:\/\/kfv-mol.de\/Wordpress\/wp-json\/wp\/v2\/types\/post"}],"author":[{"embeddable":true,"href":"https:\/\/kfv-mol.de\/Wordpress\/wp-json\/wp\/v2\/users\/3"}],"replies":[{"embeddable":true,"href":"https:\/\/kfv-mol.de\/Wordpress\/wp-json\/wp\/v2\/comments?post=1766"}],"version-history":[{"count":0,"href":"https:\/\/kfv-mol.de\/Wordpress\/wp-json\/wp\/v2\/posts\/1766\/revisions"}],"wp:featuredmedia":[{"embeddable":true,"href":"https:\/\/kfv-mol.de\/Wordpress\/wp-json\/wp\/v2\/media\/1770"}],"wp:attachment":[{"href":"https:\/\/kfv-mol.de\/Wordpress\/wp-json\/wp\/v2\/media?parent=1766"}],"wp:term":[{"taxonomy":"category","embeddable":true,"href":"https:\/\/kfv-mol.de\/Wordpress\/wp-json\/wp\/v2\/categories?post=1766"},{"taxonomy":"post_tag","embeddable":true,"href":"https:\/\/kfv-mol.de\/Wordpress\/wp-json\/wp\/v2\/tags?post=1766"}],"curies":[{"name":"wp","href":"https:\/\/api.w.org\/{rel}","templated":true}]}}