{"id":176,"date":"2011-04-17T12:40:29","date_gmt":"2011-04-17T11:40:29","guid":{"rendered":"http:\/\/www.kfv-mol.de\/Wordpress\/?p=176"},"modified":"2011-04-17T12:40:51","modified_gmt":"2011-04-17T11:40:51","slug":"jugendflamme-teil-1-am-09-04-11","status":"publish","type":"post","link":"https:\/\/kfv-mol.de\/Wordpress\/Artikel\/jugendflamme-teil-1-am-09-04-11\/","title":{"rendered":"Jugendflamme Teil 1 am 09.04.11"},"content":{"rendered":"<p>Seelow (MOZ-Lokalredaktion Seelow-d.steinkraus) Dank engagierter Arbeit in den Jugendfeuerwehren des Kreises sichern die Blaur\u00f6cke langfristig den Nachwuchs f\u00fcr ihre verantwortungsvolle Aufgabe. Am Wochenende absolvierten 50 Kinder und Jugendliche erfolgreich ihre Jugendflamme. Am Ger\u00e4tewagen bekommt jeder Teilnehmer einen Buchstaben in die Hand gedr\u00fcckt und benennt ein Ger\u00e4t mit diesem. Er muss danach erl\u00e4utern, um welche Ausr\u00fcstung es sich handelt. Der Ger\u00e4tewagen ist einer von zw\u00f6lf Stationen, die die M\u00e4dchen und Jungen absolvieren m\u00fcssen. Sie kommen aus den Feuerwehren Seelow, Dolgelin, Falkenhagen, Worin, Libbenichen und Niederjesar. \u201eWir praktizieren hier schon ganz unkompliziert die Zusammenarbeit von Seelow und Seelow-Land\u201c, sieht es der Seelower Jugendfeuerwehrwart Siegbert Schulz.<\/p>\n<p>&nbsp;<\/p>\n<p>Seit Ende vergangenen Jahres hatte Schulz die gemeinsame Ausbildungsveranstaltung vorbereitet. Die Jugendflamme sei in den letzten Jahren in der gesamten Region vernachl\u00e4ssigt worden, so Siegbert Schulz. Ein verschenktes Potenzial, denn die Kinder und Jugendlichen absolvieren nat\u00fcrlich ihre Ausbildung, haben bisher aber nie ein Zertifikat daf\u00fcr erhalten. Die Jugendflamme bescheinigt ihnen eine erfolgreiche Ausbildung. Ziel sei es, so Siegbert Schulz, dass auch die Stufe III absolviert wird. Und wer die in der Tasche hat, der kann sofort in den aktiven Feuerwehrdienst \u00fcbernommen werden,denn dieses Leistungsabzeichen ist gleichbedeutend mit der Truppmannausbildung Teil I.<\/p>\n<p><a href=\"https:\/\/kfv-mol.de\/Wordpress\/wp-content\/uploads\/2011\/04\/k-006-Jugendfl.09.04.11.jpg\"><img decoding=\"async\" class=\"aligncenter size-medium wp-image-177 lazyload\" title=\"Jugendflamme 09.04.11\" data-src=\"https:\/\/kfv-mol.de\/Wordpress\/wp-content\/uploads\/2011\/04\/k-006-Jugendfl.09.04.11-300x225.jpg\" alt=\"\" width=\"300\" height=\"225\" data-srcset=\"https:\/\/kfv-mol.de\/Wordpress\/wp-content\/uploads\/2011\/04\/k-006-Jugendfl.09.04.11-300x225.jpg 300w, https:\/\/kfv-mol.de\/Wordpress\/wp-content\/uploads\/2011\/04\/k-006-Jugendfl.09.04.11.jpg 800w\" data-sizes=\"(max-width: 300px) 100vw, 300px\" src=\"data:image\/svg+xml;base64,PHN2ZyB3aWR0aD0iMSIgaGVpZ2h0PSIxIiB4bWxucz0iaHR0cDovL3d3dy53My5vcmcvMjAwMC9zdmciPjwvc3ZnPg==\" style=\"--smush-placeholder-width: 300px; --smush-placeholder-aspect-ratio: 300\/225;\" \/><\/a><\/p>\n<p>Feuerwehrleute der Seelower Wehr und zahlreicher Wehren aus Seelow-Land stellten f\u00fcr den Ausbildungs- und Pr\u00fcfungstag die Verantwortlichen f\u00fcr die einzelnen Stationen. Eine bildete die DRK-Ausbildung. Mit Claudia Bonack hatte man eine Fachfrau vor Ort, denn sie arbeitet als Rettungssanit\u00e4ter. Die Teilnehmer erfuhren, wie sie die Vitalfunktionen m\u00f6glicher Verletzter erkennen k\u00f6nnen und wie man einen Menschen in die stabile Seitenlage bringt. Die Teilnehmer mussten an weiteren Stationen auch unter Beweis stellen, dass sie Hydrantenschilder lesen und ein Standrohr aufsetzen k\u00f6nnen, dass sie die wichtigsten Feuerwehrknoten beherrschen und auch bei der Fahrzeugabsicherung alle Regeln einhalten. Am Ende strahlten sowohl Ausbilder als auch die Teilnehmer im Alter von neun bis 17 Jahre. Alle 50 schafften die Jugendflamme, davon 30 in der Stufe I und 20 in der Stufe II. Letztere wurde vom Kreisjugendfeuerwehrwart Martin Zohles abgenommen.<\/p>\n<p>&nbsp;<\/p>\n<p>Mit freundlicher Genehmigung von: <a href=\"http:\/\/www.moz.de\/\">www.moz.de<\/a> Alle Fotos:FF Seelow,Edmund Schulz<\/p>\n","protected":false},"excerpt":{"rendered":"<p>Seelow (MOZ-Lokalredaktion Seelow-d.steinkraus) Dank engagierter Arbeit in den Jugendfeuerwehren des Kreises sichern die Blaur\u00f6cke langfristig den Nachwuchs f\u00fcr ihre verantwortungsvolle Aufgabe. Am Wochenende absolvierten 50 Kinder und Jugendliche erfolgreich ihre Jugendflamme. Am Ger\u00e4tewagen bekommt jeder Teilnehmer einen Buchstaben in die Hand gedr\u00fcckt und benennt ein Ger\u00e4t mit diesem. Er muss danach erl\u00e4utern, um welche Ausr\u00fcstung [&hellip;]<\/p>\n","protected":false},"author":1,"featured_media":0,"comment_status":"closed","ping_status":"closed","sticky":false,"template":"","format":"standard","meta":{"footnotes":""},"categories":[5],"tags":[],"class_list":["post-176","post","type-post","status-publish","format-standard","hentry","category-kreisjugendfeuerwehr"],"_links":{"self":[{"href":"https:\/\/kfv-mol.de\/Wordpress\/wp-json\/wp\/v2\/posts\/176","targetHints":{"allow":["GET"]}}],"collection":[{"href":"https:\/\/kfv-mol.de\/Wordpress\/wp-json\/wp\/v2\/posts"}],"about":[{"href":"https:\/\/kfv-mol.de\/Wordpress\/wp-json\/wp\/v2\/types\/post"}],"author":[{"embeddable":true,"href":"https:\/\/kfv-mol.de\/Wordpress\/wp-json\/wp\/v2\/users\/1"}],"replies":[{"embeddable":true,"href":"https:\/\/kfv-mol.de\/Wordpress\/wp-json\/wp\/v2\/comments?post=176"}],"version-history":[{"count":0,"href":"https:\/\/kfv-mol.de\/Wordpress\/wp-json\/wp\/v2\/posts\/176\/revisions"}],"wp:attachment":[{"href":"https:\/\/kfv-mol.de\/Wordpress\/wp-json\/wp\/v2\/media?parent=176"}],"wp:term":[{"taxonomy":"category","embeddable":true,"href":"https:\/\/kfv-mol.de\/Wordpress\/wp-json\/wp\/v2\/categories?post=176"},{"taxonomy":"post_tag","embeddable":true,"href":"https:\/\/kfv-mol.de\/Wordpress\/wp-json\/wp\/v2\/tags?post=176"}],"curies":[{"name":"wp","href":"https:\/\/api.w.org\/{rel}","templated":true}]}}