{"id":1744,"date":"2016-07-06T16:13:18","date_gmt":"2016-07-06T15:13:18","guid":{"rendered":"http:\/\/www.kfv-mol.de\/Wordpress\/?p=1744"},"modified":"2016-07-07T11:47:25","modified_gmt":"2016-07-07T10:47:25","slug":"deutsch-polnische-zusammenarbeit","status":"publish","type":"post","link":"https:\/\/kfv-mol.de\/Wordpress\/Artikel\/deutsch-polnische-zusammenarbeit\/","title":{"rendered":"Deutsch-Polnische Zusammenarbeit"},"content":{"rendered":"<p>Am Mittwoch, dem 29. Juni besuchte eine Delegation der Berufs- und Freiwilligen Feuerwehr aus Polen den Landkreis M\u00e4rkisch-Oderland. Die Polnische Delegation wurde vom Chef der Berufsfeuerwehr des Kreises Mysliborski Brigadier Janusz Peszczoh und vom Vorsitzenden des Kreisfeuerwehrverbandes Tadeusz Nowak geleitet. Der Delegation geh\u00f6rten weiterhin Leitungsmitglieder der Berufsfeuerwehr Debno und der Wojewodschaft Westpommen an.<\/p>\n<p>Im Ger\u00e4tehaus der Freiwilligen Feuerwehr Strausberg wurden sie vom Vorsitzenden des Kreisfeuerwehrverbandes Hans-Dieter Kandzia und dem KFV-Dolmetscher Wojciech Legieza und Alterskameraden aus der FF Strausberg um Kam. Wilhelm Piskol begr\u00fc\u00dft. Nach Ausf\u00fchrungen \u00fcber die Struktur der Feuerwehren im Landkreis MOL wurde das Ger\u00e4tehaus mit Einsatztechnik besichtigt.<\/p>\n<p>Den polnischen Kameraden wurden auch Feuerwehren kleinerer Gr\u00f6\u00dfenordnung gezeigt, so die Ortfeuerwehr Eggersdorf durch den stv. Ortswehrf\u00fchrer Jens M\u00fcller und die Ortsfeuerwehr Klosterdorf durch den B\u00fcrgermeister Lothar Arndt.<\/p>\n<p>Nach einem Mittagessen bildete der Abschluss des Treffens eine Fahrt auf dem Straussee.<\/p>\n<p>Gleich am n\u00e4chsten Tag erfolgte der Gegenbesuch im polnischen Debno. Der KFV-Vorsitzende, Kamerad Legieza und die Kameraden J. M\u00fcller und Pascal Hermann aus Eggersdorf sowie zwei Kameraden des THW Seelow konnten sich von der Einsatzbereitschaft der Berufs- und Freiwilligen Feuerwehren des Kreises Mysliborski bei einer Waldbrand\u00fcbung \u00fcberzeugen. Daran nahm auch eine L\u00f6schgruppe der Berliner Feuerwehr teil. Den Abschluss des Treffens bildete ein Imbiss mit Erbensuppe und Gegrilltem.<\/p>\n<div>\n<p>F\u00fcr den Herbst ist ein Besuch in Polen vorgesehen, um deren Feuerwehrstruktur n\u00e4her kennenzulernen. Im n\u00e4chstem Jahr k\u00f6nnte ein Sommerlager der Jugendfeuerwehr in Polen stattfinden.<\/p>\n<\/div>\n\n\t\t<style type=\"text\/css\">\n\t\t\t#gallery-1 {\n\t\t\t\tmargin: auto;\n\t\t\t}\n\t\t\t#gallery-1 .gallery-item {\n\t\t\t\tfloat: left;\n\t\t\t\tmargin-top: 10px;\n\t\t\t\ttext-align: center;\n\t\t\t\twidth: 33%;\n\t\t\t}\n\t\t\t#gallery-1 img {\n\t\t\t\tborder: 2px solid #cfcfcf;\n\t\t\t}\n\t\t\t#gallery-1 .gallery-caption {\n\t\t\t\tmargin-left: 0;\n\t\t\t}\n\t\t\t\/* see gallery_shortcode() in wp-includes\/media.php *\/\n\t\t<\/style>\n\t\t<div id='gallery-1' class='gallery galleryid-1744 gallery-columns-3 gallery-size-medium'><dl class='gallery-item'>\n\t\t\t<dt class='gallery-icon landscape'>\n\t\t\t\t<a href='https:\/\/kfv-mol.de\/Wordpress\/Artikel\/deutsch-polnische-zusammenarbeit\/img_1091\/'><img decoding=\"async\" width=\"300\" height=\"225\" data-src=\"https:\/\/kfv-mol.de\/Wordpress\/wp-content\/uploads\/2016\/07\/IMG_1091-300x225.jpg\" class=\"attachment-medium size-medium lazyload\" alt=\"\" data-srcset=\"https:\/\/kfv-mol.de\/Wordpress\/wp-content\/uploads\/2016\/07\/IMG_1091-300x225.jpg 300w, https:\/\/kfv-mol.de\/Wordpress\/wp-content\/uploads\/2016\/07\/IMG_1091-768x576.jpg 768w, https:\/\/kfv-mol.de\/Wordpress\/wp-content\/uploads\/2016\/07\/IMG_1091-1024x768.jpg 1024w\" data-sizes=\"(max-width: 300px) 100vw, 300px\" src=\"data:image\/svg+xml;base64,PHN2ZyB3aWR0aD0iMSIgaGVpZ2h0PSIxIiB4bWxucz0iaHR0cDovL3d3dy53My5vcmcvMjAwMC9zdmciPjwvc3ZnPg==\" style=\"--smush-placeholder-width: 300px; --smush-placeholder-aspect-ratio: 300\/225;\" \/><\/a>\n\t\t\t<\/dt><\/dl><dl class='gallery-item'>\n\t\t\t<dt class='gallery-icon landscape'>\n\t\t\t\t<a href='https:\/\/kfv-mol.de\/Wordpress\/Artikel\/deutsch-polnische-zusammenarbeit\/img_1092\/'><img decoding=\"async\" width=\"300\" height=\"225\" data-src=\"https:\/\/kfv-mol.de\/Wordpress\/wp-content\/uploads\/2016\/07\/IMG_1092-300x225.jpg\" class=\"attachment-medium size-medium lazyload\" alt=\"\" data-srcset=\"https:\/\/kfv-mol.de\/Wordpress\/wp-content\/uploads\/2016\/07\/IMG_1092-300x225.jpg 300w, https:\/\/kfv-mol.de\/Wordpress\/wp-content\/uploads\/2016\/07\/IMG_1092-768x576.jpg 768w, https:\/\/kfv-mol.de\/Wordpress\/wp-content\/uploads\/2016\/07\/IMG_1092-1024x768.jpg 1024w\" data-sizes=\"(max-width: 300px) 100vw, 300px\" src=\"data:image\/svg+xml;base64,PHN2ZyB3aWR0aD0iMSIgaGVpZ2h0PSIxIiB4bWxucz0iaHR0cDovL3d3dy53My5vcmcvMjAwMC9zdmciPjwvc3ZnPg==\" style=\"--smush-placeholder-width: 300px; --smush-placeholder-aspect-ratio: 300\/225;\" \/><\/a>\n\t\t\t<\/dt><\/dl><dl class='gallery-item'>\n\t\t\t<dt class='gallery-icon landscape'>\n\t\t\t\t<a href='https:\/\/kfv-mol.de\/Wordpress\/Artikel\/deutsch-polnische-zusammenarbeit\/img_1093\/'><img decoding=\"async\" width=\"300\" height=\"225\" data-src=\"https:\/\/kfv-mol.de\/Wordpress\/wp-content\/uploads\/2016\/07\/IMG_1093-300x225.jpg\" class=\"attachment-medium size-medium lazyload\" alt=\"\" data-srcset=\"https:\/\/kfv-mol.de\/Wordpress\/wp-content\/uploads\/2016\/07\/IMG_1093-300x225.jpg 300w, https:\/\/kfv-mol.de\/Wordpress\/wp-content\/uploads\/2016\/07\/IMG_1093-768x576.jpg 768w, https:\/\/kfv-mol.de\/Wordpress\/wp-content\/uploads\/2016\/07\/IMG_1093-1024x768.jpg 1024w\" data-sizes=\"(max-width: 300px) 100vw, 300px\" src=\"data:image\/svg+xml;base64,PHN2ZyB3aWR0aD0iMSIgaGVpZ2h0PSIxIiB4bWxucz0iaHR0cDovL3d3dy53My5vcmcvMjAwMC9zdmciPjwvc3ZnPg==\" style=\"--smush-placeholder-width: 300px; --smush-placeholder-aspect-ratio: 300\/225;\" \/><\/a>\n\t\t\t<\/dt><\/dl><br style=\"clear: both\" \/><dl class='gallery-item'>\n\t\t\t<dt class='gallery-icon landscape'>\n\t\t\t\t<a href='https:\/\/kfv-mol.de\/Wordpress\/Artikel\/deutsch-polnische-zusammenarbeit\/img_1094-2\/'><img decoding=\"async\" width=\"300\" height=\"225\" data-src=\"https:\/\/kfv-mol.de\/Wordpress\/wp-content\/uploads\/2016\/07\/IMG_1094-1-300x225.jpg\" class=\"attachment-medium size-medium lazyload\" alt=\"\" data-srcset=\"https:\/\/kfv-mol.de\/Wordpress\/wp-content\/uploads\/2016\/07\/IMG_1094-1-300x225.jpg 300w, https:\/\/kfv-mol.de\/Wordpress\/wp-content\/uploads\/2016\/07\/IMG_1094-1-768x576.jpg 768w, https:\/\/kfv-mol.de\/Wordpress\/wp-content\/uploads\/2016\/07\/IMG_1094-1-1024x768.jpg 1024w\" data-sizes=\"(max-width: 300px) 100vw, 300px\" src=\"data:image\/svg+xml;base64,PHN2ZyB3aWR0aD0iMSIgaGVpZ2h0PSIxIiB4bWxucz0iaHR0cDovL3d3dy53My5vcmcvMjAwMC9zdmciPjwvc3ZnPg==\" style=\"--smush-placeholder-width: 300px; --smush-placeholder-aspect-ratio: 300\/225;\" \/><\/a>\n\t\t\t<\/dt><\/dl><dl class='gallery-item'>\n\t\t\t<dt class='gallery-icon landscape'>\n\t\t\t\t<a href='https:\/\/kfv-mol.de\/Wordpress\/Artikel\/deutsch-polnische-zusammenarbeit\/img_1096\/'><img decoding=\"async\" width=\"300\" height=\"225\" data-src=\"https:\/\/kfv-mol.de\/Wordpress\/wp-content\/uploads\/2016\/07\/IMG_1096-300x225.jpg\" class=\"attachment-medium size-medium lazyload\" alt=\"\" data-srcset=\"https:\/\/kfv-mol.de\/Wordpress\/wp-content\/uploads\/2016\/07\/IMG_1096-300x225.jpg 300w, https:\/\/kfv-mol.de\/Wordpress\/wp-content\/uploads\/2016\/07\/IMG_1096-768x576.jpg 768w, https:\/\/kfv-mol.de\/Wordpress\/wp-content\/uploads\/2016\/07\/IMG_1096-1024x768.jpg 1024w\" data-sizes=\"(max-width: 300px) 100vw, 300px\" src=\"data:image\/svg+xml;base64,PHN2ZyB3aWR0aD0iMSIgaGVpZ2h0PSIxIiB4bWxucz0iaHR0cDovL3d3dy53My5vcmcvMjAwMC9zdmciPjwvc3ZnPg==\" style=\"--smush-placeholder-width: 300px; --smush-placeholder-aspect-ratio: 300\/225;\" \/><\/a>\n\t\t\t<\/dt><\/dl><dl class='gallery-item'>\n\t\t\t<dt class='gallery-icon landscape'>\n\t\t\t\t<a href='https:\/\/kfv-mol.de\/Wordpress\/Artikel\/deutsch-polnische-zusammenarbeit\/img_1097\/'><img decoding=\"async\" width=\"300\" height=\"225\" data-src=\"https:\/\/kfv-mol.de\/Wordpress\/wp-content\/uploads\/2016\/07\/IMG_1097-300x225.jpg\" class=\"attachment-medium size-medium lazyload\" alt=\"\" data-srcset=\"https:\/\/kfv-mol.de\/Wordpress\/wp-content\/uploads\/2016\/07\/IMG_1097-300x225.jpg 300w, https:\/\/kfv-mol.de\/Wordpress\/wp-content\/uploads\/2016\/07\/IMG_1097-768x576.jpg 768w, https:\/\/kfv-mol.de\/Wordpress\/wp-content\/uploads\/2016\/07\/IMG_1097-1024x768.jpg 1024w\" data-sizes=\"(max-width: 300px) 100vw, 300px\" src=\"data:image\/svg+xml;base64,PHN2ZyB3aWR0aD0iMSIgaGVpZ2h0PSIxIiB4bWxucz0iaHR0cDovL3d3dy53My5vcmcvMjAwMC9zdmciPjwvc3ZnPg==\" style=\"--smush-placeholder-width: 300px; --smush-placeholder-aspect-ratio: 300\/225;\" \/><\/a>\n\t\t\t<\/dt><\/dl><br style=\"clear: both\" \/><dl class='gallery-item'>\n\t\t\t<dt class='gallery-icon landscape'>\n\t\t\t\t<a href='https:\/\/kfv-mol.de\/Wordpress\/Artikel\/deutsch-polnische-zusammenarbeit\/img_1098\/'><img decoding=\"async\" width=\"300\" height=\"225\" data-src=\"https:\/\/kfv-mol.de\/Wordpress\/wp-content\/uploads\/2016\/07\/IMG_1098-300x225.jpg\" class=\"attachment-medium size-medium lazyload\" alt=\"\" data-srcset=\"https:\/\/kfv-mol.de\/Wordpress\/wp-content\/uploads\/2016\/07\/IMG_1098-300x225.jpg 300w, https:\/\/kfv-mol.de\/Wordpress\/wp-content\/uploads\/2016\/07\/IMG_1098-768x576.jpg 768w, https:\/\/kfv-mol.de\/Wordpress\/wp-content\/uploads\/2016\/07\/IMG_1098-1024x768.jpg 1024w\" data-sizes=\"(max-width: 300px) 100vw, 300px\" src=\"data:image\/svg+xml;base64,PHN2ZyB3aWR0aD0iMSIgaGVpZ2h0PSIxIiB4bWxucz0iaHR0cDovL3d3dy53My5vcmcvMjAwMC9zdmciPjwvc3ZnPg==\" style=\"--smush-placeholder-width: 300px; --smush-placeholder-aspect-ratio: 300\/225;\" \/><\/a>\n\t\t\t<\/dt><\/dl><dl class='gallery-item'>\n\t\t\t<dt class='gallery-icon landscape'>\n\t\t\t\t<a href='https:\/\/kfv-mol.de\/Wordpress\/Artikel\/deutsch-polnische-zusammenarbeit\/img_1099\/'><img decoding=\"async\" width=\"300\" height=\"225\" data-src=\"https:\/\/kfv-mol.de\/Wordpress\/wp-content\/uploads\/2016\/07\/IMG_1099-300x225.jpg\" class=\"attachment-medium size-medium lazyload\" alt=\"\" data-srcset=\"https:\/\/kfv-mol.de\/Wordpress\/wp-content\/uploads\/2016\/07\/IMG_1099-300x225.jpg 300w, https:\/\/kfv-mol.de\/Wordpress\/wp-content\/uploads\/2016\/07\/IMG_1099-768x576.jpg 768w, https:\/\/kfv-mol.de\/Wordpress\/wp-content\/uploads\/2016\/07\/IMG_1099-1024x768.jpg 1024w\" data-sizes=\"(max-width: 300px) 100vw, 300px\" src=\"data:image\/svg+xml;base64,PHN2ZyB3aWR0aD0iMSIgaGVpZ2h0PSIxIiB4bWxucz0iaHR0cDovL3d3dy53My5vcmcvMjAwMC9zdmciPjwvc3ZnPg==\" style=\"--smush-placeholder-width: 300px; --smush-placeholder-aspect-ratio: 300\/225;\" \/><\/a>\n\t\t\t<\/dt><\/dl><dl class='gallery-item'>\n\t\t\t<dt class='gallery-icon landscape'>\n\t\t\t\t<a href='https:\/\/kfv-mol.de\/Wordpress\/Artikel\/deutsch-polnische-zusammenarbeit\/img_1100\/'><img decoding=\"async\" width=\"300\" height=\"225\" data-src=\"https:\/\/kfv-mol.de\/Wordpress\/wp-content\/uploads\/2016\/07\/IMG_1100-300x225.jpg\" class=\"attachment-medium size-medium lazyload\" alt=\"\" data-srcset=\"https:\/\/kfv-mol.de\/Wordpress\/wp-content\/uploads\/2016\/07\/IMG_1100-300x225.jpg 300w, https:\/\/kfv-mol.de\/Wordpress\/wp-content\/uploads\/2016\/07\/IMG_1100-768x576.jpg 768w, https:\/\/kfv-mol.de\/Wordpress\/wp-content\/uploads\/2016\/07\/IMG_1100-1024x768.jpg 1024w\" data-sizes=\"(max-width: 300px) 100vw, 300px\" src=\"data:image\/svg+xml;base64,PHN2ZyB3aWR0aD0iMSIgaGVpZ2h0PSIxIiB4bWxucz0iaHR0cDovL3d3dy53My5vcmcvMjAwMC9zdmciPjwvc3ZnPg==\" style=\"--smush-placeholder-width: 300px; --smush-placeholder-aspect-ratio: 300\/225;\" \/><\/a>\n\t\t\t<\/dt><\/dl><br style=\"clear: both\" \/><dl class='gallery-item'>\n\t\t\t<dt class='gallery-icon landscape'>\n\t\t\t\t<a href='https:\/\/kfv-mol.de\/Wordpress\/Artikel\/deutsch-polnische-zusammenarbeit\/13549194_787932641307756_1767007683_o\/'><img decoding=\"async\" width=\"300\" height=\"300\" data-src=\"https:\/\/kfv-mol.de\/Wordpress\/wp-content\/uploads\/2016\/07\/13549194_787932641307756_1767007683_o-300x300.jpg\" class=\"attachment-medium size-medium lazyload\" alt=\"\" data-srcset=\"https:\/\/kfv-mol.de\/Wordpress\/wp-content\/uploads\/2016\/07\/13549194_787932641307756_1767007683_o-300x300.jpg 300w, https:\/\/kfv-mol.de\/Wordpress\/wp-content\/uploads\/2016\/07\/13549194_787932641307756_1767007683_o-150x150.jpg 150w, https:\/\/kfv-mol.de\/Wordpress\/wp-content\/uploads\/2016\/07\/13549194_787932641307756_1767007683_o-768x768.jpg 768w, https:\/\/kfv-mol.de\/Wordpress\/wp-content\/uploads\/2016\/07\/13549194_787932641307756_1767007683_o-1024x1024.jpg 1024w, https:\/\/kfv-mol.de\/Wordpress\/wp-content\/uploads\/2016\/07\/13549194_787932641307756_1767007683_o-96x96.jpg 96w, https:\/\/kfv-mol.de\/Wordpress\/wp-content\/uploads\/2016\/07\/13549194_787932641307756_1767007683_o-24x24.jpg 24w, https:\/\/kfv-mol.de\/Wordpress\/wp-content\/uploads\/2016\/07\/13549194_787932641307756_1767007683_o-36x36.jpg 36w, https:\/\/kfv-mol.de\/Wordpress\/wp-content\/uploads\/2016\/07\/13549194_787932641307756_1767007683_o-48x48.jpg 48w, https:\/\/kfv-mol.de\/Wordpress\/wp-content\/uploads\/2016\/07\/13549194_787932641307756_1767007683_o-64x64.jpg 64w, https:\/\/kfv-mol.de\/Wordpress\/wp-content\/uploads\/2016\/07\/13549194_787932641307756_1767007683_o.jpg 1136w\" data-sizes=\"(max-width: 300px) 100vw, 300px\" src=\"data:image\/svg+xml;base64,PHN2ZyB3aWR0aD0iMSIgaGVpZ2h0PSIxIiB4bWxucz0iaHR0cDovL3d3dy53My5vcmcvMjAwMC9zdmciPjwvc3ZnPg==\" style=\"--smush-placeholder-width: 300px; --smush-placeholder-aspect-ratio: 300\/300;\" \/><\/a>\n\t\t\t<\/dt><\/dl><dl class='gallery-item'>\n\t\t\t<dt class='gallery-icon landscape'>\n\t\t\t\t<a href='https:\/\/kfv-mol.de\/Wordpress\/Artikel\/deutsch-polnische-zusammenarbeit\/13524086_787932801307740_1480220997_o\/'><img decoding=\"async\" width=\"300\" height=\"300\" data-src=\"https:\/\/kfv-mol.de\/Wordpress\/wp-content\/uploads\/2016\/07\/13524086_787932801307740_1480220997_o-300x300.jpg\" class=\"attachment-medium size-medium lazyload\" alt=\"\" data-srcset=\"https:\/\/kfv-mol.de\/Wordpress\/wp-content\/uploads\/2016\/07\/13524086_787932801307740_1480220997_o-300x300.jpg 300w, https:\/\/kfv-mol.de\/Wordpress\/wp-content\/uploads\/2016\/07\/13524086_787932801307740_1480220997_o-150x150.jpg 150w, https:\/\/kfv-mol.de\/Wordpress\/wp-content\/uploads\/2016\/07\/13524086_787932801307740_1480220997_o-768x768.jpg 768w, https:\/\/kfv-mol.de\/Wordpress\/wp-content\/uploads\/2016\/07\/13524086_787932801307740_1480220997_o-1024x1024.jpg 1024w, https:\/\/kfv-mol.de\/Wordpress\/wp-content\/uploads\/2016\/07\/13524086_787932801307740_1480220997_o-96x96.jpg 96w, https:\/\/kfv-mol.de\/Wordpress\/wp-content\/uploads\/2016\/07\/13524086_787932801307740_1480220997_o-24x24.jpg 24w, https:\/\/kfv-mol.de\/Wordpress\/wp-content\/uploads\/2016\/07\/13524086_787932801307740_1480220997_o-36x36.jpg 36w, https:\/\/kfv-mol.de\/Wordpress\/wp-content\/uploads\/2016\/07\/13524086_787932801307740_1480220997_o-48x48.jpg 48w, https:\/\/kfv-mol.de\/Wordpress\/wp-content\/uploads\/2016\/07\/13524086_787932801307740_1480220997_o-64x64.jpg 64w, https:\/\/kfv-mol.de\/Wordpress\/wp-content\/uploads\/2016\/07\/13524086_787932801307740_1480220997_o.jpg 1136w\" data-sizes=\"(max-width: 300px) 100vw, 300px\" src=\"data:image\/svg+xml;base64,PHN2ZyB3aWR0aD0iMSIgaGVpZ2h0PSIxIiB4bWxucz0iaHR0cDovL3d3dy53My5vcmcvMjAwMC9zdmciPjwvc3ZnPg==\" style=\"--smush-placeholder-width: 300px; --smush-placeholder-aspect-ratio: 300\/300;\" \/><\/a>\n\t\t\t<\/dt><\/dl><dl class='gallery-item'>\n\t\t\t<dt class='gallery-icon landscape'>\n\t\t\t\t<a href='https:\/\/kfv-mol.de\/Wordpress\/Artikel\/deutsch-polnische-zusammenarbeit\/13548920_787932771307743_1998013154_o\/'><img decoding=\"async\" width=\"300\" height=\"300\" data-src=\"https:\/\/kfv-mol.de\/Wordpress\/wp-content\/uploads\/2016\/07\/13548920_787932771307743_1998013154_o-300x300.jpg\" class=\"attachment-medium size-medium lazyload\" alt=\"\" data-srcset=\"https:\/\/kfv-mol.de\/Wordpress\/wp-content\/uploads\/2016\/07\/13548920_787932771307743_1998013154_o-300x300.jpg 300w, https:\/\/kfv-mol.de\/Wordpress\/wp-content\/uploads\/2016\/07\/13548920_787932771307743_1998013154_o-150x150.jpg 150w, https:\/\/kfv-mol.de\/Wordpress\/wp-content\/uploads\/2016\/07\/13548920_787932771307743_1998013154_o-768x768.jpg 768w, https:\/\/kfv-mol.de\/Wordpress\/wp-content\/uploads\/2016\/07\/13548920_787932771307743_1998013154_o-1024x1024.jpg 1024w, https:\/\/kfv-mol.de\/Wordpress\/wp-content\/uploads\/2016\/07\/13548920_787932771307743_1998013154_o-96x96.jpg 96w, https:\/\/kfv-mol.de\/Wordpress\/wp-content\/uploads\/2016\/07\/13548920_787932771307743_1998013154_o-24x24.jpg 24w, https:\/\/kfv-mol.de\/Wordpress\/wp-content\/uploads\/2016\/07\/13548920_787932771307743_1998013154_o-36x36.jpg 36w, https:\/\/kfv-mol.de\/Wordpress\/wp-content\/uploads\/2016\/07\/13548920_787932771307743_1998013154_o-48x48.jpg 48w, https:\/\/kfv-mol.de\/Wordpress\/wp-content\/uploads\/2016\/07\/13548920_787932771307743_1998013154_o-64x64.jpg 64w, https:\/\/kfv-mol.de\/Wordpress\/wp-content\/uploads\/2016\/07\/13548920_787932771307743_1998013154_o.jpg 1136w\" data-sizes=\"(max-width: 300px) 100vw, 300px\" src=\"data:image\/svg+xml;base64,PHN2ZyB3aWR0aD0iMSIgaGVpZ2h0PSIxIiB4bWxucz0iaHR0cDovL3d3dy53My5vcmcvMjAwMC9zdmciPjwvc3ZnPg==\" style=\"--smush-placeholder-width: 300px; --smush-placeholder-aspect-ratio: 300\/300;\" \/><\/a>\n\t\t\t<\/dt><\/dl><br style=\"clear: both\" \/><dl class='gallery-item'>\n\t\t\t<dt class='gallery-icon landscape'>\n\t\t\t\t<a href='https:\/\/kfv-mol.de\/Wordpress\/Artikel\/deutsch-polnische-zusammenarbeit\/13548814_787932741307746_1136589614_o\/'><img decoding=\"async\" width=\"300\" height=\"300\" data-src=\"https:\/\/kfv-mol.de\/Wordpress\/wp-content\/uploads\/2016\/07\/13548814_787932741307746_1136589614_o-300x300.jpg\" class=\"attachment-medium size-medium lazyload\" alt=\"\" data-srcset=\"https:\/\/kfv-mol.de\/Wordpress\/wp-content\/uploads\/2016\/07\/13548814_787932741307746_1136589614_o-300x300.jpg 300w, https:\/\/kfv-mol.de\/Wordpress\/wp-content\/uploads\/2016\/07\/13548814_787932741307746_1136589614_o-150x150.jpg 150w, https:\/\/kfv-mol.de\/Wordpress\/wp-content\/uploads\/2016\/07\/13548814_787932741307746_1136589614_o-768x768.jpg 768w, https:\/\/kfv-mol.de\/Wordpress\/wp-content\/uploads\/2016\/07\/13548814_787932741307746_1136589614_o-1024x1024.jpg 1024w, https:\/\/kfv-mol.de\/Wordpress\/wp-content\/uploads\/2016\/07\/13548814_787932741307746_1136589614_o-96x96.jpg 96w, https:\/\/kfv-mol.de\/Wordpress\/wp-content\/uploads\/2016\/07\/13548814_787932741307746_1136589614_o-24x24.jpg 24w, https:\/\/kfv-mol.de\/Wordpress\/wp-content\/uploads\/2016\/07\/13548814_787932741307746_1136589614_o-36x36.jpg 36w, https:\/\/kfv-mol.de\/Wordpress\/wp-content\/uploads\/2016\/07\/13548814_787932741307746_1136589614_o-48x48.jpg 48w, https:\/\/kfv-mol.de\/Wordpress\/wp-content\/uploads\/2016\/07\/13548814_787932741307746_1136589614_o-64x64.jpg 64w, https:\/\/kfv-mol.de\/Wordpress\/wp-content\/uploads\/2016\/07\/13548814_787932741307746_1136589614_o.jpg 1136w\" data-sizes=\"(max-width: 300px) 100vw, 300px\" src=\"data:image\/svg+xml;base64,PHN2ZyB3aWR0aD0iMSIgaGVpZ2h0PSIxIiB4bWxucz0iaHR0cDovL3d3dy53My5vcmcvMjAwMC9zdmciPjwvc3ZnPg==\" style=\"--smush-placeholder-width: 300px; --smush-placeholder-aspect-ratio: 300\/300;\" \/><\/a>\n\t\t\t<\/dt><\/dl><dl class='gallery-item'>\n\t\t\t<dt class='gallery-icon landscape'>\n\t\t\t\t<a href='https:\/\/kfv-mol.de\/Wordpress\/Artikel\/deutsch-polnische-zusammenarbeit\/13570096_787932697974417_1932739028_o\/'><img decoding=\"async\" width=\"300\" height=\"300\" data-src=\"https:\/\/kfv-mol.de\/Wordpress\/wp-content\/uploads\/2016\/07\/13570096_787932697974417_1932739028_o-300x300.jpg\" class=\"attachment-medium size-medium lazyload\" alt=\"\" data-srcset=\"https:\/\/kfv-mol.de\/Wordpress\/wp-content\/uploads\/2016\/07\/13570096_787932697974417_1932739028_o-300x300.jpg 300w, https:\/\/kfv-mol.de\/Wordpress\/wp-content\/uploads\/2016\/07\/13570096_787932697974417_1932739028_o-150x150.jpg 150w, https:\/\/kfv-mol.de\/Wordpress\/wp-content\/uploads\/2016\/07\/13570096_787932697974417_1932739028_o-768x768.jpg 768w, https:\/\/kfv-mol.de\/Wordpress\/wp-content\/uploads\/2016\/07\/13570096_787932697974417_1932739028_o-1024x1024.jpg 1024w, https:\/\/kfv-mol.de\/Wordpress\/wp-content\/uploads\/2016\/07\/13570096_787932697974417_1932739028_o-96x96.jpg 96w, https:\/\/kfv-mol.de\/Wordpress\/wp-content\/uploads\/2016\/07\/13570096_787932697974417_1932739028_o-24x24.jpg 24w, https:\/\/kfv-mol.de\/Wordpress\/wp-content\/uploads\/2016\/07\/13570096_787932697974417_1932739028_o-36x36.jpg 36w, https:\/\/kfv-mol.de\/Wordpress\/wp-content\/uploads\/2016\/07\/13570096_787932697974417_1932739028_o-48x48.jpg 48w, https:\/\/kfv-mol.de\/Wordpress\/wp-content\/uploads\/2016\/07\/13570096_787932697974417_1932739028_o-64x64.jpg 64w, https:\/\/kfv-mol.de\/Wordpress\/wp-content\/uploads\/2016\/07\/13570096_787932697974417_1932739028_o.jpg 1136w\" data-sizes=\"(max-width: 300px) 100vw, 300px\" src=\"data:image\/svg+xml;base64,PHN2ZyB3aWR0aD0iMSIgaGVpZ2h0PSIxIiB4bWxucz0iaHR0cDovL3d3dy53My5vcmcvMjAwMC9zdmciPjwvc3ZnPg==\" style=\"--smush-placeholder-width: 300px; --smush-placeholder-aspect-ratio: 300\/300;\" \/><\/a>\n\t\t\t<\/dt><\/dl>\n\t\t\t<br style='clear: both' \/>\n\t\t<\/div>\n\n","protected":false},"excerpt":{"rendered":"<p>Am Mittwoch, dem 29. Juni besuchte eine Delegation der Berufs- und Freiwilligen Feuerwehr aus Polen den Landkreis M\u00e4rkisch-Oderland. Die Polnische Delegation wurde vom Chef der Berufsfeuerwehr des Kreises Mysliborski Brigadier Janusz Peszczoh und vom Vorsitzenden des Kreisfeuerwehrverbandes Tadeusz Nowak geleitet. Der Delegation geh\u00f6rten weiterhin Leitungsmitglieder der Berufsfeuerwehr Debno und der Wojewodschaft Westpommen an. Im Ger\u00e4tehaus [&hellip;]<\/p>\n","protected":false},"author":3,"featured_media":1745,"comment_status":"closed","ping_status":"closed","sticky":false,"template":"","format":"standard","meta":{"footnotes":""},"categories":[1],"tags":[],"class_list":["post-1744","post","type-post","status-publish","format-standard","has-post-thumbnail","hentry","category-sonstige"],"_links":{"self":[{"href":"https:\/\/kfv-mol.de\/Wordpress\/wp-json\/wp\/v2\/posts\/1744","targetHints":{"allow":["GET"]}}],"collection":[{"href":"https:\/\/kfv-mol.de\/Wordpress\/wp-json\/wp\/v2\/posts"}],"about":[{"href":"https:\/\/kfv-mol.de\/Wordpress\/wp-json\/wp\/v2\/types\/post"}],"author":[{"embeddable":true,"href":"https:\/\/kfv-mol.de\/Wordpress\/wp-json\/wp\/v2\/users\/3"}],"replies":[{"embeddable":true,"href":"https:\/\/kfv-mol.de\/Wordpress\/wp-json\/wp\/v2\/comments?post=1744"}],"version-history":[{"count":0,"href":"https:\/\/kfv-mol.de\/Wordpress\/wp-json\/wp\/v2\/posts\/1744\/revisions"}],"wp:featuredmedia":[{"embeddable":true,"href":"https:\/\/kfv-mol.de\/Wordpress\/wp-json\/wp\/v2\/media\/1745"}],"wp:attachment":[{"href":"https:\/\/kfv-mol.de\/Wordpress\/wp-json\/wp\/v2\/media?parent=1744"}],"wp:term":[{"taxonomy":"category","embeddable":true,"href":"https:\/\/kfv-mol.de\/Wordpress\/wp-json\/wp\/v2\/categories?post=1744"},{"taxonomy":"post_tag","embeddable":true,"href":"https:\/\/kfv-mol.de\/Wordpress\/wp-json\/wp\/v2\/tags?post=1744"}],"curies":[{"name":"wp","href":"https:\/\/api.w.org\/{rel}","templated":true}]}}