{"id":1737,"date":"2016-06-28T10:03:14","date_gmt":"2016-06-28T09:03:14","guid":{"rendered":"http:\/\/www.kfv-mol.de\/Wordpress\/?p=1737"},"modified":"2016-06-28T10:04:41","modified_gmt":"2016-06-28T09:04:41","slug":"1-treffen-der-schrauber-des-fa-historik","status":"publish","type":"post","link":"https:\/\/kfv-mol.de\/Wordpress\/Artikel\/1-treffen-der-schrauber-des-fa-historik\/","title":{"rendered":"1. Treffen der Schrauber des FA Historik"},"content":{"rendered":"<div>\n<div>Der Fachausschu\u00df Historik im Kreisfeuerwehrverband M\u00e4rkisch-Oderland rief zum ersten Schraubertreffen.<\/div>\n<div>Am 25. 6. 2016 trafen sich darum zum Dorffest in Lichtenow (Gemeinde R\u00fcdersdorf) einige Kameraden, die historische Feuerwehrfahrzeuge pflegen und erhalten.<\/div>\n<div>Der Fachausschu\u00dfvorsitzende Kamerad Strutzke sprach hierzu kurzfristig einige Feuerwehren an und so konnte er vier Fahrzeuge beim Dorffest in Lichtenow vorstellen. Der Ortvorsteher Herbert Peschke begr\u00fc\u00dfte die Anwesenden und zeigte voller Stolz das restaurierte Spritzenhaus am Festplatz. Im Gespr\u00e4ch wurde auch an die Freiwillige Feuerwehr Lichtenow erinnert, welche im Jahre 1905 gegr\u00fcndet wurde und am 3.9.1907 zum Eisenbahnungl\u00fcck in Herrensee zu Hilfe eilte. Die Freiwillige Feuerwehr Lichtenow wurde im Jahre 1993 leider aufgel\u00f6st, seid dem sind die anderen Ortsteilwehren f\u00fcr die Lichtenower B\u00fcrger immer zur Stelle.<\/div>\n<div>Der Fachausschu\u00df Historik m\u00f6chte mit diesem ersten Treffen, der Schrauber, einen weiteren Bereich der Geschichte unserer freiwilligen Feuerwehren zusammenf\u00fchren. So k\u00f6nnen bei diesen Treffen Informationen \u00fcber Fahrzeuge und Ger\u00e4te, sowie Tricks und Kniffe bei Restaurationen ausgetauscht werden. Auch w\u00e4re es m\u00f6glich ein Treffen historischer Feuerwehrfahrzeuge zu organisieren.<\/div>\n<div>Wir w\u00fcrden uns freuen wenn sich weitere Interessierte melden damit wir sie zum n\u00e4chsten Treffen direkt einladen k\u00f6nnen.<\/div>\n<div><\/div>\n<div>\n<div>\n<div>Mario Strutzke<\/div>\n<div>FA- Leiter Historik (Tel: 033638\/62115, 0172\/3923127)<\/div>\n<div>\n<p>mariostrutzke@gmx.de<\/p>\n<\/div>\n<div>\n\n\t\t<style type=\"text\/css\">\n\t\t\t#gallery-1 {\n\t\t\t\tmargin: auto;\n\t\t\t}\n\t\t\t#gallery-1 .gallery-item {\n\t\t\t\tfloat: left;\n\t\t\t\tmargin-top: 10px;\n\t\t\t\ttext-align: center;\n\t\t\t\twidth: 33%;\n\t\t\t}\n\t\t\t#gallery-1 img {\n\t\t\t\tborder: 2px solid #cfcfcf;\n\t\t\t}\n\t\t\t#gallery-1 .gallery-caption {\n\t\t\t\tmargin-left: 0;\n\t\t\t}\n\t\t\t\/* see gallery_shortcode() in wp-includes\/media.php *\/\n\t\t<\/style>\n\t\t<div id='gallery-1' class='gallery galleryid-1737 gallery-columns-3 gallery-size-medium'><dl class='gallery-item'>\n\t\t\t<dt class='gallery-icon landscape'>\n\t\t\t\t<a href='https:\/\/kfv-mol.de\/Wordpress\/Artikel\/1-treffen-der-schrauber-des-fa-historik\/20160625_124133\/'><img decoding=\"async\" width=\"300\" height=\"169\" data-src=\"https:\/\/kfv-mol.de\/Wordpress\/wp-content\/uploads\/2016\/06\/20160625_124133-300x169.jpg\" class=\"attachment-medium size-medium lazyload\" alt=\"\" data-srcset=\"https:\/\/kfv-mol.de\/Wordpress\/wp-content\/uploads\/2016\/06\/20160625_124133-300x169.jpg 300w, https:\/\/kfv-mol.de\/Wordpress\/wp-content\/uploads\/2016\/06\/20160625_124133-768x432.jpg 768w, https:\/\/kfv-mol.de\/Wordpress\/wp-content\/uploads\/2016\/06\/20160625_124133-1024x576.jpg 1024w\" data-sizes=\"(max-width: 300px) 100vw, 300px\" src=\"data:image\/svg+xml;base64,PHN2ZyB3aWR0aD0iMSIgaGVpZ2h0PSIxIiB4bWxucz0iaHR0cDovL3d3dy53My5vcmcvMjAwMC9zdmciPjwvc3ZnPg==\" style=\"--smush-placeholder-width: 300px; --smush-placeholder-aspect-ratio: 300\/169;\" \/><\/a>\n\t\t\t<\/dt><\/dl><dl class='gallery-item'>\n\t\t\t<dt class='gallery-icon landscape'>\n\t\t\t\t<a href='https:\/\/kfv-mol.de\/Wordpress\/Artikel\/1-treffen-der-schrauber-des-fa-historik\/20160625_124157\/'><img decoding=\"async\" width=\"300\" height=\"169\" data-src=\"https:\/\/kfv-mol.de\/Wordpress\/wp-content\/uploads\/2016\/06\/20160625_124157-300x169.jpg\" class=\"attachment-medium size-medium lazyload\" alt=\"\" data-srcset=\"https:\/\/kfv-mol.de\/Wordpress\/wp-content\/uploads\/2016\/06\/20160625_124157-300x169.jpg 300w, https:\/\/kfv-mol.de\/Wordpress\/wp-content\/uploads\/2016\/06\/20160625_124157-768x432.jpg 768w, https:\/\/kfv-mol.de\/Wordpress\/wp-content\/uploads\/2016\/06\/20160625_124157-1024x576.jpg 1024w\" data-sizes=\"(max-width: 300px) 100vw, 300px\" src=\"data:image\/svg+xml;base64,PHN2ZyB3aWR0aD0iMSIgaGVpZ2h0PSIxIiB4bWxucz0iaHR0cDovL3d3dy53My5vcmcvMjAwMC9zdmciPjwvc3ZnPg==\" style=\"--smush-placeholder-width: 300px; --smush-placeholder-aspect-ratio: 300\/169;\" \/><\/a>\n\t\t\t<\/dt><\/dl>\n\t\t\t<br style='clear: both' \/>\n\t\t<\/div>\n\n<\/div>\n<\/div>\n<\/div>\n<\/div>\n","protected":false},"excerpt":{"rendered":"<p>Der Fachausschu\u00df Historik im Kreisfeuerwehrverband M\u00e4rkisch-Oderland rief zum ersten Schraubertreffen. Am 25. 6. 2016 trafen sich darum zum Dorffest in Lichtenow (Gemeinde R\u00fcdersdorf) einige Kameraden, die historische Feuerwehrfahrzeuge pflegen und erhalten. Der Fachausschu\u00dfvorsitzende Kamerad Strutzke sprach hierzu kurzfristig einige Feuerwehren an und so konnte er vier Fahrzeuge beim Dorffest in Lichtenow vorstellen. Der Ortvorsteher Herbert [&hellip;]<\/p>\n","protected":false},"author":3,"featured_media":1738,"comment_status":"closed","ping_status":"closed","sticky":false,"template":"","format":"standard","meta":{"footnotes":""},"categories":[1],"tags":[],"class_list":["post-1737","post","type-post","status-publish","format-standard","has-post-thumbnail","hentry","category-sonstige"],"_links":{"self":[{"href":"https:\/\/kfv-mol.de\/Wordpress\/wp-json\/wp\/v2\/posts\/1737","targetHints":{"allow":["GET"]}}],"collection":[{"href":"https:\/\/kfv-mol.de\/Wordpress\/wp-json\/wp\/v2\/posts"}],"about":[{"href":"https:\/\/kfv-mol.de\/Wordpress\/wp-json\/wp\/v2\/types\/post"}],"author":[{"embeddable":true,"href":"https:\/\/kfv-mol.de\/Wordpress\/wp-json\/wp\/v2\/users\/3"}],"replies":[{"embeddable":true,"href":"https:\/\/kfv-mol.de\/Wordpress\/wp-json\/wp\/v2\/comments?post=1737"}],"version-history":[{"count":0,"href":"https:\/\/kfv-mol.de\/Wordpress\/wp-json\/wp\/v2\/posts\/1737\/revisions"}],"wp:featuredmedia":[{"embeddable":true,"href":"https:\/\/kfv-mol.de\/Wordpress\/wp-json\/wp\/v2\/media\/1738"}],"wp:attachment":[{"href":"https:\/\/kfv-mol.de\/Wordpress\/wp-json\/wp\/v2\/media?parent=1737"}],"wp:term":[{"taxonomy":"category","embeddable":true,"href":"https:\/\/kfv-mol.de\/Wordpress\/wp-json\/wp\/v2\/categories?post=1737"},{"taxonomy":"post_tag","embeddable":true,"href":"https:\/\/kfv-mol.de\/Wordpress\/wp-json\/wp\/v2\/tags?post=1737"}],"curies":[{"name":"wp","href":"https:\/\/api.w.org\/{rel}","templated":true}]}}