{"id":173,"date":"2011-04-15T15:22:05","date_gmt":"2011-04-15T14:22:05","guid":{"rendered":"http:\/\/www.kfv-mol.de\/Wordpress\/?p=173"},"modified":"2011-04-15T15:22:05","modified_gmt":"2011-04-15T14:22:05","slug":"seelower-ist-%e2%80%9epartner-der-feuerwehr%e2%80%9c","status":"publish","type":"post","link":"https:\/\/kfv-mol.de\/Wordpress\/Artikel\/seelower-ist-%e2%80%9epartner-der-feuerwehr%e2%80%9c\/","title":{"rendered":"Seelower ist \u201ePartner der Feuerwehr\u201c"},"content":{"rendered":"<p>Von MANDY TIMM<br \/>\nSeelow (MOZ) Nur 15 Auszeichnungen vergibt das Land Brandenburg<br \/>\njedes Jahr \u2013 eine davon hat jetzt die Firma Kfz-Elektrik\/Technik<br \/>\nReiner Wache aus Seelow erhalten.<br \/>\nDer Unternehmer ist am Dienstag f\u00fcr seine hervorragende<br \/>\nZusammenarbeit mit der Seelower Feuerwehr ausgezeichnet worden.<br \/>\nSeelows Feuerwehrchef Candy Schmiedeke und B\u00fcrgermeister<br \/>\nJ\u00f6rg Schr\u00f6der \u00fcberreichten dem Kfz-Meister und seiner Frau Monika<br \/>\neine Urkunde und das F\u00f6rderschild \u201ePartner der Feuerwehr\u201c.<br \/>\nDie Auszeichnung erh\u00e4lt Reiner Wache daf\u00fcr, dass er zwei seiner<br \/>\nMitarbeiter, die sich ehrenamtlich in der Wehr engagieren,<br \/>\njederzeit freistellt \u2013 seit mehr als 20 Jahren schon. Dass das keine<br \/>\nSelbstverst\u00e4ndlichkeit ist, erfahren Wehrleitungen immer wieder.<br \/>\n\u201eZwar ist die Freistellung der Einsatzkr\u00e4fte gesetzlich geregelt\u201c,<br \/>\nsagte Candy Schmiedeke, \u201eaber nicht jeder Firmenchef h\u00e4lt sich<br \/>\ndaran.\u201c Und das, obwohl es besonders tags\u00fcber wichtig ist, auf<br \/>\ndie freiwilligen Helfer z\u00e4hlen zu k\u00f6nnen. Reiner Wache erm\u00f6gliche<br \/>\njederzeit die Teilnahme an Eins\u00e4tzen und geplanten \u00dcbungen.<\/p>\n<p><a href=\"https:\/\/kfv-mol.de\/Wordpress\/wp-content\/uploads\/2011\/04\/Partner-der-Feuerwehr.jpg\"><img decoding=\"async\" class=\"aligncenter size-medium wp-image-174 lazyload\" title=\"Partner der Feuerwehr\" data-src=\"https:\/\/kfv-mol.de\/Wordpress\/wp-content\/uploads\/2011\/04\/Partner-der-Feuerwehr-300x201.jpg\" alt=\"\" width=\"300\" height=\"201\" data-srcset=\"https:\/\/kfv-mol.de\/Wordpress\/wp-content\/uploads\/2011\/04\/Partner-der-Feuerwehr-300x201.jpg 300w, https:\/\/kfv-mol.de\/Wordpress\/wp-content\/uploads\/2011\/04\/Partner-der-Feuerwehr.jpg 808w\" data-sizes=\"(max-width: 300px) 100vw, 300px\" src=\"data:image\/svg+xml;base64,PHN2ZyB3aWR0aD0iMSIgaGVpZ2h0PSIxIiB4bWxucz0iaHR0cDovL3d3dy53My5vcmcvMjAwMC9zdmciPjwvc3ZnPg==\" style=\"--smush-placeholder-width: 300px; --smush-placeholder-aspect-ratio: 300\/201;\" \/><\/a><\/p>\n<p>Die Seelower Feuerwehr wird im Monat<br \/>\ndurchschnittlich acht Mal alarmiert. Zirka zwei Drittel der<br \/>\nEins\u00e4tze finden am Tag statt. \u201eDie Freistellung der beiden M\u00e4nner<br \/>\nist f\u00fcr die personelle Absicherung der Tagesbereitschaft von enormer<br \/>\nBedeutung\u201c, machte Schmiedeke deutlich. Vor allem auch deshalb,<br \/>\nweil Ronny Tschesche, Mitarbeiter im Betrieb von Reiner Wache,<br \/>\nbei der Feuerwehr stellvertretender Stadtwehrf\u00fchrer ist. Sein Kollege<br \/>\nund Sohn des Firmenchefs, Martin Wache, ist als Drehleitermaschinist<br \/>\nausgebildet. Die Technik wird h\u00e4ufig auch zur Amtshilfe<br \/>\nvon benachbarten Wehren angefordert.<br \/>\nBesonders hervorgehoben wurde im Rahmen der Auszeichnung,<br \/>\ndass die Freistellung der Feuerwehrleute f\u00fcr Reiner<br \/>\nWache nicht nur eine Selbstverst\u00e4ndlichkeit ist,<br \/>\nsondern dass er sich mit der wichtigen Aufgabe der Brandsch\u00fctzer<br \/>\nidentifiziert. \u201eWenn aufgrund eines Einsatzes ein Auftrag im Betrieb<br \/>\nnicht termingerecht erledigt werden kann\u201c, sagte Stadtwehrf\u00fchrer<br \/>\nSchmiedeke, \u201edann macht Herr Wache seinen Kunden gegen\u00fcber<br \/>\ndie Gr\u00fcnde deutlich und wirbt um Verst\u00e4ndnis.\u201c Der Arbeitgeber<br \/>\ntrug in den vergangenen Jahrzehnten auch dazu bei,<br \/>\ndass seine Mitarbeiter mehrt\u00e4gige Speziallehrg\u00e4nge und Weiterbildungen<br \/>\nbesuchen konnten.<br \/>\nMit seiner positiven Grundeinstellung zum Feuerwehrdienst,<br \/>\ngehe Reiner Wache seit vielen Jahren mit bestem Beispiel voran,<br \/>\nlobte Candy Schmiedeke.<\/p>\n<p>\u201eEr tr\u00e4gt einen hohen Anteil daran, dass die Seelower Wehr ihren<br \/>\nAufgaben stets gerecht werden kann.\u201c Die Ehrung \u201ePartner der Feuerwehr\u201c,<br \/>\ndie vom Deutschen Feuerwehrverband ins Leben gerufen<br \/>\nwurde, wird in Brandenburg seit 1999 in Zusammenarbeit<br \/>\nmit dem Landesfeuerwehrverband durchgef\u00fchrt. Seitdem wurden<br \/>\ninsgesamt 130 Betriebe ausgezeichnet.<\/p>\n<p>Quelle: M\u00e4rkische Oderzeitung, Oderland Echo, Donnerstag, 7. April 2011, S. 13<\/p>\n","protected":false},"excerpt":{"rendered":"<p>Von MANDY TIMM Seelow (MOZ) Nur 15 Auszeichnungen vergibt das Land Brandenburg jedes Jahr \u2013 eine davon hat jetzt die Firma Kfz-Elektrik\/Technik Reiner Wache aus Seelow erhalten. Der Unternehmer ist am Dienstag f\u00fcr seine hervorragende Zusammenarbeit mit der Seelower Feuerwehr ausgezeichnet worden. Seelows Feuerwehrchef Candy Schmiedeke und B\u00fcrgermeister J\u00f6rg Schr\u00f6der \u00fcberreichten dem Kfz-Meister und seiner [&hellip;]<\/p>\n","protected":false},"author":1,"featured_media":0,"comment_status":"closed","ping_status":"closed","sticky":false,"template":"","format":"standard","meta":{"footnotes":""},"categories":[4],"tags":[],"class_list":["post-173","post","type-post","status-publish","format-standard","hentry","category-kreisfeuerwehrverband"],"_links":{"self":[{"href":"https:\/\/kfv-mol.de\/Wordpress\/wp-json\/wp\/v2\/posts\/173","targetHints":{"allow":["GET"]}}],"collection":[{"href":"https:\/\/kfv-mol.de\/Wordpress\/wp-json\/wp\/v2\/posts"}],"about":[{"href":"https:\/\/kfv-mol.de\/Wordpress\/wp-json\/wp\/v2\/types\/post"}],"author":[{"embeddable":true,"href":"https:\/\/kfv-mol.de\/Wordpress\/wp-json\/wp\/v2\/users\/1"}],"replies":[{"embeddable":true,"href":"https:\/\/kfv-mol.de\/Wordpress\/wp-json\/wp\/v2\/comments?post=173"}],"version-history":[{"count":0,"href":"https:\/\/kfv-mol.de\/Wordpress\/wp-json\/wp\/v2\/posts\/173\/revisions"}],"wp:attachment":[{"href":"https:\/\/kfv-mol.de\/Wordpress\/wp-json\/wp\/v2\/media?parent=173"}],"wp:term":[{"taxonomy":"category","embeddable":true,"href":"https:\/\/kfv-mol.de\/Wordpress\/wp-json\/wp\/v2\/categories?post=173"},{"taxonomy":"post_tag","embeddable":true,"href":"https:\/\/kfv-mol.de\/Wordpress\/wp-json\/wp\/v2\/tags?post=173"}],"curies":[{"name":"wp","href":"https:\/\/api.w.org\/{rel}","templated":true}]}}