{"id":1725,"date":"2016-05-29T10:26:36","date_gmt":"2016-05-29T09:26:36","guid":{"rendered":"http:\/\/www.kfv-mol.de\/Wordpress\/?p=1725"},"modified":"2016-05-29T10:41:18","modified_gmt":"2016-05-29T09:41:18","slug":"mehr-als-nur-amtsausscheid-der-ff-in-seelow-land","status":"publish","type":"post","link":"https:\/\/kfv-mol.de\/Wordpress\/Artikel\/mehr-als-nur-amtsausscheid-der-ff-in-seelow-land\/","title":{"rendered":"Mehr als nur Amtsausscheid der FF in Seelow-Land"},"content":{"rendered":"<p>Am Sonnabend, den 28.05.2016 fand in Libbenichen der diesj\u00e4hrige Amtsausscheid der FF von Seelow -Land statt. Im Beisein der Amtsdirektorin Frau Roswitha Thiede zeigten alle Feuerwehren und Jugendfeuerwehren sowie eine polnische Gastmannschaft ihr K\u00f6nnen. Unangefochtener Sieger war dabei der Gastgeber, die FF Libenichen.<\/p>\n<p>Aber es gab weitere H\u00f6hepunkte:<\/p>\n<p>Zur Er\u00f6ffnung der Veranstaltung zeichnete der Kreisjugendfeuerwehrwart, Kam. Janko Petryk den Kam. J\u00f6rg Patella mit der Ehrennadel der Kreisjugendfeuerwehr in Silber aus.<\/p>\n<p>Zur Siegerehrung waren der Vizepr\u00e4sident des Landesfeuerwehrverbandes, Kam. Uwe Schulze und der Vorsitzende des Kreisfeuerwehrverbandes, Kam. Hans-Dieter Kandzia mit seinem Stellvertreter, Kam. J\u00fcrgen Feist gekommen.<\/p>\n<p>Kam. Schulze ehrte den Landwirtschaftsbetrieb Martin Schulze aus Dolgelin mit dem Titel &#8222;Partner der Feuerwehr&#8220; und \u00fcberreichte die vom Innenminister und LFV-Pr\u00e4sidenten unterzeichnete Urkunde.<\/p>\n<p>Kam. Kandzia zeichnete die Kameraden Falko Speer und Roland Marggraf mit der Ehrennadel des KFV in Silber aus.<\/p>\n<p>Der FF Falkenhagen \u00fcberreichte er zum Eigenschutz der Kameraden einen automatischen Defibrillator, der durch eine Spende der Sparkasse MOL finanziert wurde. Er ist der 14. Defibrillator der vom KFV und der Sparkasse den Feuerwehren in MOL \u00fcbergeben werden konnte.<\/p>\n\n\t\t<style type=\"text\/css\">\n\t\t\t#gallery-1 {\n\t\t\t\tmargin: auto;\n\t\t\t}\n\t\t\t#gallery-1 .gallery-item {\n\t\t\t\tfloat: left;\n\t\t\t\tmargin-top: 10px;\n\t\t\t\ttext-align: center;\n\t\t\t\twidth: 33%;\n\t\t\t}\n\t\t\t#gallery-1 img {\n\t\t\t\tborder: 2px solid #cfcfcf;\n\t\t\t}\n\t\t\t#gallery-1 .gallery-caption {\n\t\t\t\tmargin-left: 0;\n\t\t\t}\n\t\t\t\/* see gallery_shortcode() in wp-includes\/media.php *\/\n\t\t<\/style>\n\t\t<div id='gallery-1' class='gallery galleryid-1725 gallery-columns-3 gallery-size-thumbnail'><dl class='gallery-item'>\n\t\t\t<dt class='gallery-icon landscape'>\n\t\t\t\t<a href='https:\/\/kfv-mol.de\/Wordpress\/Artikel\/mehr-als-nur-amtsausscheid-der-ff-in-seelow-land\/13315431_793830457384374_6829126863192274827_n\/'><img decoding=\"async\" width=\"150\" height=\"150\" data-src=\"https:\/\/kfv-mol.de\/Wordpress\/wp-content\/uploads\/2016\/05\/13315431_793830457384374_6829126863192274827_n-150x150.jpg\" class=\"attachment-thumbnail size-thumbnail lazyload\" alt=\"\" data-srcset=\"https:\/\/kfv-mol.de\/Wordpress\/wp-content\/uploads\/2016\/05\/13315431_793830457384374_6829126863192274827_n-150x150.jpg 150w, https:\/\/kfv-mol.de\/Wordpress\/wp-content\/uploads\/2016\/05\/13315431_793830457384374_6829126863192274827_n-96x96.jpg 96w, https:\/\/kfv-mol.de\/Wordpress\/wp-content\/uploads\/2016\/05\/13315431_793830457384374_6829126863192274827_n-24x24.jpg 24w, https:\/\/kfv-mol.de\/Wordpress\/wp-content\/uploads\/2016\/05\/13315431_793830457384374_6829126863192274827_n-36x36.jpg 36w, https:\/\/kfv-mol.de\/Wordpress\/wp-content\/uploads\/2016\/05\/13315431_793830457384374_6829126863192274827_n-48x48.jpg 48w, https:\/\/kfv-mol.de\/Wordpress\/wp-content\/uploads\/2016\/05\/13315431_793830457384374_6829126863192274827_n-64x64.jpg 64w\" data-sizes=\"(max-width: 150px) 100vw, 150px\" src=\"data:image\/svg+xml;base64,PHN2ZyB3aWR0aD0iMSIgaGVpZ2h0PSIxIiB4bWxucz0iaHR0cDovL3d3dy53My5vcmcvMjAwMC9zdmciPjwvc3ZnPg==\" style=\"--smush-placeholder-width: 150px; --smush-placeholder-aspect-ratio: 150\/150;\" \/><\/a>\n\t\t\t<\/dt><\/dl><dl class='gallery-item'>\n\t\t\t<dt class='gallery-icon landscape'>\n\t\t\t\t<a href='https:\/\/kfv-mol.de\/Wordpress\/Artikel\/mehr-als-nur-amtsausscheid-der-ff-in-seelow-land\/bild0013\/'><img decoding=\"async\" width=\"150\" height=\"150\" data-src=\"https:\/\/kfv-mol.de\/Wordpress\/wp-content\/uploads\/2016\/05\/Bild0013-150x150.jpg\" class=\"attachment-thumbnail size-thumbnail lazyload\" alt=\"\" data-srcset=\"https:\/\/kfv-mol.de\/Wordpress\/wp-content\/uploads\/2016\/05\/Bild0013-150x150.jpg 150w, https:\/\/kfv-mol.de\/Wordpress\/wp-content\/uploads\/2016\/05\/Bild0013-96x96.jpg 96w, https:\/\/kfv-mol.de\/Wordpress\/wp-content\/uploads\/2016\/05\/Bild0013-24x24.jpg 24w, https:\/\/kfv-mol.de\/Wordpress\/wp-content\/uploads\/2016\/05\/Bild0013-36x36.jpg 36w, https:\/\/kfv-mol.de\/Wordpress\/wp-content\/uploads\/2016\/05\/Bild0013-48x48.jpg 48w, https:\/\/kfv-mol.de\/Wordpress\/wp-content\/uploads\/2016\/05\/Bild0013-64x64.jpg 64w\" data-sizes=\"(max-width: 150px) 100vw, 150px\" src=\"data:image\/svg+xml;base64,PHN2ZyB3aWR0aD0iMSIgaGVpZ2h0PSIxIiB4bWxucz0iaHR0cDovL3d3dy53My5vcmcvMjAwMC9zdmciPjwvc3ZnPg==\" style=\"--smush-placeholder-width: 150px; --smush-placeholder-aspect-ratio: 150\/150;\" \/><\/a>\n\t\t\t<\/dt><\/dl><dl class='gallery-item'>\n\t\t\t<dt class='gallery-icon landscape'>\n\t\t\t\t<a href='https:\/\/kfv-mol.de\/Wordpress\/Artikel\/mehr-als-nur-amtsausscheid-der-ff-in-seelow-land\/bild0011\/'><img decoding=\"async\" width=\"150\" height=\"150\" data-src=\"https:\/\/kfv-mol.de\/Wordpress\/wp-content\/uploads\/2016\/05\/Bild0011-150x150.jpg\" class=\"attachment-thumbnail size-thumbnail lazyload\" alt=\"\" data-srcset=\"https:\/\/kfv-mol.de\/Wordpress\/wp-content\/uploads\/2016\/05\/Bild0011-150x150.jpg 150w, https:\/\/kfv-mol.de\/Wordpress\/wp-content\/uploads\/2016\/05\/Bild0011-96x96.jpg 96w, https:\/\/kfv-mol.de\/Wordpress\/wp-content\/uploads\/2016\/05\/Bild0011-24x24.jpg 24w, https:\/\/kfv-mol.de\/Wordpress\/wp-content\/uploads\/2016\/05\/Bild0011-36x36.jpg 36w, https:\/\/kfv-mol.de\/Wordpress\/wp-content\/uploads\/2016\/05\/Bild0011-48x48.jpg 48w, https:\/\/kfv-mol.de\/Wordpress\/wp-content\/uploads\/2016\/05\/Bild0011-64x64.jpg 64w\" data-sizes=\"(max-width: 150px) 100vw, 150px\" src=\"data:image\/svg+xml;base64,PHN2ZyB3aWR0aD0iMSIgaGVpZ2h0PSIxIiB4bWxucz0iaHR0cDovL3d3dy53My5vcmcvMjAwMC9zdmciPjwvc3ZnPg==\" style=\"--smush-placeholder-width: 150px; --smush-placeholder-aspect-ratio: 150\/150;\" \/><\/a>\n\t\t\t<\/dt><\/dl><br style=\"clear: both\" \/><dl class='gallery-item'>\n\t\t\t<dt class='gallery-icon landscape'>\n\t\t\t\t<a href='https:\/\/kfv-mol.de\/Wordpress\/Artikel\/mehr-als-nur-amtsausscheid-der-ff-in-seelow-land\/13331076_793830524051034_3016000531891760356_n\/'><img decoding=\"async\" width=\"150\" height=\"150\" data-src=\"https:\/\/kfv-mol.de\/Wordpress\/wp-content\/uploads\/2016\/05\/13331076_793830524051034_3016000531891760356_n-150x150.jpg\" class=\"attachment-thumbnail size-thumbnail lazyload\" alt=\"\" data-srcset=\"https:\/\/kfv-mol.de\/Wordpress\/wp-content\/uploads\/2016\/05\/13331076_793830524051034_3016000531891760356_n-150x150.jpg 150w, https:\/\/kfv-mol.de\/Wordpress\/wp-content\/uploads\/2016\/05\/13331076_793830524051034_3016000531891760356_n-96x96.jpg 96w, https:\/\/kfv-mol.de\/Wordpress\/wp-content\/uploads\/2016\/05\/13331076_793830524051034_3016000531891760356_n-24x24.jpg 24w, https:\/\/kfv-mol.de\/Wordpress\/wp-content\/uploads\/2016\/05\/13331076_793830524051034_3016000531891760356_n-36x36.jpg 36w, https:\/\/kfv-mol.de\/Wordpress\/wp-content\/uploads\/2016\/05\/13331076_793830524051034_3016000531891760356_n-48x48.jpg 48w, https:\/\/kfv-mol.de\/Wordpress\/wp-content\/uploads\/2016\/05\/13331076_793830524051034_3016000531891760356_n-64x64.jpg 64w\" data-sizes=\"(max-width: 150px) 100vw, 150px\" src=\"data:image\/svg+xml;base64,PHN2ZyB3aWR0aD0iMSIgaGVpZ2h0PSIxIiB4bWxucz0iaHR0cDovL3d3dy53My5vcmcvMjAwMC9zdmciPjwvc3ZnPg==\" style=\"--smush-placeholder-width: 150px; --smush-placeholder-aspect-ratio: 150\/150;\" \/><\/a>\n\t\t\t<\/dt><\/dl><dl class='gallery-item'>\n\t\t\t<dt class='gallery-icon landscape'>\n\t\t\t\t<a href='https:\/\/kfv-mol.de\/Wordpress\/Artikel\/mehr-als-nur-amtsausscheid-der-ff-in-seelow-land\/13315507_793818617385558_6458519371534244264_n\/'><img decoding=\"async\" width=\"150\" height=\"150\" data-src=\"https:\/\/kfv-mol.de\/Wordpress\/wp-content\/uploads\/2016\/05\/13315507_793818617385558_6458519371534244264_n-150x150.jpg\" class=\"attachment-thumbnail size-thumbnail lazyload\" alt=\"\" data-srcset=\"https:\/\/kfv-mol.de\/Wordpress\/wp-content\/uploads\/2016\/05\/13315507_793818617385558_6458519371534244264_n-150x150.jpg 150w, https:\/\/kfv-mol.de\/Wordpress\/wp-content\/uploads\/2016\/05\/13315507_793818617385558_6458519371534244264_n-96x96.jpg 96w, https:\/\/kfv-mol.de\/Wordpress\/wp-content\/uploads\/2016\/05\/13315507_793818617385558_6458519371534244264_n-24x24.jpg 24w, https:\/\/kfv-mol.de\/Wordpress\/wp-content\/uploads\/2016\/05\/13315507_793818617385558_6458519371534244264_n-36x36.jpg 36w, https:\/\/kfv-mol.de\/Wordpress\/wp-content\/uploads\/2016\/05\/13315507_793818617385558_6458519371534244264_n-48x48.jpg 48w, https:\/\/kfv-mol.de\/Wordpress\/wp-content\/uploads\/2016\/05\/13315507_793818617385558_6458519371534244264_n-64x64.jpg 64w\" data-sizes=\"(max-width: 150px) 100vw, 150px\" src=\"data:image\/svg+xml;base64,PHN2ZyB3aWR0aD0iMSIgaGVpZ2h0PSIxIiB4bWxucz0iaHR0cDovL3d3dy53My5vcmcvMjAwMC9zdmciPjwvc3ZnPg==\" style=\"--smush-placeholder-width: 150px; --smush-placeholder-aspect-ratio: 150\/150;\" \/><\/a>\n\t\t\t<\/dt><\/dl>\n\t\t\t<br style='clear: both' \/>\n\t\t<\/div>\n\n<p>&nbsp;<\/p>\n<p>&nbsp;<\/p>\n","protected":false},"excerpt":{"rendered":"<p>Am Sonnabend, den 28.05.2016 fand in Libbenichen der diesj\u00e4hrige Amtsausscheid der FF von Seelow -Land statt. Im Beisein der Amtsdirektorin Frau Roswitha Thiede zeigten alle Feuerwehren und Jugendfeuerwehren sowie eine polnische Gastmannschaft ihr K\u00f6nnen. Unangefochtener Sieger war dabei der Gastgeber, die FF Libenichen. Aber es gab weitere H\u00f6hepunkte: Zur Er\u00f6ffnung der Veranstaltung zeichnete der Kreisjugendfeuerwehrwart, [&hellip;]<\/p>\n","protected":false},"author":3,"featured_media":1726,"comment_status":"closed","ping_status":"closed","sticky":false,"template":"","format":"standard","meta":{"footnotes":""},"categories":[1],"tags":[],"class_list":["post-1725","post","type-post","status-publish","format-standard","has-post-thumbnail","hentry","category-sonstige"],"_links":{"self":[{"href":"https:\/\/kfv-mol.de\/Wordpress\/wp-json\/wp\/v2\/posts\/1725","targetHints":{"allow":["GET"]}}],"collection":[{"href":"https:\/\/kfv-mol.de\/Wordpress\/wp-json\/wp\/v2\/posts"}],"about":[{"href":"https:\/\/kfv-mol.de\/Wordpress\/wp-json\/wp\/v2\/types\/post"}],"author":[{"embeddable":true,"href":"https:\/\/kfv-mol.de\/Wordpress\/wp-json\/wp\/v2\/users\/3"}],"replies":[{"embeddable":true,"href":"https:\/\/kfv-mol.de\/Wordpress\/wp-json\/wp\/v2\/comments?post=1725"}],"version-history":[{"count":0,"href":"https:\/\/kfv-mol.de\/Wordpress\/wp-json\/wp\/v2\/posts\/1725\/revisions"}],"wp:featuredmedia":[{"embeddable":true,"href":"https:\/\/kfv-mol.de\/Wordpress\/wp-json\/wp\/v2\/media\/1726"}],"wp:attachment":[{"href":"https:\/\/kfv-mol.de\/Wordpress\/wp-json\/wp\/v2\/media?parent=1725"}],"wp:term":[{"taxonomy":"category","embeddable":true,"href":"https:\/\/kfv-mol.de\/Wordpress\/wp-json\/wp\/v2\/categories?post=1725"},{"taxonomy":"post_tag","embeddable":true,"href":"https:\/\/kfv-mol.de\/Wordpress\/wp-json\/wp\/v2\/tags?post=1725"}],"curies":[{"name":"wp","href":"https:\/\/api.w.org\/{rel}","templated":true}]}}