{"id":1711,"date":"2016-04-25T11:45:18","date_gmt":"2016-04-25T10:45:18","guid":{"rendered":"http:\/\/www.kfv-mol.de\/Wordpress\/?p=1711"},"modified":"2016-04-25T11:45:18","modified_gmt":"2016-04-25T10:45:18","slug":"alexander-krenz-feuerwehrsportler-des-jahres-2015","status":"publish","type":"post","link":"https:\/\/kfv-mol.de\/Wordpress\/Artikel\/alexander-krenz-feuerwehrsportler-des-jahres-2015\/","title":{"rendered":"Alexander Krenz &#8211; Feuerwehrsportler des Jahres 2015"},"content":{"rendered":"<p>Alexander Krenz, Ortswehrf\u00fchrer der Freiwilligen Feuerwehr Bollersdorf ( M\u00e4rkische Schweiz ) und Mitglied der Feuerwehrauswahlmannschaft des Kreisfeuerwehrverbandes M\u00e4rkisch-Oderland ist zum Feuerwehrsportler des Jahres 2015 gew\u00e4hlt worden. Gleichzeitig geh\u00f6rt er, wie auch Maik Berger aus der Freiwilligen Feuerwehr Genschmar, der deutschen Nationalmannschaft an, die den Titel in der Mannschaftswertung errang.<\/p>\n<p>Die Feuerwehrsportler des Jahres werden in einer Internetabstimmung aus den an internationalen Feuerwehrsportdisziplinen teilnehmenden und daf\u00fcr nominierten Feuerwehrsportlern Deutschlands gew\u00e4hlt.<\/p>\n<p>Der 40-j\u00e4hrige Alexander Krenz hat als einiger deutscher Feuerwehrsportler an allen bisherigen Welt- und Europameisterschaften als Mitglied der deutschen Nationalmannschaft teilgenommen.<\/p>\n<p>Seine gr\u00f6\u00dften Erfolge waren 2005 in Ostrava Vizeeuropameister und 2015 in St. Petersburg Vizeweltmeister in der Mannschaftsdisziplin L\u00f6schangriff.<\/p>\n<p>Bei der Feuerwehrolympiade 2013 errang er mit der Th\u00fcringen-Auswahl die Bronzemedaille im L\u00f6schangriff.<\/p>\n<p>Bei den deutschen Meisterschaften wurde er mit der MOL- Auswahl 2 mal Zweiter und 2 x Dritter in dieser Disziplin.<\/p>\n<p>Er nahm bisher an 10 Landesmeisterschaften teil und errang sowohl in Mannschafts- als auch in Einzeldisziplinen viele vordere Pl\u00e4tze. 2007 wurde er Landesmeister im Zweikampf ( Hakenleitersteigen und 100m-Hindernisbahn) und 2013 Landesmeister mit der FF Genschmar im L\u00f6schangriff.<\/p>\n<p>15 mal war er Kreismeister im Hakenleitersteigen, 14 mal auf der 100m &#8211; Hindernisbahn und 14 mal siegte er Zweikampf.<\/p>\n<p>Neben drei weiteren M\u00e4rkisch-Oderl\u00e4ndern; Cindy Ahnert ( FF Buckow ), Maik Berger ( FF Genschmar) und Erik Oldinski ( FF Alt Zeschdorf ) ist Alexander Krenz auch 2016 in die Nationalmannschaft zur Feuerwehrsport-Weltmeisterschaft in Izmir (T\u00fcrkei) delegiert worden.<\/p>\n<p>Kamerad Alexander Krenz ist damit der dienst\u00e4lteste und erfolgreichste Feuerwehrsportler des Kreises M\u00e4rkisch-Oderland und ein gro\u00dfes Vorbild f\u00fcr den bereits auch sehr erfolgreichen Nachwuchs.<\/p>\n","protected":false},"excerpt":{"rendered":"<p>Alexander Krenz, Ortswehrf\u00fchrer der Freiwilligen Feuerwehr Bollersdorf ( M\u00e4rkische Schweiz ) und Mitglied der Feuerwehrauswahlmannschaft des Kreisfeuerwehrverbandes M\u00e4rkisch-Oderland ist zum Feuerwehrsportler des Jahres 2015 gew\u00e4hlt worden. Gleichzeitig geh\u00f6rt er, wie auch Maik Berger aus der Freiwilligen Feuerwehr Genschmar, der deutschen Nationalmannschaft an, die den Titel in der Mannschaftswertung errang. Die Feuerwehrsportler des Jahres werden in [&hellip;]<\/p>\n","protected":false},"author":3,"featured_media":1712,"comment_status":"closed","ping_status":"closed","sticky":false,"template":"","format":"standard","meta":{"footnotes":""},"categories":[1],"tags":[],"class_list":["post-1711","post","type-post","status-publish","format-standard","has-post-thumbnail","hentry","category-sonstige"],"_links":{"self":[{"href":"https:\/\/kfv-mol.de\/Wordpress\/wp-json\/wp\/v2\/posts\/1711","targetHints":{"allow":["GET"]}}],"collection":[{"href":"https:\/\/kfv-mol.de\/Wordpress\/wp-json\/wp\/v2\/posts"}],"about":[{"href":"https:\/\/kfv-mol.de\/Wordpress\/wp-json\/wp\/v2\/types\/post"}],"author":[{"embeddable":true,"href":"https:\/\/kfv-mol.de\/Wordpress\/wp-json\/wp\/v2\/users\/3"}],"replies":[{"embeddable":true,"href":"https:\/\/kfv-mol.de\/Wordpress\/wp-json\/wp\/v2\/comments?post=1711"}],"version-history":[{"count":0,"href":"https:\/\/kfv-mol.de\/Wordpress\/wp-json\/wp\/v2\/posts\/1711\/revisions"}],"wp:featuredmedia":[{"embeddable":true,"href":"https:\/\/kfv-mol.de\/Wordpress\/wp-json\/wp\/v2\/media\/1712"}],"wp:attachment":[{"href":"https:\/\/kfv-mol.de\/Wordpress\/wp-json\/wp\/v2\/media?parent=1711"}],"wp:term":[{"taxonomy":"category","embeddable":true,"href":"https:\/\/kfv-mol.de\/Wordpress\/wp-json\/wp\/v2\/categories?post=1711"},{"taxonomy":"post_tag","embeddable":true,"href":"https:\/\/kfv-mol.de\/Wordpress\/wp-json\/wp\/v2\/tags?post=1711"}],"curies":[{"name":"wp","href":"https:\/\/api.w.org\/{rel}","templated":true}]}}