{"id":1691,"date":"2016-04-18T11:31:53","date_gmt":"2016-04-18T10:31:53","guid":{"rendered":"http:\/\/www.kfv-mol.de\/Wordpress\/?p=1691"},"modified":"2016-04-18T11:31:53","modified_gmt":"2016-04-18T10:31:53","slug":"hauptausschuss-des-kfv-mol-tagte-am-16-april-in-neuenhagen","status":"publish","type":"post","link":"https:\/\/kfv-mol.de\/Wordpress\/Artikel\/hauptausschuss-des-kfv-mol-tagte-am-16-april-in-neuenhagen\/","title":{"rendered":"Hauptausschuss des KFV MOL tagte am 16. April in Neuenhagen"},"content":{"rendered":"<h1 class=\"h1teaser\">Feuerwehr mahnt kluge Personalpolitik an<\/h1>\n<div class=\"subHeader\">\n<p id=\"318_0\" class=\"Text\">Neuenhagen (MOZ &#8211; Uwe Spranger)<\/p>\n<p class=\"Text\">Die 122 Freiwilligen Feuerwehren in M\u00e4rkisch-Oderland haben im Jahr 2015 mehr als 2300 Eins\u00e4tze geleistet. Den L\u00f6wenanteil nahmen mit gut 1500 F\u00e4llen technische Hilfeleistungen ein, gut 500 waren Br\u00e4nde, berichtete der Vorsitzende des Kreisfeuerwehrverbandes Hans-Dieter Kandzia beim Hauptausschuss des Verbandes.<\/p>\n<\/div>\n<div class=\"textDefaultOuter\">\n<p id=\"428_1\" class=\"Text\">Die Kameraden h\u00e4tten wieder Hervorragendes geleistet, um B\u00fcrger, ihr Eigentum sowie die Umwelt vor Sch\u00e4den zu sch\u00fctzen, Menschen und Tiere aus Notlagen zu befreien und Gefahren aller Art abzuwenden, lobte der Vorsitzende in seinem Bericht \u00fcber das Jahr 2015. Voraussetzungen daf\u00fcr seien eine solide Ausbildung an den eigenen Standorten und an der Landes- und Kreisfeuerwehrschule sowie die n\u00f6tige Technik und Ausr\u00fcstung.<\/p>\n<p id=\"520_2\" class=\"Text\">13 Einsatzfahrzeuge seien im Vorjahr angeschafft worden, teilweise allerdings nur gebrauchte. Bessere Bedingungen b\u00f6ten zwei neu gebaute und f\u00fcnf modernisierte und erweiterte Ger\u00e4teh\u00e4user. F\u00f6rdermittel aus dem St\u00fctzpunktprogramm des Landes seien nicht geflossen, drei Anschaffungen auf 2016\/17 verschoben worden. Insbesondere im Ostteil des Landkreises gebe es immer noch einen erheblichen Investitionsstau, monierte er. Und nach seiner Kenntnis habe Wriezen noch immer keine gesetzlich geforderte Gefahrenanalyse.<\/p>\n<p id=\"327_3\" class=\"Text\">Kandzia machte deutlich, dass der Verband Bestrebungen energisch entgegentrete, kleine Feuerwehren aus Kostengr\u00fcnden aufzul\u00f6sen. Sie zu Personalzubringern zu machen, habe langfristig keinen Bestand. Mit W\u00f6lsickendorf habe 2015 dennoch ein Standort aufgegeben werden m\u00fcssen. Dort standen nur noch vier Aktive zur Verf\u00fcgung.<\/p>\n<p id=\"655_4\" class=\"Text\">Kreisweit gebe es nunmehr 122 Ortsfeuerwehren mit 2809 aktiven Kameraden, 16 Prozent davon sind Frauen. 932 Mitglieder z\u00e4hlten die Alters- und Ehrenabteilungen, 1063 M\u00e4dchen und Jungen sind in den 74 Jugendwehren registriert. Hier liege der M\u00e4dchenanteil bei fast einem Drittel. Ein Plus von 53 Kindern und Jugendlichen lasse f\u00fcr die Zukunft hoffen. Denn die Zahl der Einsatzkr\u00e4fte war 2015 r\u00fcckl\u00e4ufig. Um 32. Haupts\u00e4chlich betroffen waren nach Kandzias \u00dcbersicht die \u00c4mter Neuhardenberg (-9) und Golzow (-8) sowie die Stadt Strausberg (-7). Zuw\u00e4chse gab es hingegen in R\u00fcdersdorf (+14), Fredersdorf-Vogelsdorf (+10) sowie drei weiteren Orten.<\/p>\n<p id=\"493_5\" class=\"Text\">Blo\u00dfe Zahl an Kr\u00e4ften sei indes noch kein Garant f\u00fcr Einsatzbereitschaft &#8211; gerade an Werktagen in der Arbeitszeit. &#8222;Kluge Personalpolitik&#8220; in Kommunen wie beispielsweise in Bad Freienwalde mit acht Feuerwehrleuten in Verwaltung, Bauhof bzw. Kita\/Schule k\u00f6nne hier helfen, formulierte Kandzia. Das Randberliner Neuenhagen komme momentan auf sieben, erg\u00e4nzte der gastgebende B\u00fcrgermeister J\u00fcrgen Henze, der anmerkte, daf\u00fcr anfangs &#8222;Dresche&#8220; bekommen zu haben. Inzwischen sei dies anders.<\/p>\n<p id=\"595_6\" class=\"Text\">Mittlerweile gibt es auch eine Reihe von Unternehmen, die Einsatzkr\u00e4fte im Alarmfall freistellen und daf\u00fcr als &#8222;Partner der Feuerwehr&#8220; ausgezeichnet wurden. 2015 gab es f\u00fcnf dieser Ehrungen, so f\u00fcr Priebe und Werk Lkw-Service in Herzfelde, Hoch- und Tiefbau Neureetz, den Landwirtschaftsbetrieb LEG Hermersdorf, Auto-Rosch in Wriezen und Taxi-K\u00fchn in M\u00fcncheberg, z\u00e4hlte Kandzia auf. Mit dem Landhof Jahnsfelde hat ein weiterer Betrieb in M\u00fcncheberg 2016 schon die Auszeichnung erhalten, f\u00fcr zwei Firmen in Altlandsberg stehe sie bevor, und einen weiteren Antrag gebe es aus Seelow-Land.<\/p>\n<p id=\"383_7\" class=\"Text\">Dar\u00fcber hinaus erinnerte der Verbandschef an Jubil\u00e4en, Veranstaltungen und Wettk\u00e4mpfe im vorigen Jahr, unter anderem die Feuerwehrsport-WM in St. Petersburg, von der die M\u00e4rkisch-Oderl\u00e4nder mit Silber zur\u00fcckkamen. Und er w\u00fcnschte dem Team MOL bei den M\u00e4nnern und f\u00fcnf Frauen, die im Juli bei den Deutschen Meisterschaften in Rostock im Team Brandenburg starten, viel Erfolg.<\/p>\n<p id=\"1037_8\" class=\"Text\">Nicht zuletzt berichtete er \u00fcber die Aktivit\u00e4ten der Alters- und Ehrenabteilungen sowie \u00fcber Ehrungen, dankte Sponsoren wie der Sparkasse sowie Kreis und Kommunen f\u00fcr gute Zusammenarbeit. Die Personalsituation in einigen Bereichen werde indes mit Sorge betrachtet. Er hatte dabei auch die Regionalleitstelle im Blick. Deren Arbeitsf\u00e4higkeit habe nicht gelitten, reagierte Vizelandrat Rainer Schinkel mit Hinweis auf Gespr\u00e4che mit Vertretern aus Frankfurt und Oder-Spree vor wenigen Tagen. Er konstatierte, dass der Brandschutz durch die ehrenamtlichen Wehren fl\u00e4chendeckend sichergestellt sei und so das Ma\u00df an Sicherheit f\u00fcr die B\u00fcrger da sei, das den Kreis lebenswert mache. J\u00fcrgen Henze regte an, das Ehrenamt weiter zu st\u00e4rken, zum einen durch gute Rahmenbedingungen, zum anderen beispielsweise durch zus\u00e4tzliche Rentenpunkte. Hier sei die Politik gefordert. Er zeigte sich \u00fcberzeugt, dass sich auch der l\u00e4ndliche Bereich wieder entwickeln werde: &#8222;Was sind heute schon 50 Kilometer &#8211; gute Infrastruktur vorausgesetzt.&#8220;<\/p>\n<p id=\"570_9\" class=\"Text\">In Anerkennung f\u00fcr langj\u00e4hrige verdienstvolle T\u00e4tigkeit in der Feuerwehr wurde ein Ehrenmitglied des Kreisfeuerwehrverbandes ernannt. Die Ehrung werde bei einem &#8222;w\u00fcrdigen Anlass&#8220; erfolgen, hie\u00df es. Lars David (Strausberg) und Ralf Hanne (Grunow) erhielten f\u00fcr ihre Arbeit in der Revisionskommission die Ehrennadel des Verbandes in Silber, Kandzia von Kreisjugendwart Janko Petryk die gleiche Ehrung f\u00fcr die Unterst\u00fctzung des Nachwuchses. Und mit Wojciech Legieza hat der Verband nun einen Dolmetscher f\u00fcr bessere Kontakte mit Partnern aus dem Nachbarland Polen.<\/p>\n\n\t\t<style type=\"text\/css\">\n\t\t\t#gallery-1 {\n\t\t\t\tmargin: auto;\n\t\t\t}\n\t\t\t#gallery-1 .gallery-item {\n\t\t\t\tfloat: left;\n\t\t\t\tmargin-top: 10px;\n\t\t\t\ttext-align: center;\n\t\t\t\twidth: 33%;\n\t\t\t}\n\t\t\t#gallery-1 img {\n\t\t\t\tborder: 2px solid #cfcfcf;\n\t\t\t}\n\t\t\t#gallery-1 .gallery-caption {\n\t\t\t\tmargin-left: 0;\n\t\t\t}\n\t\t\t\/* see gallery_shortcode() in wp-includes\/media.php *\/\n\t\t<\/style>\n\t\t<div id='gallery-1' class='gallery galleryid-1691 gallery-columns-3 gallery-size-large'><dl class='gallery-item'>\n\t\t\t<dt class='gallery-icon landscape'>\n\t\t\t\t<a href='https:\/\/kfv-mol.de\/Wordpress\/Artikel\/hauptausschuss-des-kfv-mol-tagte-am-16-april-in-neuenhagen\/20160416_110142_001\/'><img decoding=\"async\" width=\"1024\" height=\"576\" data-src=\"https:\/\/kfv-mol.de\/Wordpress\/wp-content\/uploads\/2016\/04\/20160416_110142_001-1024x576.jpg\" class=\"attachment-large size-large lazyload\" alt=\"\" data-srcset=\"https:\/\/kfv-mol.de\/Wordpress\/wp-content\/uploads\/2016\/04\/20160416_110142_001-1024x576.jpg 1024w, https:\/\/kfv-mol.de\/Wordpress\/wp-content\/uploads\/2016\/04\/20160416_110142_001-300x169.jpg 300w, https:\/\/kfv-mol.de\/Wordpress\/wp-content\/uploads\/2016\/04\/20160416_110142_001-768x432.jpg 768w\" data-sizes=\"(max-width: 1024px) 100vw, 1024px\" src=\"data:image\/svg+xml;base64,PHN2ZyB3aWR0aD0iMSIgaGVpZ2h0PSIxIiB4bWxucz0iaHR0cDovL3d3dy53My5vcmcvMjAwMC9zdmciPjwvc3ZnPg==\" style=\"--smush-placeholder-width: 1024px; --smush-placeholder-aspect-ratio: 1024\/576;\" \/><\/a>\n\t\t\t<\/dt><\/dl><dl class='gallery-item'>\n\t\t\t<dt class='gallery-icon landscape'>\n\t\t\t\t<a href='https:\/\/kfv-mol.de\/Wordpress\/Artikel\/hauptausschuss-des-kfv-mol-tagte-am-16-april-in-neuenhagen\/20160416_111621\/'><img decoding=\"async\" width=\"1024\" height=\"576\" data-src=\"https:\/\/kfv-mol.de\/Wordpress\/wp-content\/uploads\/2016\/04\/20160416_111621-1024x576.jpg\" class=\"attachment-large size-large lazyload\" alt=\"\" data-srcset=\"https:\/\/kfv-mol.de\/Wordpress\/wp-content\/uploads\/2016\/04\/20160416_111621-1024x576.jpg 1024w, https:\/\/kfv-mol.de\/Wordpress\/wp-content\/uploads\/2016\/04\/20160416_111621-300x169.jpg 300w, https:\/\/kfv-mol.de\/Wordpress\/wp-content\/uploads\/2016\/04\/20160416_111621-768x432.jpg 768w\" data-sizes=\"(max-width: 1024px) 100vw, 1024px\" src=\"data:image\/svg+xml;base64,PHN2ZyB3aWR0aD0iMSIgaGVpZ2h0PSIxIiB4bWxucz0iaHR0cDovL3d3dy53My5vcmcvMjAwMC9zdmciPjwvc3ZnPg==\" style=\"--smush-placeholder-width: 1024px; --smush-placeholder-aspect-ratio: 1024\/576;\" \/><\/a>\n\t\t\t<\/dt><\/dl><dl class='gallery-item'>\n\t\t\t<dt class='gallery-icon landscape'>\n\t\t\t\t<a href='https:\/\/kfv-mol.de\/Wordpress\/Artikel\/hauptausschuss-des-kfv-mol-tagte-am-16-april-in-neuenhagen\/20160416_114021\/'><img decoding=\"async\" width=\"1024\" height=\"576\" data-src=\"https:\/\/kfv-mol.de\/Wordpress\/wp-content\/uploads\/2016\/04\/20160416_114021-1024x576.jpg\" class=\"attachment-large size-large lazyload\" alt=\"\" data-srcset=\"https:\/\/kfv-mol.de\/Wordpress\/wp-content\/uploads\/2016\/04\/20160416_114021-1024x576.jpg 1024w, https:\/\/kfv-mol.de\/Wordpress\/wp-content\/uploads\/2016\/04\/20160416_114021-300x169.jpg 300w, https:\/\/kfv-mol.de\/Wordpress\/wp-content\/uploads\/2016\/04\/20160416_114021-768x432.jpg 768w\" data-sizes=\"(max-width: 1024px) 100vw, 1024px\" src=\"data:image\/svg+xml;base64,PHN2ZyB3aWR0aD0iMSIgaGVpZ2h0PSIxIiB4bWxucz0iaHR0cDovL3d3dy53My5vcmcvMjAwMC9zdmciPjwvc3ZnPg==\" style=\"--smush-placeholder-width: 1024px; --smush-placeholder-aspect-ratio: 1024\/576;\" \/><\/a>\n\t\t\t<\/dt><\/dl><br style=\"clear: both\" \/><dl class='gallery-item'>\n\t\t\t<dt class='gallery-icon landscape'>\n\t\t\t\t<a href='https:\/\/kfv-mol.de\/Wordpress\/Artikel\/hauptausschuss-des-kfv-mol-tagte-am-16-april-in-neuenhagen\/20160416_114024\/'><img decoding=\"async\" width=\"1024\" height=\"576\" data-src=\"https:\/\/kfv-mol.de\/Wordpress\/wp-content\/uploads\/2016\/04\/20160416_114024-1024x576.jpg\" class=\"attachment-large size-large lazyload\" alt=\"\" data-srcset=\"https:\/\/kfv-mol.de\/Wordpress\/wp-content\/uploads\/2016\/04\/20160416_114024-1024x576.jpg 1024w, https:\/\/kfv-mol.de\/Wordpress\/wp-content\/uploads\/2016\/04\/20160416_114024-300x169.jpg 300w, https:\/\/kfv-mol.de\/Wordpress\/wp-content\/uploads\/2016\/04\/20160416_114024-768x432.jpg 768w\" data-sizes=\"(max-width: 1024px) 100vw, 1024px\" src=\"data:image\/svg+xml;base64,PHN2ZyB3aWR0aD0iMSIgaGVpZ2h0PSIxIiB4bWxucz0iaHR0cDovL3d3dy53My5vcmcvMjAwMC9zdmciPjwvc3ZnPg==\" style=\"--smush-placeholder-width: 1024px; --smush-placeholder-aspect-ratio: 1024\/576;\" \/><\/a>\n\t\t\t<\/dt><\/dl><dl class='gallery-item'>\n\t\t\t<dt class='gallery-icon landscape'>\n\t\t\t\t<a href='https:\/\/kfv-mol.de\/Wordpress\/Artikel\/hauptausschuss-des-kfv-mol-tagte-am-16-april-in-neuenhagen\/20160416_114106\/'><img decoding=\"async\" width=\"1024\" height=\"576\" data-src=\"https:\/\/kfv-mol.de\/Wordpress\/wp-content\/uploads\/2016\/04\/20160416_114106-1024x576.jpg\" class=\"attachment-large size-large lazyload\" alt=\"\" data-srcset=\"https:\/\/kfv-mol.de\/Wordpress\/wp-content\/uploads\/2016\/04\/20160416_114106-1024x576.jpg 1024w, https:\/\/kfv-mol.de\/Wordpress\/wp-content\/uploads\/2016\/04\/20160416_114106-300x169.jpg 300w, https:\/\/kfv-mol.de\/Wordpress\/wp-content\/uploads\/2016\/04\/20160416_114106-768x432.jpg 768w\" data-sizes=\"(max-width: 1024px) 100vw, 1024px\" src=\"data:image\/svg+xml;base64,PHN2ZyB3aWR0aD0iMSIgaGVpZ2h0PSIxIiB4bWxucz0iaHR0cDovL3d3dy53My5vcmcvMjAwMC9zdmciPjwvc3ZnPg==\" style=\"--smush-placeholder-width: 1024px; --smush-placeholder-aspect-ratio: 1024\/576;\" \/><\/a>\n\t\t\t<\/dt><\/dl><dl class='gallery-item'>\n\t\t\t<dt class='gallery-icon portrait'>\n\t\t\t\t<a href='https:\/\/kfv-mol.de\/Wordpress\/Artikel\/hauptausschuss-des-kfv-mol-tagte-am-16-april-in-neuenhagen\/20160416_114439_001\/'><img decoding=\"async\" width=\"576\" height=\"1024\" data-src=\"https:\/\/kfv-mol.de\/Wordpress\/wp-content\/uploads\/2016\/04\/20160416_114439_001-576x1024.jpg\" class=\"attachment-large size-large lazyload\" alt=\"\" data-srcset=\"https:\/\/kfv-mol.de\/Wordpress\/wp-content\/uploads\/2016\/04\/20160416_114439_001-576x1024.jpg 576w, https:\/\/kfv-mol.de\/Wordpress\/wp-content\/uploads\/2016\/04\/20160416_114439_001-169x300.jpg 169w, https:\/\/kfv-mol.de\/Wordpress\/wp-content\/uploads\/2016\/04\/20160416_114439_001-768x1365.jpg 768w\" data-sizes=\"(max-width: 576px) 100vw, 576px\" src=\"data:image\/svg+xml;base64,PHN2ZyB3aWR0aD0iMSIgaGVpZ2h0PSIxIiB4bWxucz0iaHR0cDovL3d3dy53My5vcmcvMjAwMC9zdmciPjwvc3ZnPg==\" style=\"--smush-placeholder-width: 576px; --smush-placeholder-aspect-ratio: 576\/1024;\" \/><\/a>\n\t\t\t<\/dt><\/dl><br style=\"clear: both\" \/><dl class='gallery-item'>\n\t\t\t<dt class='gallery-icon landscape'>\n\t\t\t\t<a href='https:\/\/kfv-mol.de\/Wordpress\/Artikel\/hauptausschuss-des-kfv-mol-tagte-am-16-april-in-neuenhagen\/20160416_114556_001\/'><img decoding=\"async\" width=\"1024\" height=\"576\" data-src=\"https:\/\/kfv-mol.de\/Wordpress\/wp-content\/uploads\/2016\/04\/20160416_114556_001-1024x576.jpg\" class=\"attachment-large size-large lazyload\" alt=\"\" data-srcset=\"https:\/\/kfv-mol.de\/Wordpress\/wp-content\/uploads\/2016\/04\/20160416_114556_001-1024x576.jpg 1024w, https:\/\/kfv-mol.de\/Wordpress\/wp-content\/uploads\/2016\/04\/20160416_114556_001-300x169.jpg 300w, https:\/\/kfv-mol.de\/Wordpress\/wp-content\/uploads\/2016\/04\/20160416_114556_001-768x432.jpg 768w\" data-sizes=\"(max-width: 1024px) 100vw, 1024px\" src=\"data:image\/svg+xml;base64,PHN2ZyB3aWR0aD0iMSIgaGVpZ2h0PSIxIiB4bWxucz0iaHR0cDovL3d3dy53My5vcmcvMjAwMC9zdmciPjwvc3ZnPg==\" style=\"--smush-placeholder-width: 1024px; --smush-placeholder-aspect-ratio: 1024\/576;\" \/><\/a>\n\t\t\t<\/dt><\/dl><dl class='gallery-item'>\n\t\t\t<dt class='gallery-icon landscape'>\n\t\t\t\t<a href='https:\/\/kfv-mol.de\/Wordpress\/Artikel\/hauptausschuss-des-kfv-mol-tagte-am-16-april-in-neuenhagen\/herr-henze-bm-neuenhagen\/'><img decoding=\"async\" width=\"1024\" height=\"768\" data-src=\"https:\/\/kfv-mol.de\/Wordpress\/wp-content\/uploads\/2016\/04\/Herr-Henze-BM-Neuenhagen-1024x768.jpg\" class=\"attachment-large size-large lazyload\" alt=\"\" data-srcset=\"https:\/\/kfv-mol.de\/Wordpress\/wp-content\/uploads\/2016\/04\/Herr-Henze-BM-Neuenhagen-1024x768.jpg 1024w, https:\/\/kfv-mol.de\/Wordpress\/wp-content\/uploads\/2016\/04\/Herr-Henze-BM-Neuenhagen-300x225.jpg 300w, https:\/\/kfv-mol.de\/Wordpress\/wp-content\/uploads\/2016\/04\/Herr-Henze-BM-Neuenhagen-768x576.jpg 768w\" data-sizes=\"(max-width: 1024px) 100vw, 1024px\" src=\"data:image\/svg+xml;base64,PHN2ZyB3aWR0aD0iMSIgaGVpZ2h0PSIxIiB4bWxucz0iaHR0cDovL3d3dy53My5vcmcvMjAwMC9zdmciPjwvc3ZnPg==\" style=\"--smush-placeholder-width: 1024px; --smush-placeholder-aspect-ratio: 1024\/768;\" \/><\/a>\n\t\t\t<\/dt><\/dl>\n\t\t\t<br style='clear: both' \/>\n\t\t<\/div>\n\n<\/div>\n","protected":false},"excerpt":{"rendered":"<p>Feuerwehr mahnt kluge Personalpolitik an Neuenhagen (MOZ &#8211; Uwe Spranger) Die 122 Freiwilligen Feuerwehren in M\u00e4rkisch-Oderland haben im Jahr 2015 mehr als 2300 Eins\u00e4tze geleistet. Den L\u00f6wenanteil nahmen mit gut 1500 F\u00e4llen technische Hilfeleistungen ein, gut 500 waren Br\u00e4nde, berichtete der Vorsitzende des Kreisfeuerwehrverbandes Hans-Dieter Kandzia beim Hauptausschuss des Verbandes. Die Kameraden h\u00e4tten wieder Hervorragendes [&hellip;]<\/p>\n","protected":false},"author":3,"featured_media":1708,"comment_status":"closed","ping_status":"closed","sticky":false,"template":"","format":"standard","meta":{"footnotes":""},"categories":[1],"tags":[],"class_list":["post-1691","post","type-post","status-publish","format-standard","has-post-thumbnail","hentry","category-sonstige"],"_links":{"self":[{"href":"https:\/\/kfv-mol.de\/Wordpress\/wp-json\/wp\/v2\/posts\/1691","targetHints":{"allow":["GET"]}}],"collection":[{"href":"https:\/\/kfv-mol.de\/Wordpress\/wp-json\/wp\/v2\/posts"}],"about":[{"href":"https:\/\/kfv-mol.de\/Wordpress\/wp-json\/wp\/v2\/types\/post"}],"author":[{"embeddable":true,"href":"https:\/\/kfv-mol.de\/Wordpress\/wp-json\/wp\/v2\/users\/3"}],"replies":[{"embeddable":true,"href":"https:\/\/kfv-mol.de\/Wordpress\/wp-json\/wp\/v2\/comments?post=1691"}],"version-history":[{"count":0,"href":"https:\/\/kfv-mol.de\/Wordpress\/wp-json\/wp\/v2\/posts\/1691\/revisions"}],"wp:featuredmedia":[{"embeddable":true,"href":"https:\/\/kfv-mol.de\/Wordpress\/wp-json\/wp\/v2\/media\/1708"}],"wp:attachment":[{"href":"https:\/\/kfv-mol.de\/Wordpress\/wp-json\/wp\/v2\/media?parent=1691"}],"wp:term":[{"taxonomy":"category","embeddable":true,"href":"https:\/\/kfv-mol.de\/Wordpress\/wp-json\/wp\/v2\/categories?post=1691"},{"taxonomy":"post_tag","embeddable":true,"href":"https:\/\/kfv-mol.de\/Wordpress\/wp-json\/wp\/v2\/tags?post=1691"}],"curies":[{"name":"wp","href":"https:\/\/api.w.org\/{rel}","templated":true}]}}