{"id":1646,"date":"2015-12-20T12:25:48","date_gmt":"2015-12-20T11:25:48","guid":{"rendered":"http:\/\/www.kfv-mol.de\/Wordpress\/?p=1646"},"modified":"2015-12-20T12:25:48","modified_gmt":"2015-12-20T11:25:48","slug":"kinderweihnachtsfeier-in-der-fluechtlingsunterkunft-in-bliesdorf","status":"publish","type":"post","link":"https:\/\/kfv-mol.de\/Wordpress\/Artikel\/kinderweihnachtsfeier-in-der-fluechtlingsunterkunft-in-bliesdorf\/","title":{"rendered":"Kinderweihnachtsfeier in der Fl\u00fcchtlingsunterkunft in Bliesdorf"},"content":{"rendered":"<p>Am 14.12.2015 organisierten die Kameraden der Alters- und Ehrenabteilung des \u201eAltkreises Bad Freienwalde\u201c f\u00fcr 70 Fl\u00fcchtlingskinder in Bliesdorf eine Weihnachtsfeier. Unter dem Motto \u201eWeihnachten in Deutschland\u201c bereiteten 9 Kameraden\/Kameradinnen und 5 Ehefrauen den Fl\u00fcchtlingskindern und ihren Eltern ein paar sch\u00f6ne Stunden. 15 Bleche leckerer selbstgebackener Kuchen und Pl\u00e4tzchen der Feuerwehrkameraden fanden gro\u00dfen Anklang.<\/p>\n<p>Unterst\u00fctzung bekamen wir durch das Pfarrerehepaar Kohler aus Haselberg. Sie trugen die biblische Weihnachtsgeschichte in zwei Sprachen vor. Auch die Kinder aus der DRK-Kita \u201eFreundschaft\u201c aus Wriezen erfreuten mit ihrem Programm die Anwesenden. Die Fl\u00fcchtlingskinder lie\u00dfen nicht lange auf sich warten und schlossen sich den tanzenden Wichteln an.<\/p>\n<p>Besondere Aufregung herrschte im Saal als der Weihnachtsmann (Kamerad Winfried Rosenfeld) mit den Geschenken kam. Jedes Kind erhielt eine T\u00fcte mit S\u00fc\u00dfigkeiten, Obst, Bastellmaterialien u.a.. Weiterhin brachte der Weihnachtsmann f\u00fcr die Kinder ab 3 Jahre eine Warnweste um sicher den Kindergarten bzw. die Schule zu erreichen.<\/p>\n<p>Die Malhefte, die die Brandschutzerziehung f\u00f6rdern sollen, fanden guten Anklang.<\/p>\n<p>Auch die Jugendfeuerwehr aus Alttrebbin pr\u00e4sentierte sich in ihrer Schutzbekleidung und zeigte ihr K\u00f6nnen. Gemeinsam mit Fl\u00fcchtlingskindern rollten sie einen C-Schlauch aus und kuppelten Strahlrohre an.<\/p>\n<p>Am 25.11.2015 fand die allj\u00e4hrliche Weihnachtsfeier der Alterskameraden statt, auf der zu Spenden f\u00fcr diese Weihnachtsfeier in Bliesdorf aufgerufen wurde.<\/p>\n<p>Es war nicht das erste Mal, dass f\u00fcr Kinder in Not gespendet wurde. In den Vorjahren wurden jedoch polnische sozialschwache Kinder bedacht. Der Kinder- und Jugendring unseres Kreises unterst\u00fctzte dieses Vorhaben f\u00fcr Fl\u00fcchtlingskinder ebenfalls.<\/p>\n<p>Eine besondere \u00dcberraschung bereitete die anwesende Landtagsabgeordnete der SPD Jutta Lieske. Sie schenkte der Einrichtung ihren gebrauchten, privaten PKW. Die Leiterin der Einrichtung, Kerstin Grimm will diesen nutzen, um Besuche von Fl\u00fcchtlingen bei \u00c4mtern oder \u00c4rzten zu erm\u00f6glichen.<\/p>\n<p>Winfried und Renate Rosenfeld<\/p>\n\n\t\t<style type=\"text\/css\">\n\t\t\t#gallery-1 {\n\t\t\t\tmargin: auto;\n\t\t\t}\n\t\t\t#gallery-1 .gallery-item {\n\t\t\t\tfloat: left;\n\t\t\t\tmargin-top: 10px;\n\t\t\t\ttext-align: center;\n\t\t\t\twidth: 33%;\n\t\t\t}\n\t\t\t#gallery-1 img {\n\t\t\t\tborder: 2px solid #cfcfcf;\n\t\t\t}\n\t\t\t#gallery-1 .gallery-caption {\n\t\t\t\tmargin-left: 0;\n\t\t\t}\n\t\t\t\/* see gallery_shortcode() in wp-includes\/media.php *\/\n\t\t<\/style>\n\t\t<div id='gallery-1' class='gallery galleryid-1646 gallery-columns-3 gallery-size-thumbnail'><dl class='gallery-item'>\n\t\t\t<dt class='gallery-icon landscape'>\n\t\t\t\t<a href='https:\/\/kfv-mol.de\/Wordpress\/Artikel\/kinderweihnachtsfeier-in-der-fluechtlingsunterkunft-in-bliesdorf\/dsc05192\/'><img decoding=\"async\" width=\"150\" height=\"150\" data-src=\"https:\/\/kfv-mol.de\/Wordpress\/wp-content\/uploads\/2015\/12\/DSC05192-150x150.jpg\" class=\"attachment-thumbnail size-thumbnail lazyload\" alt=\"\" data-srcset=\"https:\/\/kfv-mol.de\/Wordpress\/wp-content\/uploads\/2015\/12\/DSC05192-150x150.jpg 150w, https:\/\/kfv-mol.de\/Wordpress\/wp-content\/uploads\/2015\/12\/DSC05192-96x96.jpg 96w, https:\/\/kfv-mol.de\/Wordpress\/wp-content\/uploads\/2015\/12\/DSC05192-24x24.jpg 24w, https:\/\/kfv-mol.de\/Wordpress\/wp-content\/uploads\/2015\/12\/DSC05192-36x36.jpg 36w, https:\/\/kfv-mol.de\/Wordpress\/wp-content\/uploads\/2015\/12\/DSC05192-48x48.jpg 48w, https:\/\/kfv-mol.de\/Wordpress\/wp-content\/uploads\/2015\/12\/DSC05192-64x64.jpg 64w\" data-sizes=\"(max-width: 150px) 100vw, 150px\" src=\"data:image\/svg+xml;base64,PHN2ZyB3aWR0aD0iMSIgaGVpZ2h0PSIxIiB4bWxucz0iaHR0cDovL3d3dy53My5vcmcvMjAwMC9zdmciPjwvc3ZnPg==\" style=\"--smush-placeholder-width: 150px; --smush-placeholder-aspect-ratio: 150\/150;\" \/><\/a>\n\t\t\t<\/dt><\/dl><dl class='gallery-item'>\n\t\t\t<dt class='gallery-icon landscape'>\n\t\t\t\t<a href='https:\/\/kfv-mol.de\/Wordpress\/Artikel\/kinderweihnachtsfeier-in-der-fluechtlingsunterkunft-in-bliesdorf\/dsc05198\/'><img decoding=\"async\" width=\"150\" height=\"150\" data-src=\"https:\/\/kfv-mol.de\/Wordpress\/wp-content\/uploads\/2015\/12\/DSC05198-150x150.jpg\" class=\"attachment-thumbnail size-thumbnail lazyload\" alt=\"\" data-srcset=\"https:\/\/kfv-mol.de\/Wordpress\/wp-content\/uploads\/2015\/12\/DSC05198-150x150.jpg 150w, https:\/\/kfv-mol.de\/Wordpress\/wp-content\/uploads\/2015\/12\/DSC05198-96x96.jpg 96w, https:\/\/kfv-mol.de\/Wordpress\/wp-content\/uploads\/2015\/12\/DSC05198-24x24.jpg 24w, https:\/\/kfv-mol.de\/Wordpress\/wp-content\/uploads\/2015\/12\/DSC05198-36x36.jpg 36w, https:\/\/kfv-mol.de\/Wordpress\/wp-content\/uploads\/2015\/12\/DSC05198-48x48.jpg 48w, https:\/\/kfv-mol.de\/Wordpress\/wp-content\/uploads\/2015\/12\/DSC05198-64x64.jpg 64w\" data-sizes=\"(max-width: 150px) 100vw, 150px\" src=\"data:image\/svg+xml;base64,PHN2ZyB3aWR0aD0iMSIgaGVpZ2h0PSIxIiB4bWxucz0iaHR0cDovL3d3dy53My5vcmcvMjAwMC9zdmciPjwvc3ZnPg==\" style=\"--smush-placeholder-width: 150px; --smush-placeholder-aspect-ratio: 150\/150;\" \/><\/a>\n\t\t\t<\/dt><\/dl><dl class='gallery-item'>\n\t\t\t<dt class='gallery-icon landscape'>\n\t\t\t\t<a href='https:\/\/kfv-mol.de\/Wordpress\/Artikel\/kinderweihnachtsfeier-in-der-fluechtlingsunterkunft-in-bliesdorf\/dsc05217\/'><img decoding=\"async\" width=\"150\" height=\"150\" data-src=\"https:\/\/kfv-mol.de\/Wordpress\/wp-content\/uploads\/2015\/12\/DSC05217-150x150.jpg\" class=\"attachment-thumbnail size-thumbnail lazyload\" alt=\"\" data-srcset=\"https:\/\/kfv-mol.de\/Wordpress\/wp-content\/uploads\/2015\/12\/DSC05217-150x150.jpg 150w, https:\/\/kfv-mol.de\/Wordpress\/wp-content\/uploads\/2015\/12\/DSC05217-96x96.jpg 96w, https:\/\/kfv-mol.de\/Wordpress\/wp-content\/uploads\/2015\/12\/DSC05217-24x24.jpg 24w, https:\/\/kfv-mol.de\/Wordpress\/wp-content\/uploads\/2015\/12\/DSC05217-36x36.jpg 36w, https:\/\/kfv-mol.de\/Wordpress\/wp-content\/uploads\/2015\/12\/DSC05217-48x48.jpg 48w, https:\/\/kfv-mol.de\/Wordpress\/wp-content\/uploads\/2015\/12\/DSC05217-64x64.jpg 64w\" data-sizes=\"(max-width: 150px) 100vw, 150px\" src=\"data:image\/svg+xml;base64,PHN2ZyB3aWR0aD0iMSIgaGVpZ2h0PSIxIiB4bWxucz0iaHR0cDovL3d3dy53My5vcmcvMjAwMC9zdmciPjwvc3ZnPg==\" style=\"--smush-placeholder-width: 150px; --smush-placeholder-aspect-ratio: 150\/150;\" \/><\/a>\n\t\t\t<\/dt><\/dl><br style=\"clear: both\" \/><dl class='gallery-item'>\n\t\t\t<dt class='gallery-icon landscape'>\n\t\t\t\t<a href='https:\/\/kfv-mol.de\/Wordpress\/Artikel\/kinderweihnachtsfeier-in-der-fluechtlingsunterkunft-in-bliesdorf\/dsc05222\/'><img decoding=\"async\" width=\"150\" height=\"150\" data-src=\"https:\/\/kfv-mol.de\/Wordpress\/wp-content\/uploads\/2015\/12\/DSC05222-150x150.jpg\" class=\"attachment-thumbnail size-thumbnail lazyload\" alt=\"\" data-srcset=\"https:\/\/kfv-mol.de\/Wordpress\/wp-content\/uploads\/2015\/12\/DSC05222-150x150.jpg 150w, https:\/\/kfv-mol.de\/Wordpress\/wp-content\/uploads\/2015\/12\/DSC05222-96x96.jpg 96w, https:\/\/kfv-mol.de\/Wordpress\/wp-content\/uploads\/2015\/12\/DSC05222-24x24.jpg 24w, https:\/\/kfv-mol.de\/Wordpress\/wp-content\/uploads\/2015\/12\/DSC05222-36x36.jpg 36w, https:\/\/kfv-mol.de\/Wordpress\/wp-content\/uploads\/2015\/12\/DSC05222-48x48.jpg 48w, https:\/\/kfv-mol.de\/Wordpress\/wp-content\/uploads\/2015\/12\/DSC05222-64x64.jpg 64w\" data-sizes=\"(max-width: 150px) 100vw, 150px\" src=\"data:image\/svg+xml;base64,PHN2ZyB3aWR0aD0iMSIgaGVpZ2h0PSIxIiB4bWxucz0iaHR0cDovL3d3dy53My5vcmcvMjAwMC9zdmciPjwvc3ZnPg==\" style=\"--smush-placeholder-width: 150px; --smush-placeholder-aspect-ratio: 150\/150;\" \/><\/a>\n\t\t\t<\/dt><\/dl><dl class='gallery-item'>\n\t\t\t<dt class='gallery-icon landscape'>\n\t\t\t\t<a href='https:\/\/kfv-mol.de\/Wordpress\/Artikel\/kinderweihnachtsfeier-in-der-fluechtlingsunterkunft-in-bliesdorf\/dsc05230\/'><img decoding=\"async\" width=\"150\" height=\"150\" data-src=\"https:\/\/kfv-mol.de\/Wordpress\/wp-content\/uploads\/2015\/12\/DSC05230-150x150.jpg\" class=\"attachment-thumbnail size-thumbnail lazyload\" alt=\"\" data-srcset=\"https:\/\/kfv-mol.de\/Wordpress\/wp-content\/uploads\/2015\/12\/DSC05230-150x150.jpg 150w, https:\/\/kfv-mol.de\/Wordpress\/wp-content\/uploads\/2015\/12\/DSC05230-96x96.jpg 96w, https:\/\/kfv-mol.de\/Wordpress\/wp-content\/uploads\/2015\/12\/DSC05230-24x24.jpg 24w, https:\/\/kfv-mol.de\/Wordpress\/wp-content\/uploads\/2015\/12\/DSC05230-36x36.jpg 36w, https:\/\/kfv-mol.de\/Wordpress\/wp-content\/uploads\/2015\/12\/DSC05230-48x48.jpg 48w, https:\/\/kfv-mol.de\/Wordpress\/wp-content\/uploads\/2015\/12\/DSC05230-64x64.jpg 64w\" data-sizes=\"(max-width: 150px) 100vw, 150px\" src=\"data:image\/svg+xml;base64,PHN2ZyB3aWR0aD0iMSIgaGVpZ2h0PSIxIiB4bWxucz0iaHR0cDovL3d3dy53My5vcmcvMjAwMC9zdmciPjwvc3ZnPg==\" style=\"--smush-placeholder-width: 150px; --smush-placeholder-aspect-ratio: 150\/150;\" \/><\/a>\n\t\t\t<\/dt><\/dl><dl class='gallery-item'>\n\t\t\t<dt class='gallery-icon landscape'>\n\t\t\t\t<a href='https:\/\/kfv-mol.de\/Wordpress\/Artikel\/kinderweihnachtsfeier-in-der-fluechtlingsunterkunft-in-bliesdorf\/dsc05233\/'><img decoding=\"async\" width=\"150\" height=\"150\" data-src=\"https:\/\/kfv-mol.de\/Wordpress\/wp-content\/uploads\/2015\/12\/DSC05233-150x150.jpg\" class=\"attachment-thumbnail size-thumbnail lazyload\" alt=\"\" data-srcset=\"https:\/\/kfv-mol.de\/Wordpress\/wp-content\/uploads\/2015\/12\/DSC05233-150x150.jpg 150w, https:\/\/kfv-mol.de\/Wordpress\/wp-content\/uploads\/2015\/12\/DSC05233-96x96.jpg 96w, https:\/\/kfv-mol.de\/Wordpress\/wp-content\/uploads\/2015\/12\/DSC05233-24x24.jpg 24w, https:\/\/kfv-mol.de\/Wordpress\/wp-content\/uploads\/2015\/12\/DSC05233-36x36.jpg 36w, https:\/\/kfv-mol.de\/Wordpress\/wp-content\/uploads\/2015\/12\/DSC05233-48x48.jpg 48w, https:\/\/kfv-mol.de\/Wordpress\/wp-content\/uploads\/2015\/12\/DSC05233-64x64.jpg 64w\" data-sizes=\"(max-width: 150px) 100vw, 150px\" src=\"data:image\/svg+xml;base64,PHN2ZyB3aWR0aD0iMSIgaGVpZ2h0PSIxIiB4bWxucz0iaHR0cDovL3d3dy53My5vcmcvMjAwMC9zdmciPjwvc3ZnPg==\" style=\"--smush-placeholder-width: 150px; --smush-placeholder-aspect-ratio: 150\/150;\" \/><\/a>\n\t\t\t<\/dt><\/dl><br style=\"clear: both\" \/><dl class='gallery-item'>\n\t\t\t<dt class='gallery-icon landscape'>\n\t\t\t\t<a href='https:\/\/kfv-mol.de\/Wordpress\/Artikel\/kinderweihnachtsfeier-in-der-fluechtlingsunterkunft-in-bliesdorf\/img_7672\/'><img decoding=\"async\" width=\"150\" height=\"150\" data-src=\"https:\/\/kfv-mol.de\/Wordpress\/wp-content\/uploads\/2015\/12\/IMG_7672-150x150.jpg\" class=\"attachment-thumbnail size-thumbnail lazyload\" alt=\"\" data-srcset=\"https:\/\/kfv-mol.de\/Wordpress\/wp-content\/uploads\/2015\/12\/IMG_7672-150x150.jpg 150w, https:\/\/kfv-mol.de\/Wordpress\/wp-content\/uploads\/2015\/12\/IMG_7672-96x96.jpg 96w, https:\/\/kfv-mol.de\/Wordpress\/wp-content\/uploads\/2015\/12\/IMG_7672-24x24.jpg 24w, https:\/\/kfv-mol.de\/Wordpress\/wp-content\/uploads\/2015\/12\/IMG_7672-36x36.jpg 36w, https:\/\/kfv-mol.de\/Wordpress\/wp-content\/uploads\/2015\/12\/IMG_7672-48x48.jpg 48w, https:\/\/kfv-mol.de\/Wordpress\/wp-content\/uploads\/2015\/12\/IMG_7672-64x64.jpg 64w\" data-sizes=\"(max-width: 150px) 100vw, 150px\" src=\"data:image\/svg+xml;base64,PHN2ZyB3aWR0aD0iMSIgaGVpZ2h0PSIxIiB4bWxucz0iaHR0cDovL3d3dy53My5vcmcvMjAwMC9zdmciPjwvc3ZnPg==\" style=\"--smush-placeholder-width: 150px; --smush-placeholder-aspect-ratio: 150\/150;\" \/><\/a>\n\t\t\t<\/dt><\/dl><dl class='gallery-item'>\n\t\t\t<dt class='gallery-icon landscape'>\n\t\t\t\t<a href='https:\/\/kfv-mol.de\/Wordpress\/Artikel\/kinderweihnachtsfeier-in-der-fluechtlingsunterkunft-in-bliesdorf\/img_7684\/'><img decoding=\"async\" width=\"150\" height=\"150\" data-src=\"https:\/\/kfv-mol.de\/Wordpress\/wp-content\/uploads\/2015\/12\/IMG_7684-150x150.jpg\" class=\"attachment-thumbnail size-thumbnail lazyload\" alt=\"\" data-srcset=\"https:\/\/kfv-mol.de\/Wordpress\/wp-content\/uploads\/2015\/12\/IMG_7684-150x150.jpg 150w, https:\/\/kfv-mol.de\/Wordpress\/wp-content\/uploads\/2015\/12\/IMG_7684-96x96.jpg 96w, https:\/\/kfv-mol.de\/Wordpress\/wp-content\/uploads\/2015\/12\/IMG_7684-24x24.jpg 24w, https:\/\/kfv-mol.de\/Wordpress\/wp-content\/uploads\/2015\/12\/IMG_7684-36x36.jpg 36w, https:\/\/kfv-mol.de\/Wordpress\/wp-content\/uploads\/2015\/12\/IMG_7684-48x48.jpg 48w, https:\/\/kfv-mol.de\/Wordpress\/wp-content\/uploads\/2015\/12\/IMG_7684-64x64.jpg 64w\" data-sizes=\"(max-width: 150px) 100vw, 150px\" src=\"data:image\/svg+xml;base64,PHN2ZyB3aWR0aD0iMSIgaGVpZ2h0PSIxIiB4bWxucz0iaHR0cDovL3d3dy53My5vcmcvMjAwMC9zdmciPjwvc3ZnPg==\" style=\"--smush-placeholder-width: 150px; --smush-placeholder-aspect-ratio: 150\/150;\" \/><\/a>\n\t\t\t<\/dt><\/dl>\n\t\t\t<br style='clear: both' \/>\n\t\t<\/div>\n\n","protected":false},"excerpt":{"rendered":"<p>Am 14.12.2015 organisierten die Kameraden der Alters- und Ehrenabteilung des \u201eAltkreises Bad Freienwalde\u201c f\u00fcr 70 Fl\u00fcchtlingskinder in Bliesdorf eine Weihnachtsfeier. Unter dem Motto \u201eWeihnachten in Deutschland\u201c bereiteten 9 Kameraden\/Kameradinnen und 5 Ehefrauen den Fl\u00fcchtlingskindern und ihren Eltern ein paar sch\u00f6ne Stunden. 15 Bleche leckerer selbstgebackener Kuchen und Pl\u00e4tzchen der Feuerwehrkameraden fanden gro\u00dfen Anklang. Unterst\u00fctzung bekamen [&hellip;]<\/p>\n","protected":false},"author":3,"featured_media":1647,"comment_status":"closed","ping_status":"closed","sticky":false,"template":"","format":"standard","meta":{"footnotes":""},"categories":[1],"tags":[],"class_list":["post-1646","post","type-post","status-publish","format-standard","has-post-thumbnail","hentry","category-sonstige"],"_links":{"self":[{"href":"https:\/\/kfv-mol.de\/Wordpress\/wp-json\/wp\/v2\/posts\/1646","targetHints":{"allow":["GET"]}}],"collection":[{"href":"https:\/\/kfv-mol.de\/Wordpress\/wp-json\/wp\/v2\/posts"}],"about":[{"href":"https:\/\/kfv-mol.de\/Wordpress\/wp-json\/wp\/v2\/types\/post"}],"author":[{"embeddable":true,"href":"https:\/\/kfv-mol.de\/Wordpress\/wp-json\/wp\/v2\/users\/3"}],"replies":[{"embeddable":true,"href":"https:\/\/kfv-mol.de\/Wordpress\/wp-json\/wp\/v2\/comments?post=1646"}],"version-history":[{"count":0,"href":"https:\/\/kfv-mol.de\/Wordpress\/wp-json\/wp\/v2\/posts\/1646\/revisions"}],"wp:featuredmedia":[{"embeddable":true,"href":"https:\/\/kfv-mol.de\/Wordpress\/wp-json\/wp\/v2\/media\/1647"}],"wp:attachment":[{"href":"https:\/\/kfv-mol.de\/Wordpress\/wp-json\/wp\/v2\/media?parent=1646"}],"wp:term":[{"taxonomy":"category","embeddable":true,"href":"https:\/\/kfv-mol.de\/Wordpress\/wp-json\/wp\/v2\/categories?post=1646"},{"taxonomy":"post_tag","embeddable":true,"href":"https:\/\/kfv-mol.de\/Wordpress\/wp-json\/wp\/v2\/tags?post=1646"}],"curies":[{"name":"wp","href":"https:\/\/api.w.org\/{rel}","templated":true}]}}