{"id":1623,"date":"2015-11-25T18:59:12","date_gmt":"2015-11-25T17:59:12","guid":{"rendered":"http:\/\/www.kfv-mol.de\/Wordpress\/?p=1623"},"modified":"2015-11-25T19:07:49","modified_gmt":"2015-11-25T18:07:49","slug":"feuerwehr-ehrenkreuz-fuer-verdiente-mitglieder-der-alters-u-ehrenabteilung","status":"publish","type":"post","link":"https:\/\/kfv-mol.de\/Wordpress\/Artikel\/feuerwehr-ehrenkreuz-fuer-verdiente-mitglieder-der-alters-u-ehrenabteilung\/","title":{"rendered":"Feuerwehr-Ehrenkreuz f\u00fcr verdiente Mitglieder der Alters- u. Ehrenabteilung"},"content":{"rendered":"<p>Zwei verdiente Mitglieder der Alters- und Ehrenabteilung des Kreisfeuerwehrverbandes M\u00e4rkisch-Oderland konnten k\u00fcrzlich mit dem Feuerwehr-Ehrenkreuz des Landesfeuerwehrverbandes Brandenburg e.V. ausgezeichnet werden.<\/p>\n<p>Kamerad Gerd-Uwe Klopsch erhielt diese Auszeichnung zur Delegiertenversammlung des LFV am 14.11.2015 in Potsdam aus den H\u00e4nden vom Pr\u00e4sidenten Werner Siegwart Schippel und dem Minister des Innern Karl-Heinz Schr\u00f6ter.<a href=\"https:\/\/kfv-mol.de\/Wordpress\/wp-content\/uploads\/2015\/11\/Klopsch.jpg\"><img decoding=\"async\" class=\"aligncenter size-medium wp-image-1624 lazyload\" data-src=\"https:\/\/kfv-mol.de\/Wordpress\/wp-content\/uploads\/2015\/11\/Klopsch-300x216.jpg\" alt=\"Klopsch\" width=\"300\" height=\"216\" data-srcset=\"https:\/\/kfv-mol.de\/Wordpress\/wp-content\/uploads\/2015\/11\/Klopsch-300x216.jpg 300w, https:\/\/kfv-mol.de\/Wordpress\/wp-content\/uploads\/2015\/11\/Klopsch.jpg 555w\" data-sizes=\"(max-width: 300px) 100vw, 300px\" src=\"data:image\/svg+xml;base64,PHN2ZyB3aWR0aD0iMSIgaGVpZ2h0PSIxIiB4bWxucz0iaHR0cDovL3d3dy53My5vcmcvMjAwMC9zdmciPjwvc3ZnPg==\" style=\"--smush-placeholder-width: 300px; --smush-placeholder-aspect-ratio: 300\/216;\" \/><\/a><\/p>\n<p>Damit wurde seine stete und langj\u00e4hrige Einsatz- und Hilfsbereitschaft in der FF Neuenhagen und im Kreisfeuerwehrverband, besonders in der Alters- und Ehrenabteilung gew\u00fcrdigt.<\/p>\n<p>Kameradin Renate Rosenfeld von der FF Frankenfelde wurde mit dieser Auszeichnung am 25.11.2015 w\u00e4hrend der Weihnachtsfeier der Alters- und Ehrenabteilung des Altkreises Bad Freienwalde in Schiffm\u00fchle vom KFV-Vorsitzenden Hans-Dieter Kandzia und seinem Stellvertreter J\u00fcrgen Feist \u00fcberrascht. Kameradin Rosenfeld organisiert seit Jahren zusammen mit ihrem Ehemann Winfried liebevoll alle Aktivit\u00e4ten dieser Alters- und Ehrenabteilung, nat\u00fcrlich auch diese Weihnachtsfeier mit vielen Geschenken, H\u00f6hepunkten und gutem Essen.<\/p>\n<p><a href=\"https:\/\/kfv-mol.de\/Wordpress\/wp-content\/uploads\/2015\/11\/IMG_2405.jpg\"><img decoding=\"async\" class=\"aligncenter size-medium wp-image-1625 lazyload\" data-src=\"https:\/\/kfv-mol.de\/Wordpress\/wp-content\/uploads\/2015\/11\/IMG_2405-300x225.jpg\" alt=\"IMG_2405\" width=\"300\" height=\"225\" data-srcset=\"https:\/\/kfv-mol.de\/Wordpress\/wp-content\/uploads\/2015\/11\/IMG_2405-300x225.jpg 300w, https:\/\/kfv-mol.de\/Wordpress\/wp-content\/uploads\/2015\/11\/IMG_2405-1024x768.jpg 1024w, https:\/\/kfv-mol.de\/Wordpress\/wp-content\/uploads\/2015\/11\/IMG_2405.jpg 1600w\" data-sizes=\"(max-width: 300px) 100vw, 300px\" src=\"data:image\/svg+xml;base64,PHN2ZyB3aWR0aD0iMSIgaGVpZ2h0PSIxIiB4bWxucz0iaHR0cDovL3d3dy53My5vcmcvMjAwMC9zdmciPjwvc3ZnPg==\" style=\"--smush-placeholder-width: 300px; --smush-placeholder-aspect-ratio: 300\/225;\" \/><\/a><\/p>\n<p>Daf\u00fcr herzlichen Gl\u00fcckwunsch und unseren lieben Dank. Wir rechnen weiter mit euch!<\/p>\n","protected":false},"excerpt":{"rendered":"<p>Zwei verdiente Mitglieder der Alters- und Ehrenabteilung des Kreisfeuerwehrverbandes M\u00e4rkisch-Oderland konnten k\u00fcrzlich mit dem Feuerwehr-Ehrenkreuz des Landesfeuerwehrverbandes Brandenburg e.V. ausgezeichnet werden. Kamerad Gerd-Uwe Klopsch erhielt diese Auszeichnung zur Delegiertenversammlung des LFV am 14.11.2015 in Potsdam aus den H\u00e4nden vom Pr\u00e4sidenten Werner Siegwart Schippel und dem Minister des Innern Karl-Heinz Schr\u00f6ter. Damit wurde seine stete und [&hellip;]<\/p>\n","protected":false},"author":3,"featured_media":1630,"comment_status":"closed","ping_status":"closed","sticky":false,"template":"","format":"standard","meta":{"footnotes":""},"categories":[1],"tags":[],"class_list":["post-1623","post","type-post","status-publish","format-standard","has-post-thumbnail","hentry","category-sonstige"],"_links":{"self":[{"href":"https:\/\/kfv-mol.de\/Wordpress\/wp-json\/wp\/v2\/posts\/1623","targetHints":{"allow":["GET"]}}],"collection":[{"href":"https:\/\/kfv-mol.de\/Wordpress\/wp-json\/wp\/v2\/posts"}],"about":[{"href":"https:\/\/kfv-mol.de\/Wordpress\/wp-json\/wp\/v2\/types\/post"}],"author":[{"embeddable":true,"href":"https:\/\/kfv-mol.de\/Wordpress\/wp-json\/wp\/v2\/users\/3"}],"replies":[{"embeddable":true,"href":"https:\/\/kfv-mol.de\/Wordpress\/wp-json\/wp\/v2\/comments?post=1623"}],"version-history":[{"count":0,"href":"https:\/\/kfv-mol.de\/Wordpress\/wp-json\/wp\/v2\/posts\/1623\/revisions"}],"wp:featuredmedia":[{"embeddable":true,"href":"https:\/\/kfv-mol.de\/Wordpress\/wp-json\/wp\/v2\/media\/1630"}],"wp:attachment":[{"href":"https:\/\/kfv-mol.de\/Wordpress\/wp-json\/wp\/v2\/media?parent=1623"}],"wp:term":[{"taxonomy":"category","embeddable":true,"href":"https:\/\/kfv-mol.de\/Wordpress\/wp-json\/wp\/v2\/categories?post=1623"},{"taxonomy":"post_tag","embeddable":true,"href":"https:\/\/kfv-mol.de\/Wordpress\/wp-json\/wp\/v2\/tags?post=1623"}],"curies":[{"name":"wp","href":"https:\/\/api.w.org\/{rel}","templated":true}]}}