{"id":1573,"date":"2015-09-20T13:19:38","date_gmt":"2015-09-20T12:19:38","guid":{"rendered":"http:\/\/www.kfv-mol.de\/Wordpress\/?p=1573"},"modified":"2015-09-20T13:19:38","modified_gmt":"2015-09-20T12:19:38","slug":"erfolgreiche-feuerwehrsportlerinnen","status":"publish","type":"post","link":"https:\/\/kfv-mol.de\/Wordpress\/Artikel\/erfolgreiche-feuerwehrsportlerinnen\/","title":{"rendered":"Erfolgreiche Feuerwehrsportlerinnen"},"content":{"rendered":"<p>Am 12.September 2015 feierte die Freiwillige Feuerwehr Neutrebbin das 112.Jahr ihres Bestehens<br \/>\nmit einem \u201e Tag der offenen T\u00fcr\u201c. Beim Er\u00f6ffnungsappell wurden mehrere Kameraden ausgezeichnet.<\/p>\n<p>Eine besondere Auszeichnung wurde durch den Kreisfeuerwehrverband vorgenommen. Kameradin P\u00fcschel vom Fachausschuss Frauen \u00fcberreichte die Ehrennadel des KFV in Silber an die Kameradinnen der Frauenmannschaft im Feuerwehrsport.<br \/>\nDie Mannschaft gr\u00fcndete sich im Jahr 2010. Alles begann mit Sportbegeisterung und durch die Freunde und M\u00e4nner, die bereits in der Feuerwehr waren. Sie wurden Mitglieder der Wehr mit allen Rechten und Pflichten wie die m\u00e4nnlichen Blaur\u00f6cke. (So schrieb die MOZ im Jahr2013).<\/p>\n<p>In kurzer Zeit haben sie viel erreicht, hier nur einige Siege.<br \/>\n3. Platz Gesamtwertung Brandenburg-Cup 2013<br \/>\n3. Platz in der Extra-Liga<br \/>\nPokal f\u00fcr Feuerwehrsportler 2014<br \/>\n4. Platz Landesmeisterschaft 2015 in Rhinow<br \/>\nDie Kameradinnen werben mit sportlichem Ehrgeiz und Gemeinschaftsgeist f\u00fcr die Mitarbeit in der Feuerwehr.<br \/>\nIch w\u00fcnsche mir noch mehr Beteiligung von Frauen im Feuerwehrdienst und im Feuerwehrsport.<\/p>\n<p>Gudrun P\u00fcschel<br \/>\nFachausschuss Frauen<\/p>\n","protected":false},"excerpt":{"rendered":"<p>Am 12.September 2015 feierte die Freiwillige Feuerwehr Neutrebbin das 112.Jahr ihres Bestehens mit einem \u201e Tag der offenen T\u00fcr\u201c. Beim Er\u00f6ffnungsappell wurden mehrere Kameraden ausgezeichnet. Eine besondere Auszeichnung wurde durch den Kreisfeuerwehrverband vorgenommen. Kameradin P\u00fcschel vom Fachausschuss Frauen \u00fcberreichte die Ehrennadel des KFV in Silber an die Kameradinnen der Frauenmannschaft im Feuerwehrsport. Die Mannschaft gr\u00fcndete [&hellip;]<\/p>\n","protected":false},"author":3,"featured_media":1574,"comment_status":"closed","ping_status":"closed","sticky":false,"template":"","format":"standard","meta":{"footnotes":""},"categories":[1],"tags":[],"class_list":["post-1573","post","type-post","status-publish","format-standard","has-post-thumbnail","hentry","category-sonstige"],"_links":{"self":[{"href":"https:\/\/kfv-mol.de\/Wordpress\/wp-json\/wp\/v2\/posts\/1573","targetHints":{"allow":["GET"]}}],"collection":[{"href":"https:\/\/kfv-mol.de\/Wordpress\/wp-json\/wp\/v2\/posts"}],"about":[{"href":"https:\/\/kfv-mol.de\/Wordpress\/wp-json\/wp\/v2\/types\/post"}],"author":[{"embeddable":true,"href":"https:\/\/kfv-mol.de\/Wordpress\/wp-json\/wp\/v2\/users\/3"}],"replies":[{"embeddable":true,"href":"https:\/\/kfv-mol.de\/Wordpress\/wp-json\/wp\/v2\/comments?post=1573"}],"version-history":[{"count":0,"href":"https:\/\/kfv-mol.de\/Wordpress\/wp-json\/wp\/v2\/posts\/1573\/revisions"}],"wp:featuredmedia":[{"embeddable":true,"href":"https:\/\/kfv-mol.de\/Wordpress\/wp-json\/wp\/v2\/media\/1574"}],"wp:attachment":[{"href":"https:\/\/kfv-mol.de\/Wordpress\/wp-json\/wp\/v2\/media?parent=1573"}],"wp:term":[{"taxonomy":"category","embeddable":true,"href":"https:\/\/kfv-mol.de\/Wordpress\/wp-json\/wp\/v2\/categories?post=1573"},{"taxonomy":"post_tag","embeddable":true,"href":"https:\/\/kfv-mol.de\/Wordpress\/wp-json\/wp\/v2\/tags?post=1573"}],"curies":[{"name":"wp","href":"https:\/\/api.w.org\/{rel}","templated":true}]}}