{"id":1562,"date":"2015-08-19T10:48:02","date_gmt":"2015-08-19T09:48:02","guid":{"rendered":"http:\/\/www.kfv-mol.de\/Wordpress\/?p=1562"},"modified":"2015-08-19T10:48:02","modified_gmt":"2015-08-19T09:48:02","slug":"160-jahre-freiwillige-feuerwehr-wriezen-und-10-kreisfeuerwehrtag","status":"publish","type":"post","link":"https:\/\/kfv-mol.de\/Wordpress\/Artikel\/160-jahre-freiwillige-feuerwehr-wriezen-und-10-kreisfeuerwehrtag\/","title":{"rendered":"160 Jahre Freiwillige Feuerwehr Wriezen und 10. Kreisfeuerwehrtag"},"content":{"rendered":"<p>1855 wurde nach besonders verheerenden Br\u00e4nden von dem damaligen B\u00fcrgermeister Albert Mahler in Wriezen eine nach milit\u00e4rischen Prinzipien organisierte Freiwillige Feuerwehr gegr\u00fcndet. Das war damals die erste Freiwillige Feuerwehr in Brandenburg.<\/p>\n<p>Vom 18.-20. September feiert deshalb die Stadt Wriezen das 160. Jubil\u00e4um dieser Gr\u00fcndung. Gleichzeitig findet der 10. Kreisfeuerwehrtag in M\u00e4rkisch-Oderland statt.<\/p>\n<p>Das Festprogramm ist dem beigef\u00fcgten Ablauf zu entnehmen.<\/p>\n<p><a href=\"https:\/\/kfv-mol.de\/Wordpress\/wp-content\/uploads\/2015\/08\/Programm.jpg\"><img decoding=\"async\" class=\"aligncenter size-large wp-image-1564 lazyload\" data-src=\"https:\/\/kfv-mol.de\/Wordpress\/wp-content\/uploads\/2015\/08\/Programm-591x1024.jpg\" alt=\"Programm\" width=\"591\" height=\"1024\" data-srcset=\"https:\/\/kfv-mol.de\/Wordpress\/wp-content\/uploads\/2015\/08\/Programm-591x1024.jpg 591w, https:\/\/kfv-mol.de\/Wordpress\/wp-content\/uploads\/2015\/08\/Programm-173x300.jpg 173w, https:\/\/kfv-mol.de\/Wordpress\/wp-content\/uploads\/2015\/08\/Programm.jpg 1149w\" data-sizes=\"(max-width: 591px) 100vw, 591px\" src=\"data:image\/svg+xml;base64,PHN2ZyB3aWR0aD0iMSIgaGVpZ2h0PSIxIiB4bWxucz0iaHR0cDovL3d3dy53My5vcmcvMjAwMC9zdmciPjwvc3ZnPg==\" style=\"--smush-placeholder-width: 591px; --smush-placeholder-aspect-ratio: 591\/1024;\" \/><\/a><\/p>\n","protected":false},"excerpt":{"rendered":"<p>1855 wurde nach besonders verheerenden Br\u00e4nden von dem damaligen B\u00fcrgermeister Albert Mahler in Wriezen eine nach milit\u00e4rischen Prinzipien organisierte Freiwillige Feuerwehr gegr\u00fcndet. Das war damals die erste Freiwillige Feuerwehr in Brandenburg. Vom 18.-20. September feiert deshalb die Stadt Wriezen das 160. Jubil\u00e4um dieser Gr\u00fcndung. Gleichzeitig findet der 10. Kreisfeuerwehrtag in M\u00e4rkisch-Oderland statt. Das Festprogramm ist [&hellip;]<\/p>\n","protected":false},"author":3,"featured_media":1565,"comment_status":"closed","ping_status":"closed","sticky":false,"template":"","format":"standard","meta":{"footnotes":""},"categories":[1],"tags":[],"class_list":["post-1562","post","type-post","status-publish","format-standard","has-post-thumbnail","hentry","category-sonstige"],"_links":{"self":[{"href":"https:\/\/kfv-mol.de\/Wordpress\/wp-json\/wp\/v2\/posts\/1562","targetHints":{"allow":["GET"]}}],"collection":[{"href":"https:\/\/kfv-mol.de\/Wordpress\/wp-json\/wp\/v2\/posts"}],"about":[{"href":"https:\/\/kfv-mol.de\/Wordpress\/wp-json\/wp\/v2\/types\/post"}],"author":[{"embeddable":true,"href":"https:\/\/kfv-mol.de\/Wordpress\/wp-json\/wp\/v2\/users\/3"}],"replies":[{"embeddable":true,"href":"https:\/\/kfv-mol.de\/Wordpress\/wp-json\/wp\/v2\/comments?post=1562"}],"version-history":[{"count":0,"href":"https:\/\/kfv-mol.de\/Wordpress\/wp-json\/wp\/v2\/posts\/1562\/revisions"}],"wp:featuredmedia":[{"embeddable":true,"href":"https:\/\/kfv-mol.de\/Wordpress\/wp-json\/wp\/v2\/media\/1565"}],"wp:attachment":[{"href":"https:\/\/kfv-mol.de\/Wordpress\/wp-json\/wp\/v2\/media?parent=1562"}],"wp:term":[{"taxonomy":"category","embeddable":true,"href":"https:\/\/kfv-mol.de\/Wordpress\/wp-json\/wp\/v2\/categories?post=1562"},{"taxonomy":"post_tag","embeddable":true,"href":"https:\/\/kfv-mol.de\/Wordpress\/wp-json\/wp\/v2\/tags?post=1562"}],"curies":[{"name":"wp","href":"https:\/\/api.w.org\/{rel}","templated":true}]}}