{"id":1541,"date":"2015-05-25T10:20:42","date_gmt":"2015-05-25T09:20:42","guid":{"rendered":"http:\/\/www.kfv-mol.de\/Wordpress\/?p=1541"},"modified":"2015-05-25T10:35:11","modified_gmt":"2015-05-25T09:35:11","slug":"25-mol-kreismeisterschaften-im-feuerwehrsport","status":"publish","type":"post","link":"https:\/\/kfv-mol.de\/Wordpress\/Artikel\/25-mol-kreismeisterschaften-im-feuerwehrsport\/","title":{"rendered":"25. MOL &#8211; Kreismeisterschaften im Feuerwehrsport"},"content":{"rendered":"<p>Am Pfingstsonnabend, dem 23.Mai 2015 trafen sich die besten Feuerwehrsportlerinnen und &#8211; sportler des Landkreises M\u00e4rkisch-Oderland zu ihrer 25. Kreismeisterschaft auf dem Sportplatz in Genschmar im Oderbruch.<\/p>\n<p>Der Vorsitzende des Kreisfeuerwehrverbandes MOL Hans-Dieter Kandzia er\u00f6ffnete die Wettk\u00e4mpfe und w\u00fcnschte allen Aktiven beste Erfolge. Die weitere organisatorische Durchf\u00fchrung \u00fcbernahm der Fachausschussleiter Wettbewerbe des KFV Andreas Zwick als Leiter der Wettk\u00e4mpfe.<\/p>\n<p>Bei sch\u00f6nstem Wettkampfwetter wurden folgende Kreismeister ermittelt:<\/p>\n<ul>\n<li>Hakenleitersteigen M\u00e4nner: Alexander Krenz ( 16,18 s )<\/li>\n<li>Hakenleitersteigen Frauen: Cindy Ahnert (8,96 s ), beide Wettk\u00e4mpfe fanden schon am Vortag in Buckow statt.<\/li>\n<li>100 m Hindernisbahn M\u00e4nner: Alexander Krenz (18,192 s )<\/li>\n<li>100 m Hindernisbahn Frauen: Cindy Ahnert (21,113 s )<\/li>\n<li>Gruppenstaffette: FF Buckow\/Trebnitz (01:32,93 s )<\/li>\n<li>4 x 100 m Staffel M\u00e4nner: FF Genschmar I ( 01:5,13 s )<\/li>\n<li>4 x 100 m Staffel Frauen: FF Buckow\/Trebnitz ( 01:18,92 s )<\/li>\n<li>L\u00f6schangriff M\u00e4nner: FF Genschmar ( 23,20 s )<\/li>\n<li>L\u00f6schangriff Frauen: FF Neutrebbin ( 28,01 s )<\/li>\n<\/ul>\n<p>Auf Grund der Setzung und der erreichten Platzierung k\u00f6nnen folgende Mannschaften bei den Landesmeisterschaften am 05.09.15 in Rhinow f\u00fcr den Landkreis MOL starten:<\/p>\n<ul>\n<li>FF Genschmar (M\u00e4nner): 4 x 100m-Staffel ( 2 x ), L\u00f6schangriff<\/li>\n<li>FF Libbenichen (M\u00e4nner): 4 x 100m-Staffel ( 2 x ) , L\u00f6schangriff<\/li>\n<li>FF Ihlow (M\u00e4nner): L\u00f6schangriff<\/li>\n<li>FF Gro\u00df Neuendorf (M\u00e4nner): L\u00f6schangriff<\/li>\n<li>FF Zinndorf (M\u00e4nner): L\u00f6schangriff<\/li>\n<li>FF Treplin (M\u00e4nner): L\u00f6schangriff<\/li>\n<li>FF Buckow\/Trebnitz (Frauen): 4 x 100m-Staffel, Gruppenstaffette, L\u00f6schangriff<\/li>\n<li>FF Bad Freienwalde (Frauen): 4 x 100m-Staffel, Gruppenstaffette, L\u00f6schangriff<\/li>\n<li>FF Zinndorf (Frauen): 4 x 100m-Staffel, Gruppenstaffette, L\u00f6schangriff<\/li>\n<li>FF Neutrebbin (Frauen): L\u00f6schangriff<\/li>\n<\/ul>\n<p>Die Siegerehrungen nahmen am Nachmittag der Landrat Herr Gernot Schmidt, der stellvertretende Kreisbrandmeister Klaus-Peter P\u00fcschel und der Vorsitzende des KFV Hans-Dieter Kandzia vor.<\/p>\n<p>Den Wanderpokal des Landrates f\u00fcr die beste M\u00e4nnermannschaft holte zum dritten Mal in Folge die FF Genschmar. Den Pokal des Vorsitzenden des KFV f\u00fcr die beste Frauenmannschaft sicherte sich zum 2. Mal die FF Buckow\/Trebnitz.<\/p>\n<p>Der KFV-Vorsitzende bedankte sich den Wettk\u00e4mpfern und Schiedsrichtern f\u00fcr die fairen und z\u00fcgig absolvierten Wettk\u00e4mpfe und bei den Kameradinnen und Kameraden der FF Genschmar und des Feuerwehrf\u00f6rdervereins Genschmar f\u00fcr die hervorragende Vorbereitung und Durchf\u00fchrung der Kreismeisterschaften.<\/p>\n<p><a href=\"https:\/\/kfv-mol.de\/Wordpress\/wp-content\/uploads\/2015\/05\/Kreismeisterschaft-Starterlisten-2015-und-Auswertung.pdf\">Kreismeisterschaft Starterlisten 2015 und Auswertung<\/a><\/p>\n\n\t\t<style type=\"text\/css\">\n\t\t\t#gallery-1 {\n\t\t\t\tmargin: auto;\n\t\t\t}\n\t\t\t#gallery-1 .gallery-item {\n\t\t\t\tfloat: left;\n\t\t\t\tmargin-top: 10px;\n\t\t\t\ttext-align: center;\n\t\t\t\twidth: 33%;\n\t\t\t}\n\t\t\t#gallery-1 img {\n\t\t\t\tborder: 2px solid #cfcfcf;\n\t\t\t}\n\t\t\t#gallery-1 .gallery-caption {\n\t\t\t\tmargin-left: 0;\n\t\t\t}\n\t\t\t\/* see gallery_shortcode() in wp-includes\/media.php *\/\n\t\t<\/style>\n\t\t<div id='gallery-1' class='gallery galleryid-1541 gallery-columns-3 gallery-size-medium'><dl class='gallery-item'>\n\t\t\t<dt class='gallery-icon landscape'>\n\t\t\t\t<a href='https:\/\/kfv-mol.de\/Wordpress\/Artikel\/25-mol-kreismeisterschaften-im-feuerwehrsport\/img_2168\/'><img decoding=\"async\" width=\"300\" height=\"225\" data-src=\"https:\/\/kfv-mol.de\/Wordpress\/wp-content\/uploads\/2015\/05\/IMG_2168-300x225.jpg\" class=\"attachment-medium size-medium lazyload\" alt=\"\" data-srcset=\"https:\/\/kfv-mol.de\/Wordpress\/wp-content\/uploads\/2015\/05\/IMG_2168-300x225.jpg 300w, https:\/\/kfv-mol.de\/Wordpress\/wp-content\/uploads\/2015\/05\/IMG_2168-1024x768.jpg 1024w, https:\/\/kfv-mol.de\/Wordpress\/wp-content\/uploads\/2015\/05\/IMG_2168.jpg 1600w\" data-sizes=\"(max-width: 300px) 100vw, 300px\" src=\"data:image\/svg+xml;base64,PHN2ZyB3aWR0aD0iMSIgaGVpZ2h0PSIxIiB4bWxucz0iaHR0cDovL3d3dy53My5vcmcvMjAwMC9zdmciPjwvc3ZnPg==\" style=\"--smush-placeholder-width: 300px; --smush-placeholder-aspect-ratio: 300\/225;\" \/><\/a>\n\t\t\t<\/dt><\/dl><dl class='gallery-item'>\n\t\t\t<dt class='gallery-icon landscape'>\n\t\t\t\t<a href='https:\/\/kfv-mol.de\/Wordpress\/Artikel\/25-mol-kreismeisterschaften-im-feuerwehrsport\/img_2169\/'><img decoding=\"async\" width=\"300\" height=\"225\" data-src=\"https:\/\/kfv-mol.de\/Wordpress\/wp-content\/uploads\/2015\/05\/IMG_2169-300x225.jpg\" class=\"attachment-medium size-medium lazyload\" alt=\"\" data-srcset=\"https:\/\/kfv-mol.de\/Wordpress\/wp-content\/uploads\/2015\/05\/IMG_2169-300x225.jpg 300w, https:\/\/kfv-mol.de\/Wordpress\/wp-content\/uploads\/2015\/05\/IMG_2169-1024x768.jpg 1024w, https:\/\/kfv-mol.de\/Wordpress\/wp-content\/uploads\/2015\/05\/IMG_2169.jpg 1600w\" data-sizes=\"(max-width: 300px) 100vw, 300px\" src=\"data:image\/svg+xml;base64,PHN2ZyB3aWR0aD0iMSIgaGVpZ2h0PSIxIiB4bWxucz0iaHR0cDovL3d3dy53My5vcmcvMjAwMC9zdmciPjwvc3ZnPg==\" style=\"--smush-placeholder-width: 300px; --smush-placeholder-aspect-ratio: 300\/225;\" \/><\/a>\n\t\t\t<\/dt><\/dl><dl class='gallery-item'>\n\t\t\t<dt class='gallery-icon landscape'>\n\t\t\t\t<a href='https:\/\/kfv-mol.de\/Wordpress\/Artikel\/25-mol-kreismeisterschaften-im-feuerwehrsport\/img_2172\/'><img decoding=\"async\" width=\"300\" height=\"225\" data-src=\"https:\/\/kfv-mol.de\/Wordpress\/wp-content\/uploads\/2015\/05\/IMG_2172-300x225.jpg\" class=\"attachment-medium size-medium lazyload\" alt=\"\" data-srcset=\"https:\/\/kfv-mol.de\/Wordpress\/wp-content\/uploads\/2015\/05\/IMG_2172-300x225.jpg 300w, https:\/\/kfv-mol.de\/Wordpress\/wp-content\/uploads\/2015\/05\/IMG_2172-1024x768.jpg 1024w, https:\/\/kfv-mol.de\/Wordpress\/wp-content\/uploads\/2015\/05\/IMG_2172.jpg 1600w\" data-sizes=\"(max-width: 300px) 100vw, 300px\" src=\"data:image\/svg+xml;base64,PHN2ZyB3aWR0aD0iMSIgaGVpZ2h0PSIxIiB4bWxucz0iaHR0cDovL3d3dy53My5vcmcvMjAwMC9zdmciPjwvc3ZnPg==\" style=\"--smush-placeholder-width: 300px; --smush-placeholder-aspect-ratio: 300\/225;\" \/><\/a>\n\t\t\t<\/dt><\/dl><br style=\"clear: both\" \/><dl class='gallery-item'>\n\t\t\t<dt class='gallery-icon landscape'>\n\t\t\t\t<a href='https:\/\/kfv-mol.de\/Wordpress\/Artikel\/25-mol-kreismeisterschaften-im-feuerwehrsport\/img_2175\/'><img decoding=\"async\" width=\"300\" height=\"225\" data-src=\"https:\/\/kfv-mol.de\/Wordpress\/wp-content\/uploads\/2015\/05\/IMG_2175-300x225.jpg\" class=\"attachment-medium size-medium lazyload\" alt=\"\" data-srcset=\"https:\/\/kfv-mol.de\/Wordpress\/wp-content\/uploads\/2015\/05\/IMG_2175-300x225.jpg 300w, https:\/\/kfv-mol.de\/Wordpress\/wp-content\/uploads\/2015\/05\/IMG_2175-1024x768.jpg 1024w, https:\/\/kfv-mol.de\/Wordpress\/wp-content\/uploads\/2015\/05\/IMG_2175.jpg 1600w\" data-sizes=\"(max-width: 300px) 100vw, 300px\" src=\"data:image\/svg+xml;base64,PHN2ZyB3aWR0aD0iMSIgaGVpZ2h0PSIxIiB4bWxucz0iaHR0cDovL3d3dy53My5vcmcvMjAwMC9zdmciPjwvc3ZnPg==\" style=\"--smush-placeholder-width: 300px; --smush-placeholder-aspect-ratio: 300\/225;\" \/><\/a>\n\t\t\t<\/dt><\/dl><dl class='gallery-item'>\n\t\t\t<dt class='gallery-icon landscape'>\n\t\t\t\t<a href='https:\/\/kfv-mol.de\/Wordpress\/Artikel\/25-mol-kreismeisterschaften-im-feuerwehrsport\/img_2176\/'><img decoding=\"async\" width=\"300\" height=\"225\" data-src=\"https:\/\/kfv-mol.de\/Wordpress\/wp-content\/uploads\/2015\/05\/IMG_2176-300x225.jpg\" class=\"attachment-medium size-medium lazyload\" alt=\"\" data-srcset=\"https:\/\/kfv-mol.de\/Wordpress\/wp-content\/uploads\/2015\/05\/IMG_2176-300x225.jpg 300w, https:\/\/kfv-mol.de\/Wordpress\/wp-content\/uploads\/2015\/05\/IMG_2176-1024x768.jpg 1024w, https:\/\/kfv-mol.de\/Wordpress\/wp-content\/uploads\/2015\/05\/IMG_2176.jpg 1600w\" data-sizes=\"(max-width: 300px) 100vw, 300px\" src=\"data:image\/svg+xml;base64,PHN2ZyB3aWR0aD0iMSIgaGVpZ2h0PSIxIiB4bWxucz0iaHR0cDovL3d3dy53My5vcmcvMjAwMC9zdmciPjwvc3ZnPg==\" style=\"--smush-placeholder-width: 300px; --smush-placeholder-aspect-ratio: 300\/225;\" \/><\/a>\n\t\t\t<\/dt><\/dl><dl class='gallery-item'>\n\t\t\t<dt class='gallery-icon landscape'>\n\t\t\t\t<a href='https:\/\/kfv-mol.de\/Wordpress\/Artikel\/25-mol-kreismeisterschaften-im-feuerwehrsport\/img_2178\/'><img decoding=\"async\" width=\"300\" height=\"225\" data-src=\"https:\/\/kfv-mol.de\/Wordpress\/wp-content\/uploads\/2015\/05\/IMG_2178-300x225.jpg\" class=\"attachment-medium size-medium lazyload\" alt=\"\" data-srcset=\"https:\/\/kfv-mol.de\/Wordpress\/wp-content\/uploads\/2015\/05\/IMG_2178-300x225.jpg 300w, https:\/\/kfv-mol.de\/Wordpress\/wp-content\/uploads\/2015\/05\/IMG_2178-1024x768.jpg 1024w, https:\/\/kfv-mol.de\/Wordpress\/wp-content\/uploads\/2015\/05\/IMG_2178.jpg 1600w\" data-sizes=\"(max-width: 300px) 100vw, 300px\" src=\"data:image\/svg+xml;base64,PHN2ZyB3aWR0aD0iMSIgaGVpZ2h0PSIxIiB4bWxucz0iaHR0cDovL3d3dy53My5vcmcvMjAwMC9zdmciPjwvc3ZnPg==\" style=\"--smush-placeholder-width: 300px; --smush-placeholder-aspect-ratio: 300\/225;\" \/><\/a>\n\t\t\t<\/dt><\/dl><br style=\"clear: both\" \/><dl class='gallery-item'>\n\t\t\t<dt class='gallery-icon landscape'>\n\t\t\t\t<a href='https:\/\/kfv-mol.de\/Wordpress\/Artikel\/25-mol-kreismeisterschaften-im-feuerwehrsport\/img_2188\/'><img decoding=\"async\" width=\"300\" height=\"225\" data-src=\"https:\/\/kfv-mol.de\/Wordpress\/wp-content\/uploads\/2015\/05\/IMG_2188-300x225.jpg\" class=\"attachment-medium size-medium lazyload\" alt=\"\" data-srcset=\"https:\/\/kfv-mol.de\/Wordpress\/wp-content\/uploads\/2015\/05\/IMG_2188-300x225.jpg 300w, https:\/\/kfv-mol.de\/Wordpress\/wp-content\/uploads\/2015\/05\/IMG_2188-1024x768.jpg 1024w, https:\/\/kfv-mol.de\/Wordpress\/wp-content\/uploads\/2015\/05\/IMG_2188.jpg 1600w\" data-sizes=\"(max-width: 300px) 100vw, 300px\" src=\"data:image\/svg+xml;base64,PHN2ZyB3aWR0aD0iMSIgaGVpZ2h0PSIxIiB4bWxucz0iaHR0cDovL3d3dy53My5vcmcvMjAwMC9zdmciPjwvc3ZnPg==\" style=\"--smush-placeholder-width: 300px; --smush-placeholder-aspect-ratio: 300\/225;\" \/><\/a>\n\t\t\t<\/dt><\/dl>\n\t\t\t<br style='clear: both' \/>\n\t\t<\/div>\n\n<p>&nbsp;<\/p>\n<p style=\"text-align: justify\">\n","protected":false},"excerpt":{"rendered":"<p>Am Pfingstsonnabend, dem 23.Mai 2015 trafen sich die besten Feuerwehrsportlerinnen und &#8211; sportler des Landkreises M\u00e4rkisch-Oderland zu ihrer 25. Kreismeisterschaft auf dem Sportplatz in Genschmar im Oderbruch. Der Vorsitzende des Kreisfeuerwehrverbandes MOL Hans-Dieter Kandzia er\u00f6ffnete die Wettk\u00e4mpfe und w\u00fcnschte allen Aktiven beste Erfolge. Die weitere organisatorische Durchf\u00fchrung \u00fcbernahm der Fachausschussleiter Wettbewerbe des KFV Andreas Zwick [&hellip;]<\/p>\n","protected":false},"author":3,"featured_media":1542,"comment_status":"closed","ping_status":"closed","sticky":false,"template":"","format":"standard","meta":{"footnotes":""},"categories":[1],"tags":[],"class_list":["post-1541","post","type-post","status-publish","format-standard","has-post-thumbnail","hentry","category-sonstige"],"_links":{"self":[{"href":"https:\/\/kfv-mol.de\/Wordpress\/wp-json\/wp\/v2\/posts\/1541","targetHints":{"allow":["GET"]}}],"collection":[{"href":"https:\/\/kfv-mol.de\/Wordpress\/wp-json\/wp\/v2\/posts"}],"about":[{"href":"https:\/\/kfv-mol.de\/Wordpress\/wp-json\/wp\/v2\/types\/post"}],"author":[{"embeddable":true,"href":"https:\/\/kfv-mol.de\/Wordpress\/wp-json\/wp\/v2\/users\/3"}],"replies":[{"embeddable":true,"href":"https:\/\/kfv-mol.de\/Wordpress\/wp-json\/wp\/v2\/comments?post=1541"}],"version-history":[{"count":0,"href":"https:\/\/kfv-mol.de\/Wordpress\/wp-json\/wp\/v2\/posts\/1541\/revisions"}],"wp:featuredmedia":[{"embeddable":true,"href":"https:\/\/kfv-mol.de\/Wordpress\/wp-json\/wp\/v2\/media\/1542"}],"wp:attachment":[{"href":"https:\/\/kfv-mol.de\/Wordpress\/wp-json\/wp\/v2\/media?parent=1541"}],"wp:term":[{"taxonomy":"category","embeddable":true,"href":"https:\/\/kfv-mol.de\/Wordpress\/wp-json\/wp\/v2\/categories?post=1541"},{"taxonomy":"post_tag","embeddable":true,"href":"https:\/\/kfv-mol.de\/Wordpress\/wp-json\/wp\/v2\/tags?post=1541"}],"curies":[{"name":"wp","href":"https:\/\/api.w.org\/{rel}","templated":true}]}}